{"id":8354,"date":"2020-12-28T10:00:38","date_gmt":"2020-12-28T13:00:38","guid":{"rendered":"https:\/\/revistaepocadigital.com.ar\/?p=8354"},"modified":"2020-12-28T10:00:38","modified_gmt":"2020-12-28T13:00:38","slug":"que-decir-de-mi-pueblo","status":"publish","type":"post","link":"https:\/\/revistaepocadigital.com.ar\/?p=8354","title":{"rendered":"&#8220;\u00bfQue decir de mi pueblo?&#8221;"},"content":{"rendered":"<div class=\"\" dir=\"auto\">\n<div id=\"jsc_c_b6\" class=\"ecm0bbzt hv4rvrfc ihqw7lf3 dati1w0a\" data-ad-comet-preview=\"message\" data-ad-preview=\"message\">\n<div>\n<p><strong>LAS VIVENCIAS EMOTIVAS DE LA VECINA Y CONCEJAL VER\u00d3NICA LUDWIG DREIR, A PROP\u00d3SITO DE LOS 118 A\u00d1OS DE CARDALES.<!--more--><\/strong><\/p>\n<div dir=\"auto\"><\/div>\n<div dir=\"auto\"><\/div>\n<\/div>\n<div dir=\"auto\">\u00bfQue decir de mi pueblo?. Qu\u00e9 me vio crecer. Que alberg\u00f3 a mi familia: Buby , Delia y Mart\u00edn en el a\u00f1o 1969. En el cu\u00e1l el se\u00f1or Carlos Donadeu y su se\u00f1ora Susy, fundadores de varios emprendimientos av\u00edcolas en la localidad y en la Provincia, convoc\u00f3 a mi padre a trabajar con \u00e9l. Eso me trae el recuerdo de la Planta de Incubaci\u00f3n frente a la Parroquia, donde tantos vecinos y principalmente mujeres (el primer lugar que convoc\u00f3 el trabajo de mujeres en Los Cardales para la producci\u00f3n). Trabajaron ah\u00ed Mabel Sireix, Marta Kocilukz , Luisa Humoff , Pich\u00f3n Larocca, Petrona Vazquez, Ariel Mileo, Esther Chirisola, \u00c1ngela Benitez , el se\u00f1or Dominguez, y muchos otros que no quiero olvidar.<\/div>\n<div dir=\"auto\"><\/div>\n<div dir=\"auto\">Cuantos recuerdos vienen a mi mente.<\/div>\n<div dir=\"auto\">Las t\u00edas Di Yorio, Juanita (la mejor cocinera y deportista), Rosita (era la telefonista del pueblo). Personas dulces y serviciales que est\u00e1n en mi coraz\u00f3n .<\/div>\n<div dir=\"auto\">La familia Cervo: Coca y Juan (especialista en relojes cronos), adonde Coca tra\u00eda los mejores vestidos para fiestas, y era el lugar indicado para salir bien vestido!!!<\/div>\n<div dir=\"auto\"><\/div>\n<div dir=\"auto\">La familia Mansur, los queridos Adolfo y Ram\u00f3n de origen sirio liban\u00e9s que nos abastec\u00edan con las mejores mercader\u00edas textiles y ramos generales. Y sus se\u00f1oras Elvecia Romanioli y Mar\u00eda Rosa.<\/div>\n<div dir=\"auto\"><\/div>\n<div dir=\"auto\">En frente Tita Fioretti que te dejaba agarrar galletitas de las latas, y siempre te regalaba un caramelo. El corral\u00f3n de Allegri de Ramos Generales, tambi\u00e9n con su enigm\u00e1tico s\u00f3tano al que \u00edbamos a elegir los mejores salames y quesos de campo. La peluquer\u00eda de Joyi Larroca (abuelo, padres e hijos siguieron la tradici\u00f3n). Mi querida Nuni Deantina (yo con 6 a\u00f1os le daba el papel con los mandados, y me preparaba el pedido para colgarlo en la bici), con su almac\u00e9n en la calle Buenos Aires y su hermana la mejor fot\u00f3grafa de todas.<\/div>\n<div dir=\"auto\"><\/div>\n<div dir=\"auto\">Cruzaba la v\u00eda los domingos y pasaba por el kiosco de Don Gustavo y me llevaba el &#8220;Anteojito&#8221;, luego estaba el &#8220;Nene&#8221; como le dec\u00edan a Dellagiovana, que ten\u00eda un almac\u00e9n en la calle Belgrano y ah\u00ed viene el recuerdo de Juanita Dellagiovana esposa de Cholo ( como te extra\u00f1o Juana ). Y si te olvidabas los \u00fatiles sal\u00edamos corriendo a lo de Roveda, donde Mena y su esposo te buscaban lo mejor.<\/div>\n<div dir=\"auto\"><\/div>\n<div dir=\"auto\">Para ir al &#8220;cole&#8221;, todas las ma\u00f1anas me llevaba Coco Couradet, que nos hac\u00eda escuchar radio Rivadavia y nos hablaba de la historia de nuestro pa\u00eds.\u00a0Mi se\u00f1orita del Jard\u00edn que me sigue diciendo mi mejor alumna, gracias Cristina Ponce. Y nuestros queridos amigos Elina Migliaro y el doctor Ivan Gambra (padre) quien nos llevaba a las reuniones del Club de Leones en Capilla.\u00a0La familia Almeida, especialmente a Emilia y Antonio, grandes trabajadores y comerciantes de nuestro pueblo que supieron trabajar la tierra, y lo siguen haciendo.<\/div>\n<div dir=\"auto\"><\/div>\n<div dir=\"auto\">Los quiero recordar a todos ellos, porque muchas veces nos olvidamos de los grandes hacedores de nuestro pueblo.<\/div>\n<div dir=\"auto\">VECINOS que forjaron este lugar, inmigrantes irlandeses, italianos, espa\u00f1oles, portugueses, alemanes, sirio libaneses.\u00a0A ellos mi gran homenaje en el aniversario de Los Cardales y hoy (27-12) d\u00eda de La Sagrada Familia.<\/div>\n<div dir=\"auto\">Peque\u00f1as y grandes historias de los hacedores que tambi\u00e9n forjaron nuestra historia en sus 118 a\u00f1os.<\/div>\n<div dir=\"auto\"><\/div>\n<div dir=\"auto\">Nota escrita en Facebook por Ver\u00f3nica Ludwig Dreier<\/div>\n<div dir=\"auto\">Concejal y &#8220;vecina aut\u00f3ctona de mi tierra&#8221;.<\/div>\n<\/div>\n<\/div>\n<div id=\"jsc_c_b7\" class=\"l9j0dhe7\">\n<div class=\"l9j0dhe7\">\n<div>\n<div class=\"l9j0dhe7\">\n<div class=\"do00u71z l9j0dhe7 k4urcfbm\">\n<div class=\"gs1a9yip ow4ym5g4 auili1gw j83agx80 cbu4d94t buofh1pr g5gj957u i1fnvgqd oygrvhab cxmmr5t8 hcukyx3x kvgmc6g5 tgvbjcpo hpfvmrgz qt6c0cv9 rz4wbd8a a8nywdso jb3vyjys du4w35lb i09qtzwb rq0escxv n7fi1qx3 pmk7jnqg j9ispegn kr520xx4\">\n<div class=\"j83agx80 buofh1pr datstx6m i1fnvgqd hv4rvrfc dati1w0a\">\n<div class=\"rq0escxv l9j0dhe7 du4w35lb j83agx80 cbu4d94t g5gj957u d2edcug0 d8ncny3e buofh1pr tgvbjcpo beltcj47 p86d2i9g aot14ch1 kzx2olss iw33g6gt rs4580re hytbnt81 ni8dbmo4 stjgntxs kvgmc6g5\">\n<div class=\"rq0escxv l9j0dhe7 du4w35lb j83agx80 cbu4d94t buofh1pr tgvbjcpo\"><\/div>\n<\/div>\n<\/div>\n<\/div>\n<\/div>\n<\/div>\n<\/div>\n<\/div>\n<\/div>\n<ul>\n<li><\/li>\n<\/ul>\n<div>\n<div class=\"q9uorilb bvz0fpym c1et5uql sf5mxxl7\">\n<div class=\"b3i9ofy5 e72ty7fz qlfml3jp inkptoze qmr60zad rq0escxv oo9gr5id q9uorilb kvgmc6g5 cxmmr5t8 oygrvhab hcukyx3x d2edcug0 jm1wdb64 l9j0dhe7 l3itjdph qv66sw1b\"><\/div>\n<\/div>\n<\/div>\n<div class=\"_680y\">\n<div class=\"_6cuy\">\n<div class=\"e72ty7fz qlfml3jp inkptoze qmr60zad q9uorilb tvmbv18p d2edcug0 ni8dbmo4 stjgntxs l9j0dhe7 sf5mxxl7\">\n<div class=\"k4urcfbm l9j0dhe7 datstx6m a8c37x1j du4w35lb\">\n<div class=\"datstx6m l9j0dhe7 k4urcfbm\">\n<div class=\"datstx6m l9j0dhe7 k4urcfbm\"><\/div>\n<\/div>\n<\/div>\n<\/div>\n<\/div>\n<\/div>\n","protected":false},"excerpt":{"rendered":"<p>LAS VIVENCIAS EMOTIVAS DE LA VECINA Y CONCEJAL VER\u00d3NICA LUDWIG DREIR, A PROP\u00d3SITO DE LOS 118 A\u00d1OS DE CARDALES.<\/p>\n","protected":false},"author":3,"featured_media":8361,"comment_status":"open","ping_status":"open","sticky":false,"template":"","format":"standard","meta":{"footnotes":"","jetpack_publicize_message":"","jetpack_publicize_feature_enabled":true,"jetpack_social_post_already_shared":false,"jetpack_social_options":{"image_generator_settings":{"template":"highway","default_image_id":0,"font":"","enabled":false},"version":2}},"categories":[4],"tags":[1133],"class_list":["post-8354","post","type-post","status-publish","format-standard","has-post-thumbnail","hentry","category-aqui-los-cardales","tag-testimonio"],"jetpack_publicize_connections":[],"jetpack_featured_media_url":"https:\/\/revistaepocadigital.com.ar\/wp-content\/uploads\/2020\/12\/cardales-arco-1.jpg","jetpack_likes_enabled":true,"_links":{"self":[{"href":"https:\/\/revistaepocadigital.com.ar\/index.php?rest_route=\/wp\/v2\/posts\/8354","targetHints":{"allow":["GET"]}}],"collection":[{"href":"https:\/\/revistaepocadigital.com.ar\/index.php?rest_route=\/wp\/v2\/posts"}],"about":[{"href":"https:\/\/revistaepocadigital.com.ar\/index.php?rest_route=\/wp\/v2\/types\/post"}],"author":[{"embeddable":true,"href":"https:\/\/revistaepocadigital.com.ar\/index.php?rest_route=\/wp\/v2\/users\/3"}],"replies":[{"embeddable":true,"href":"https:\/\/revistaepocadigital.com.ar\/index.php?rest_route=%2Fwp%2Fv2%2Fcomments&post=8354"}],"version-history":[{"count":0,"href":"https:\/\/revistaepocadigital.com.ar\/index.php?rest_route=\/wp\/v2\/posts\/8354\/revisions"}],"wp:featuredmedia":[{"embeddable":true,"href":"https:\/\/revistaepocadigital.com.ar\/index.php?rest_route=\/wp\/v2\/media\/8361"}],"wp:attachment":[{"href":"https:\/\/revistaepocadigital.com.ar\/index.php?rest_route=%2Fwp%2Fv2%2Fmedia&parent=8354"}],"wp:term":[{"taxonomy":"category","embeddable":true,"href":"https:\/\/revistaepocadigital.com.ar\/index.php?rest_route=%2Fwp%2Fv2%2Fcategories&post=8354"},{"taxonomy":"post_tag","embeddable":true,"href":"https:\/\/revistaepocadigital.com.ar\/index.php?rest_route=%2Fwp%2Fv2%2Ftags&post=8354"}],"curies":[{"name":"wp","href":"https:\/\/api.w.org\/{rel}","templated":true}]}}