{"id":8416,"date":"2020-12-30T23:19:00","date_gmt":"2020-12-31T02:19:00","guid":{"rendered":"https:\/\/revistaepocadigital.com.ar\/?p=8416"},"modified":"2020-12-30T23:19:25","modified_gmt":"2020-12-31T02:19:25","slug":"tarantini-habia-gente-que-apostaba-para-ver-con-cuanta-falopa-lo-encontraban-a-diego","status":"publish","type":"post","link":"https:\/\/revistaepocadigital.com.ar\/?p=8416","title":{"rendered":"Tarantini: &#8220;Hab\u00eda gente que apostaba para ver con cu\u00e1nta falopa lo encontraban a Diego&#8221;"},"content":{"rendered":"<header class=\"d-flex flex-column-reverse flex-md-column\">\n<div class=\"noticia-meta-header px-2\">\n<div class=\"pt-0 pt-m-2\">\n<div class=\"col-12 headgroup px-1 px-md-3\">\n<p class=\"headline mt-3 text-secondary\"><strong>EL &#8220;CONEJO&#8221;, EX COMPA\u00d1ERO DE DIEGO EN LA SELECCI\u00d3N. MIR\u00c1 LO QUE DIJO EN LA NOTA EN PERFIL.COM.<\/strong><!--more--><\/p>\n<p class=\"headline mt-3 text-secondary\">expres\u00f3 su dolor y apunt\u00f3 contra los profesionales encargados de la salud del \u00eddolo.<\/p>\n<\/div>\n<div class=\"social-topsharing\">\n<ul>\n<li>\n<h4><\/h4>\n<\/li>\n<\/ul>\n<\/div>\n<\/div>\n<\/div>\n<div>\n<div class=\"main-image mt-md-3 p-0\">\n<div class=\"col-12 p-0\">\n<figure class=\"figure btn-open-gallery\"><img decoding=\"async\" class=\"figure-img img-fluid lazyload initial loaded\" src=\"https:\/\/via.placeholder.com\/1140x641?text=442\" sizes=\"1200\" srcset=\"https:\/\/fotos.perfil.com\/2020\/12\/30\/trim\/270\/152\/tarantini-maradona-301220-1108039.jpg 270w,https:\/\/fotos.perfil.com\/2020\/12\/30\/trim\/540\/304\/tarantini-maradona-301220-1108039.jpg 540w,https:\/\/fotos.perfil.com\/2020\/12\/30\/trim\/720\/405\/tarantini-maradona-301220-1108039.jpg 720w,https:\/\/fotos.perfil.com\/2020\/12\/30\/trim\/720\/355\/tarantini-maradona-301220-1108039.jpg 720w,https:\/\/fotos.perfil.com\/2020\/12\/30\/trim\/960\/540\/tarantini-maradona-301220-1108039.jpg 960w,https:\/\/fotos.perfil.com\/2020\/12\/30\/trim\/1280\/720\/tarantini-maradona-301220-1108039.jpg 1140w,https:\/\/fotos.perfil.com\/2020\/12\/30\/trim\/1140\/540\/tarantini-maradona-301220-1108039.jpg 1140w,\" alt=\"Alberto Tarantini y su dolor por la muerte de Maradona. \/\/Captura video\" data-srcset=\"https:\/\/fotos.perfil.com\/2020\/12\/30\/trim\/270\/152\/tarantini-maradona-301220-1108039.jpg 270w,https:\/\/fotos.perfil.com\/2020\/12\/30\/trim\/540\/304\/tarantini-maradona-301220-1108039.jpg 540w,https:\/\/fotos.perfil.com\/2020\/12\/30\/trim\/720\/405\/tarantini-maradona-301220-1108039.jpg 720w,https:\/\/fotos.perfil.com\/2020\/12\/30\/trim\/720\/355\/tarantini-maradona-301220-1108039.jpg 720w,https:\/\/fotos.perfil.com\/2020\/12\/30\/trim\/960\/540\/tarantini-maradona-301220-1108039.jpg 960w,https:\/\/fotos.perfil.com\/2020\/12\/30\/trim\/1280\/720\/tarantini-maradona-301220-1108039.jpg 1140w,https:\/\/fotos.perfil.com\/2020\/12\/30\/trim\/1140\/540\/tarantini-maradona-301220-1108039.jpg 1140w,\" data-sizes=\"1200\" data-was-processed=\"true\" \/><figcaption class=\"figure-caption pb-1 pt-1 pl-2\">ALBERTO TARANTINI Y SU DOLOR POR LA MUERTE DE MARADONA. \/\/CAPTURA VIDEO<\/figcaption><\/figure>\n<\/div>\n<\/div>\n<\/div>\n<\/header>\n<p>&nbsp;<\/p>\n<article class=\"new-body mt-3\">\n<div id=\"news-body\" class=\"col-12 px-2\">\n<p>La muerte de\u00a0<a href=\"https:\/\/442.perfil.com\/noticias\/futbol\/se-conocieron-los-resultados-de-los-estudios-toxicologicos-realizados-al-cuerpo-de-maradona.phtml\" target=\"_blank\" rel=\"noopener\"><strong>Diego Maradona<\/strong><\/a>\u00a0le sigue doliendo a muchos argentinos que lo admiraban e idolatraban y mucho m\u00e1s a quienes lo conoc\u00edan en la intimidad y rescatan mucho m\u00e1s que su talento para ser el mejor futbolista del mundo como es el caso de\u00a0<a href=\"https:\/\/442.perfil.com\/noticias\/futbol\/tarantini-entre-el-dolor-y-la-indignacion-por-maradona-me-jode-ver-toda-la-porqueria-que-hay-alrededor-tratando-de-sacar-una-ventaja.phtml\" target=\"_blank\" rel=\"noopener\"><strong>Alberto Tarantini<\/strong><\/a>, ex compa\u00f1ero en la Selecci\u00f3n argentina y amigo del astro, quien todav\u00eda le busca explicaciones a las circunstancias de su fallecimiento.<\/p>\n<p>&#8220;Escuchar que Diego termina\u00a0<strong>solo\u00a0<\/strong>con un<strong>\u00a0ba\u00f1o qu\u00edmico<\/strong>\u00a0y con gente que estuvo alrededor y\u00a0<strong>no lo cuid\u00f3<\/strong>&#8230; Hab\u00eda gente que hac\u00eda\u00a0<strong>apuestas<\/strong>\u00a0para ver con cu\u00e1nta\u00a0<strong>falopa<\/strong>\u00a0lo encontraban a Diego en la sangre o cu\u00e1nto<strong>\u00a0alcohol<\/strong>\u00a0ten\u00eda en su cuerpo&#8221;, describi\u00f3 con dureza los comentarios que escuch\u00f3 en los d\u00edas previos a la autopsia en di\u00e1logo con\u00a0<em><strong>Intrusos<\/strong><\/em>.<\/p>\n<div class=\"w-100 text-center ads-container float-left\">\n<div id=\"eplAdDiv468x60x1\" class=\"ads-space text-center ads-middle-body d-none d-md-block d-xl-none\" data-id=\"468x60x1\" data-w=\"468\" data-h=\"60\" data-loaded=\"true\" data-reload=\"false\">El ex jugador de <strong>River<\/strong>\u00a0y\u00a0<strong>Boca<\/strong>\u00a0tambi\u00e9n sufri\u00f3 problemas card\u00edacos y no logra entender las condiciones en las que muri\u00f3 Maradona siendo un paciente de riesgo: &#8220;Yo tuve un edema de pulm\u00f3n y un infarto y sufr\u00ed durante 15 o 20 minutos porque tuve la suerte de tener a mi mujer al lado m\u00edo que llam\u00f3 al m\u00e9dico, me llevaron al sanatorio y me operaron enseguida.\u00a0Vos no sab\u00e9s lo que es sentir que no te entra el aire. Y\u00a0<strong>escuchar que estuvo seis, siete u ocho horas sufriendo de esa manera no lo puedo entender.\u00a0<\/strong>Hab\u00eda un m\u00e9dico, sab\u00edan que era un paciente que ten\u00eda problemas cardiol\u00f3gicos y que no estaba medicado para ese problema&#8221;, apunt\u00f3 contra los profesionales que se encargaban de la salud de Diego en el \u00faltimo tiempo.<\/div>\n<\/div>\n<p>Y agreg\u00f3 con tristeza: &#8220;Me jode y me duele que la gente que estuvo al pedo no haya hecho nada. De ah\u00ed mi bronca y mi fastidio y el dolor m\u00e1s grande que puede tener uno como amigo&#8221;.<\/p>\n<\/div>\n<p>&nbsp;<\/p>\n<\/article>\n","protected":false},"excerpt":{"rendered":"<p>EL &#8220;CONEJO&#8221;, EX COMPA\u00d1ERO DE DIEGO EN LA SELECCI\u00d3N. MIR\u00c1 LO QUE DIJO EN LA NOTA EN PERFIL.COM.<\/p>\n","protected":false},"author":3,"featured_media":8417,"comment_status":"open","ping_status":"open","sticky":false,"template":"","format":"standard","meta":{"footnotes":"","jetpack_publicize_message":"","jetpack_publicize_feature_enabled":true,"jetpack_social_post_already_shared":false,"jetpack_social_options":{"image_generator_settings":{"template":"highway","default_image_id":0,"font":"","enabled":false},"version":2}},"categories":[6],"tags":[1087,1140],"class_list":["post-8416","post","type-post","status-publish","format-standard","has-post-thumbnail","hentry","category-barrios","tag-maradona","tag-tarantini"],"jetpack_publicize_connections":[],"jetpack_featured_media_url":"https:\/\/revistaepocadigital.com.ar\/wp-content\/uploads\/2020\/12\/images.jpg","jetpack_likes_enabled":true,"_links":{"self":[{"href":"https:\/\/revistaepocadigital.com.ar\/index.php?rest_route=\/wp\/v2\/posts\/8416","targetHints":{"allow":["GET"]}}],"collection":[{"href":"https:\/\/revistaepocadigital.com.ar\/index.php?rest_route=\/wp\/v2\/posts"}],"about":[{"href":"https:\/\/revistaepocadigital.com.ar\/index.php?rest_route=\/wp\/v2\/types\/post"}],"author":[{"embeddable":true,"href":"https:\/\/revistaepocadigital.com.ar\/index.php?rest_route=\/wp\/v2\/users\/3"}],"replies":[{"embeddable":true,"href":"https:\/\/revistaepocadigital.com.ar\/index.php?rest_route=%2Fwp%2Fv2%2Fcomments&post=8416"}],"version-history":[{"count":0,"href":"https:\/\/revistaepocadigital.com.ar\/index.php?rest_route=\/wp\/v2\/posts\/8416\/revisions"}],"wp:featuredmedia":[{"embeddable":true,"href":"https:\/\/revistaepocadigital.com.ar\/index.php?rest_route=\/wp\/v2\/media\/8417"}],"wp:attachment":[{"href":"https:\/\/revistaepocadigital.com.ar\/index.php?rest_route=%2Fwp%2Fv2%2Fmedia&parent=8416"}],"wp:term":[{"taxonomy":"category","embeddable":true,"href":"https:\/\/revistaepocadigital.com.ar\/index.php?rest_route=%2Fwp%2Fv2%2Fcategories&post=8416"},{"taxonomy":"post_tag","embeddable":true,"href":"https:\/\/revistaepocadigital.com.ar\/index.php?rest_route=%2Fwp%2Fv2%2Ftags&post=8416"}],"curies":[{"name":"wp","href":"https:\/\/api.w.org\/{rel}","templated":true}]}}