{"id":8420,"date":"2020-12-30T23:55:47","date_gmt":"2020-12-31T02:55:47","guid":{"rendered":"https:\/\/revistaepocadigital.com.ar\/?p=8420"},"modified":"2020-12-30T23:57:05","modified_gmt":"2020-12-31T02:57:05","slug":"existe-un-rebrote-de-coronavirus-y-nos-asusta-un-poco-dice-hector-nanni-referente-de-salud-en-el-distrito","status":"publish","type":"post","link":"https:\/\/revistaepocadigital.com.ar\/?p=8420","title":{"rendered":"Existe un rebrote de coronavirus &#8220;y nos asusta un poco&#8221;, dice Hector Nanni, referente de salud en el distrito"},"content":{"rendered":"<div class=\"\" dir=\"auto\">\n<div id=\"jsc_c_fo\" class=\"ecm0bbzt hv4rvrfc ihqw7lf3 dati1w0a\" data-ad-comet-preview=\"message\" data-ad-preview=\"message\">\n<div class=\"j83agx80 cbu4d94t ew0dbk1b irj2b8pg\">\n<div class=\"qzhwtbm6 knvmm38d\">\n<div class=\"kvgmc6g5 cxmmr5t8 oygrvhab hcukyx3x c1et5uql ii04i59q\">\n<div dir=\"auto\"><strong>UNA SE\u00d1AL PARA TENER MUY EN CUENTA.<!--more--><\/strong><\/div>\n<div dir=\"auto\"><\/div>\n<div dir=\"auto\">El Dr. H\u00e9ctor Nanni, al frente del \u00e1rea de Salud del municipio de Exaltaci\u00f3n de la Cruz, alert\u00f3 en declaraciones al peri\u00f3dico El Lugare\u00f1o, acerca de lo que ha venido observando en relaci\u00f3n a la pandemia en nuestro distrito.<\/div>\n<div dir=\"auto\"><\/div>\n<div dir=\"auto\">Detall\u00f3 Nanni que en la actualidad el Hospital San Jos\u00e9, en el sector Covid, cuenta con ocho vecinos internados por coronavirus. Una panorama que en contrasta con lo observado desde hace unos d\u00edas, con una sustancial baja de casos diarios que, sin embargo, han mostrado un repunte en las \u00faltimas semanas.<\/div>\n<div dir=\"auto\"><\/div>\n<\/div>\n<div class=\"o9v6fnle cxmmr5t8 oygrvhab hcukyx3x c1et5uql ii04i59q\">\n<div dir=\"auto\">Durante los \u00faltimos d\u00edas del a\u00f1o, el gobierno ha logrado cumplir con su objetivo de comenzar a vacunar contra el coronavirus luego de la llegada al pa\u00eds de las primeras 300 mil dosis de la vacuna Sputnik V, que comenz\u00f3 a aplicarse en distintos puntos de la Argentina, no excepto de controversias como es sabido.<\/div>\n<div dir=\"auto\"><\/div>\n<\/div>\n<div class=\"o9v6fnle cxmmr5t8 oygrvhab hcukyx3x c1et5uql ii04i59q\">\n<div dir=\"auto\">Sin embargo, el hecho que hayan comenzado a arribar vacunas a la Argentina, trae esperanzas de cara al comienzo del fin de la pandemia que tanto ha complicado y que ha ocasionado tan graves consecuencias, fundamentalmente, en vidas humanas. Lo concreto es que el comienzo de la vacunaci\u00f3n, se da en un marco que no era el deseado, como pod\u00eda notarse en la ciudad de Buenos Aires, provincia de Buenos Aires y otros estados provinciales y claro, Exaltaci\u00f3n de la Cruz no es la excepci\u00f3n.<\/div>\n<\/div>\n<div class=\"o9v6fnle cxmmr5t8 oygrvhab hcukyx3x c1et5uql ii04i59q\">\n<div dir=\"auto\"><\/div>\n<div dir=\"auto\">El intendente Diego Nanni hab\u00eda manifestado semanas atr\u00e1s al mismo medio, que aunque no era motivo para preocuparse, el municipio se encontraba atento a dicha tendencia. M\u00e1s recientemente, durante la conmemoraci\u00f3n de los 118 a\u00f1os de Los Cardales, el jefe comunal destac\u00f3 que &#8220;nos encontramos transitando un momento dif\u00edcil, en el que volvemos a un rebrote sanitario que nos obliga a cuidarnos. As\u00ed lo saben nuestros representantes del sistema de salud que la vienen peleando\u201d.<\/div>\n<div dir=\"auto\"><\/div>\n<\/div>\n<div class=\"o9v6fnle cxmmr5t8 oygrvhab hcukyx3x c1et5uql ii04i59q\">\n<div dir=\"auto\">Las autoridades ya se hab\u00edan referido a una poblaci\u00f3n, que se ha mostrado \u201crelajada\u201d en cuanto a la pr\u00e1ctica de las diferentes medidas de prevenci\u00f3n para combatir al virus. A eso se le sum\u00f3 la temporada de vacaciones veraniegas que ha hecho que mucha gente de otros puntos, haya escogido a Exaltaci\u00f3n de la Cruz, para las fiestas e incluso el verano, not\u00e1ndose una mucha mayor presencia de personas y veh\u00edculos en distintos puntos exaltatruce\u00f1os.<\/div>\n<\/div>\n<\/div>\n<\/div>\n<\/div>\n<\/div>\n<p>&nbsp;<\/p>\n<div id=\"jsc_c_fp\" class=\"l9j0dhe7\">\n<div class=\"l9j0dhe7\">\n<div><\/div>\n<\/div>\n<\/div>\n","protected":false},"excerpt":{"rendered":"<p>UNA SE\u00d1AL PARA TENER MUY EN CUENTA.<\/p>\n","protected":false},"author":3,"featured_media":8422,"comment_status":"open","ping_status":"open","sticky":false,"template":"","format":"standard","meta":{"footnotes":"","jetpack_publicize_message":"","jetpack_publicize_feature_enabled":true,"jetpack_social_post_already_shared":false,"jetpack_social_options":{"image_generator_settings":{"template":"highway","default_image_id":0,"font":"","enabled":false},"version":2}},"categories":[13],"tags":[798,1141,569],"class_list":["post-8420","post","type-post","status-publish","format-standard","has-post-thumbnail","hentry","category-interes-general","tag-casos","tag-circulacion","tag-coronavirus"],"jetpack_publicize_connections":[],"jetpack_featured_media_url":"https:\/\/revistaepocadigital.com.ar\/wp-content\/uploads\/2020\/12\/nanni-hec-20.jpg","jetpack_likes_enabled":true,"_links":{"self":[{"href":"https:\/\/revistaepocadigital.com.ar\/index.php?rest_route=\/wp\/v2\/posts\/8420","targetHints":{"allow":["GET"]}}],"collection":[{"href":"https:\/\/revistaepocadigital.com.ar\/index.php?rest_route=\/wp\/v2\/posts"}],"about":[{"href":"https:\/\/revistaepocadigital.com.ar\/index.php?rest_route=\/wp\/v2\/types\/post"}],"author":[{"embeddable":true,"href":"https:\/\/revistaepocadigital.com.ar\/index.php?rest_route=\/wp\/v2\/users\/3"}],"replies":[{"embeddable":true,"href":"https:\/\/revistaepocadigital.com.ar\/index.php?rest_route=%2Fwp%2Fv2%2Fcomments&post=8420"}],"version-history":[{"count":0,"href":"https:\/\/revistaepocadigital.com.ar\/index.php?rest_route=\/wp\/v2\/posts\/8420\/revisions"}],"wp:featuredmedia":[{"embeddable":true,"href":"https:\/\/revistaepocadigital.com.ar\/index.php?rest_route=\/wp\/v2\/media\/8422"}],"wp:attachment":[{"href":"https:\/\/revistaepocadigital.com.ar\/index.php?rest_route=%2Fwp%2Fv2%2Fmedia&parent=8420"}],"wp:term":[{"taxonomy":"category","embeddable":true,"href":"https:\/\/revistaepocadigital.com.ar\/index.php?rest_route=%2Fwp%2Fv2%2Fcategories&post=8420"},{"taxonomy":"post_tag","embeddable":true,"href":"https:\/\/revistaepocadigital.com.ar\/index.php?rest_route=%2Fwp%2Fv2%2Ftags&post=8420"}],"curies":[{"name":"wp","href":"https:\/\/api.w.org\/{rel}","templated":true}]}}