{"id":8433,"date":"2020-12-31T00:50:24","date_gmt":"2020-12-31T03:50:24","guid":{"rendered":"https:\/\/revistaepocadigital.com.ar\/?p=8433"},"modified":"2020-12-31T16:12:37","modified_gmt":"2020-12-31T19:12:37","slug":"empieza-la-vacunacion-en-exaltacion-de-la-cruz-el-intendente-en-la-lista","status":"publish","type":"post","link":"https:\/\/revistaepocadigital.com.ar\/?p=8433","title":{"rendered":"Empieza la vacunaci\u00f3n en Exaltaci\u00f3n de la Cruz, el intendente en la lista"},"content":{"rendered":"<p><strong>EL \u00daLTIMO D\u00cdA DEL A\u00d1O.<\/strong><!--more--><\/p>\n<p>Tenia un significado especial para el distrito. En el sector Covid del Hospital San Jos\u00e9, se aplican las primeras vacunas contra el coronavirus. Hab\u00eda trascendido que el intendente Diego Nanni, un m\u00e9dico terapista, una enfermera, se encontraban entre los que recib\u00edan la vacuna. Dentro de unos d\u00edas, iban a llegar al distrito m\u00e1s vacunas para continuar con la vacunaci\u00f3n.<\/p>\n<p>&nbsp;<\/p>\n","protected":false},"excerpt":{"rendered":"<p>EL \u00daLTIMO D\u00cdA DEL A\u00d1O.<\/p>\n","protected":false},"author":3,"featured_media":8434,"comment_status":"open","ping_status":"open","sticky":false,"template":"","format":"standard","meta":{"footnotes":"","jetpack_publicize_message":"","jetpack_publicize_feature_enabled":true,"jetpack_social_post_already_shared":false,"jetpack_social_options":{"image_generator_settings":{"template":"highway","default_image_id":0,"font":"","enabled":false},"version":2}},"categories":[3],"tags":[1146,1145],"class_list":["post-8433","post","type-post","status-publish","format-standard","has-post-thumbnail","hentry","category-aqui-lo-que-buscas","tag-otros","tag-vacunacion-20-y-21"],"jetpack_publicize_connections":[],"jetpack_featured_media_url":"https:\/\/revistaepocadigital.com.ar\/wp-content\/uploads\/2020\/12\/PHOTO-2020-12-30-16-02-19.jpg","jetpack_likes_enabled":true,"_links":{"self":[{"href":"https:\/\/revistaepocadigital.com.ar\/index.php?rest_route=\/wp\/v2\/posts\/8433","targetHints":{"allow":["GET"]}}],"collection":[{"href":"https:\/\/revistaepocadigital.com.ar\/index.php?rest_route=\/wp\/v2\/posts"}],"about":[{"href":"https:\/\/revistaepocadigital.com.ar\/index.php?rest_route=\/wp\/v2\/types\/post"}],"author":[{"embeddable":true,"href":"https:\/\/revistaepocadigital.com.ar\/index.php?rest_route=\/wp\/v2\/users\/3"}],"replies":[{"embeddable":true,"href":"https:\/\/revistaepocadigital.com.ar\/index.php?rest_route=%2Fwp%2Fv2%2Fcomments&post=8433"}],"version-history":[{"count":0,"href":"https:\/\/revistaepocadigital.com.ar\/index.php?rest_route=\/wp\/v2\/posts\/8433\/revisions"}],"wp:featuredmedia":[{"embeddable":true,"href":"https:\/\/revistaepocadigital.com.ar\/index.php?rest_route=\/wp\/v2\/media\/8434"}],"wp:attachment":[{"href":"https:\/\/revistaepocadigital.com.ar\/index.php?rest_route=%2Fwp%2Fv2%2Fmedia&parent=8433"}],"wp:term":[{"taxonomy":"category","embeddable":true,"href":"https:\/\/revistaepocadigital.com.ar\/index.php?rest_route=%2Fwp%2Fv2%2Fcategories&post=8433"},{"taxonomy":"post_tag","embeddable":true,"href":"https:\/\/revistaepocadigital.com.ar\/index.php?rest_route=%2Fwp%2Fv2%2Ftags&post=8433"}],"curies":[{"name":"wp","href":"https:\/\/api.w.org\/{rel}","templated":true}]}}