{"id":8436,"date":"2020-12-31T16:03:20","date_gmt":"2020-12-31T19:03:20","guid":{"rendered":"https:\/\/revistaepocadigital.com.ar\/?p=8436"},"modified":"2020-12-31T16:07:43","modified_gmt":"2020-12-31T19:07:43","slug":"el-intendente-y-personal-de-salud-vacunados-contra-el-coronavirus-como-es-el-plan-nacional","status":"publish","type":"post","link":"https:\/\/revistaepocadigital.com.ar\/?p=8436","title":{"rendered":"El intendente y personal de salud, vacunados contra el coronavirus. \u00bfC\u00f3mo es el plan nacional?"},"content":{"rendered":"<div class=\"\" dir=\"auto\">\n<div id=\"jsc_c_ru\" class=\"ecm0bbzt hv4rvrfc ihqw7lf3 dati1w0a\" data-ad-comet-preview=\"message\" data-ad-preview=\"message\">\n<div class=\"j83agx80 cbu4d94t ew0dbk1b irj2b8pg\">\n<div class=\"qzhwtbm6 knvmm38d\">\n<div class=\"kvgmc6g5 cxmmr5t8 oygrvhab hcukyx3x c1et5uql ii04i59q\">\n<div dir=\"auto\">\n<p><strong><strong>EL PASO INICIAL, EL \u00daLTIMO DIA DE 2020.<!--more--><\/strong><\/strong><\/p>\n<div class=\"\" dir=\"auto\">\n<div id=\"jsc_c_ru\" class=\"ecm0bbzt hv4rvrfc ihqw7lf3 dati1w0a\" data-ad-comet-preview=\"message\" data-ad-preview=\"message\">\n<div class=\"j83agx80 cbu4d94t ew0dbk1b irj2b8pg\">\n<div class=\"qzhwtbm6 knvmm38d\">\n<div class=\"kvgmc6g5 cxmmr5t8 oygrvhab hcukyx3x c1et5uql ii04i59q\"><\/div>\n<\/div>\n<\/div>\n<\/div>\n<\/div>\n<div id=\"jsc_c_rv\" class=\"l9j0dhe7\">\n<div class=\"l9j0dhe7\">\n<div>\n<div>\n<div class=\"l9j0dhe7\">\n<div class=\"l9j0dhe7\">\n<div class=\"ni8dbmo4 stjgntxs pmk7jnqg\"><img loading=\"lazy\" decoding=\"async\" class=\"aligncenter size-large wp-image-8441\" src=\"https:\/\/revistaepocadigital.com.ar\/wp-content\/uploads\/2020\/12\/personal-vacuna-1200x800.jpg\" alt=\"\" width=\"696\" height=\"464\" srcset=\"https:\/\/revistaepocadigital.com.ar\/wp-content\/uploads\/2020\/12\/personal-vacuna-1200x800.jpg 1200w, https:\/\/revistaepocadigital.com.ar\/wp-content\/uploads\/2020\/12\/personal-vacuna-300x200.jpg 300w, https:\/\/revistaepocadigital.com.ar\/wp-content\/uploads\/2020\/12\/personal-vacuna-768x512.jpg 768w, https:\/\/revistaepocadigital.com.ar\/wp-content\/uploads\/2020\/12\/personal-vacuna-696x464.jpg 696w, https:\/\/revistaepocadigital.com.ar\/wp-content\/uploads\/2020\/12\/personal-vacuna-1068x712.jpg 1068w, https:\/\/revistaepocadigital.com.ar\/wp-content\/uploads\/2020\/12\/personal-vacuna-630x420.jpg 630w, https:\/\/revistaepocadigital.com.ar\/wp-content\/uploads\/2020\/12\/personal-vacuna-1260x840.jpg 1260w, https:\/\/revistaepocadigital.com.ar\/wp-content\/uploads\/2020\/12\/personal-vacuna.jpg 1280w\" sizes=\"auto, (max-width: 696px) 100vw, 696px\" \/><\/div>\n<\/div>\n<\/div>\n<\/div>\n<\/div>\n<\/div>\n<\/div>\n<\/div>\n<div dir=\"auto\"><\/div>\n<\/div>\n<div class=\"o9v6fnle cxmmr5t8 oygrvhab hcukyx3x c1et5uql ii04i59q\">\n<div dir=\"auto\">El jueves 31 de diciembre comenz\u00f3 la campa\u00f1a local de vacunaci\u00f3n contra el Covid-19 en Exaltaci\u00f3n de la Cruz, y se extender\u00e1 por varios meses durante 2021.<\/div>\n<div dir=\"auto\"><\/div>\n<\/div>\n<div class=\"o9v6fnle cxmmr5t8 oygrvhab hcukyx3x c1et5uql ii04i59q\">\n<div dir=\"auto\">La primera dosis la recibi\u00f3 el intendente Diego Nanni en el Hospital San Jos\u00e9, y minutos despu\u00e9s fue vacunada una m\u00e9dica de Terapia Intermedia, una auxiliar de limpieza de la Unidad de Terapia Intensiva y dos enfermeros, tambi\u00e9n de UTI.<\/div>\n<\/div>\n<\/div>\n<\/div>\n<\/div>\n<\/div>\n<div dir=\"auto\"><\/div>\n<div dir=\"auto\"><\/div>\n<div dir=\"auto\">\n<figure id=\"attachment_8442\" aria-describedby=\"caption-attachment-8442\" style=\"width: 696px\" class=\"wp-caption aligncenter\"><img loading=\"lazy\" decoding=\"async\" class=\"size-large wp-image-8442\" src=\"https:\/\/revistaepocadigital.com.ar\/wp-content\/uploads\/2020\/12\/nanni-x-2-20-1200x800.jpg\" alt=\"\" width=\"696\" height=\"464\" srcset=\"https:\/\/revistaepocadigital.com.ar\/wp-content\/uploads\/2020\/12\/nanni-x-2-20-1200x800.jpg 1200w, https:\/\/revistaepocadigital.com.ar\/wp-content\/uploads\/2020\/12\/nanni-x-2-20-300x200.jpg 300w, https:\/\/revistaepocadigital.com.ar\/wp-content\/uploads\/2020\/12\/nanni-x-2-20-768x512.jpg 768w, https:\/\/revistaepocadigital.com.ar\/wp-content\/uploads\/2020\/12\/nanni-x-2-20-696x464.jpg 696w, https:\/\/revistaepocadigital.com.ar\/wp-content\/uploads\/2020\/12\/nanni-x-2-20-1068x712.jpg 1068w, https:\/\/revistaepocadigital.com.ar\/wp-content\/uploads\/2020\/12\/nanni-x-2-20-630x420.jpg 630w, https:\/\/revistaepocadigital.com.ar\/wp-content\/uploads\/2020\/12\/nanni-x-2-20-1260x840.jpg 1260w, https:\/\/revistaepocadigital.com.ar\/wp-content\/uploads\/2020\/12\/nanni-x-2-20.jpg 1280w\" sizes=\"auto, (max-width: 696px) 100vw, 696px\" \/><figcaption id=\"caption-attachment-8442\" class=\"wp-caption-text\">Los Nanni, padre e hijo<span style=\"color: #222222;\"><span style=\"font-size: 15px;\">.<\/span><\/span><\/figcaption><\/figure>\n<\/div>\n<div dir=\"auto\"><span style=\"color: #222222; font-size: 15px;\">D\u00e9bora Lencina, Jesica Acu\u00f1a, Fiorella Scaffati, Katja Vargas y el intendente Nanni, han sido los primeros vacunados en Exaltaci\u00f3n de la Cruz.<\/span><\/div>\n<p>&nbsp;<\/p>\n<p>Se trata de la aplicaci\u00f3n de las primeras unidades, de un total estimado de 9418 vacunas, que se aplicar\u00e1n entre personal sanitario, personal de seguridad, mayores de 60 a\u00f1os, docentes y auxiliares, y quienes tienen entre 18 y 59 a\u00f1os y sufren alguna enfermedad preexistente.<\/p>\n<div class=\"\" dir=\"auto\">\n<div id=\"jsc_c_ru\" class=\"ecm0bbzt hv4rvrfc ihqw7lf3 dati1w0a\" data-ad-comet-preview=\"message\" data-ad-preview=\"message\">\n<div class=\"j83agx80 cbu4d94t ew0dbk1b irj2b8pg\">\n<div class=\"qzhwtbm6 knvmm38d\">\n<div class=\"o9v6fnle cxmmr5t8 oygrvhab hcukyx3x c1et5uql ii04i59q\">\n<div dir=\"auto\"><\/div>\n<\/div>\n<div class=\"o9v6fnle cxmmr5t8 oygrvhab hcukyx3x c1et5uql ii04i59q\">\n<div dir=\"auto\">La campa\u00f1a continuar\u00e1 en los pr\u00f3ximos d\u00edas, a mediados de enero, cuando vayan arribando las vacunas. Para ello, personal del municipio est\u00e1 cooperando para pre-inscribir al primer grupo, para recibir su dosis en caso de<\/div>\n<\/div>\n<\/div>\n<\/div>\n<\/div>\n<\/div>\n<div id=\"jsc_c_rv\" class=\"l9j0dhe7\">\n<div class=\"l9j0dhe7\">\n<div class=\"l9j0dhe7\">\n<div class=\"l9j0dhe7\">\n<div class=\"ni8dbmo4 stjgntxs pmk7jnqg\">\n<div id=\"wrapper\">\n<nav class=\"navbar navbar-dark navbar-fixed-top top-nav-collapse\" role=\"navigation\">\n<div class=\"containerheader\">\n<div class=\"collapse navbar-collapse navbar-right navbar-main-collapse\"><\/div>\n<\/div>\n<\/nav>\n<\/div>\n<nav class=\"navbar navbar-dark navbar-fixed-top top-nav-collapse\" role=\"navigation\">\n<div class=\"containerheader\">\n<div class=\"collapse navbar-collapse navbar-right navbar-main-collapse\">\n<ul class=\"social\">\n<li style=\"list-style-type: none;\">\n<ul class=\"social\">\n<li class=\"instagram\">\n<h2><\/h2>\n<\/li>\n<\/ul>\n<\/li>\n<\/ul>\n<p>PLAN PROVINCIAL, P\u00daBLICO, GRATUITO<\/p>\n<ul class=\"social\">Y OPTATIVO CONTRA COVID-19<\/ul>\n<\/div>\n<\/div>\n<\/nav>\n<header class=\"imagenportada\">\n<div class=\"intro-body\">\n<div class=\"container\">\n<h1 class=\"brand-heading\">Plan Provincial: \u00bfQu\u00e9 es?<\/h1>\n<\/div>\n<\/div>\n<\/header>\n<div id=\"wrapper\">\n<section id=\"quees\">\n<div class=\"container\">\n<div class=\"centrado\">\n<p>Buenos Aires Vacunate es el plan p\u00fablico, gratuito y optativo de vacunaci\u00f3n contra el coronavirus en la Provincia de Buenos Aires. Despu\u00e9s de diez meses de pandemia, la Provincia realiza un operativo de distribuci\u00f3n, organizaci\u00f3n y vacunaci\u00f3n sin precedentes en el territorio bonaerense, con m\u00e1s de 600 puntos de vacunaci\u00f3n en simult\u00e1neo.<\/p>\n<\/div>\n<div class=\"centrado\">\n<div>\n<h1>Etapas<\/h1>\n<\/div>\n<p>El plan provincial de vacunaci\u00f3n gratuito, p\u00fablico y optativo contra el coronavirus tiene como objetivo vacunar a toda la poblaci\u00f3n mayor de 18 a\u00f1os. En una primera etapa se priorizar\u00e1 a los grupos con mayor vulnerabilidad frente al virus:<\/p>\n<\/div>\n<div class=\"row row2\">\n<div class=\"col-md-6\">\n<p><img decoding=\"async\" class=\"img_vacunacion\" src=\"https:\/\/vacunatepba.gba.gob.ar\/img\/iconos_salud-01.png\" alt=\"img_vacunacion\" \/><\/p>\n<p class=\"txticon\">Personas mayores<br \/>\nde 60 a\u00f1os<\/p>\n<\/div>\n<div class=\"col-md-6\">\n<p><img decoding=\"async\" class=\"img_vacunacion\" src=\"https:\/\/vacunatepba.gba.gob.ar\/img\/iconos_salud-02.png\" alt=\"img_vacunacion\" \/><\/p>\n<p class=\"txticon\">Personas entre 18 y 59 a\u00f1os con<br \/>\nenfermedades preexistentes<\/p>\n<\/div>\n<\/div>\n<div class=\"row\">\n<div class=\"col-md-4\">\n<p><img decoding=\"async\" class=\"img_vacunacion\" src=\"https:\/\/vacunatepba.gba.gob.ar\/img\/iconos_salud-03.png\" alt=\"img_vacunacion\" \/><\/p>\n<p class=\"txticon\">Personal de salud<\/p>\n<\/div>\n<div class=\"col-md-4\">\n<p><img decoding=\"async\" class=\"img_vacunacion\" src=\"https:\/\/vacunatepba.gba.gob.ar\/img\/iconos_salud-05.png\" alt=\"img_vacunacion\" \/><\/p>\n<p class=\"txticon\">Personal de seguridad<\/p>\n<\/div>\n<div class=\"col-md-4\">\n<p><img decoding=\"async\" class=\"img_vacunacion\" src=\"https:\/\/vacunatepba.gba.gob.ar\/img\/iconos_salud-04.png\" alt=\"img_vacunacion\" \/><\/p>\n<p class=\"txticon\">Personal docente y auxiliares<\/p>\n<\/div>\n<\/div>\n<div><\/div>\n<div id=\"vacunas\"><span style=\"color: #111111; font-family: Roboto, sans-serif; font-size: 32px;\">Plan Provincial: C\u00f3mo te vacunas<\/span><\/div>\n<\/div>\n<\/section>\n<section id=\"info\" class=\"intro-img intro-dark-bg\">\n<div class=\"container\">\n<div class=\"row\">\n<p>El plan p\u00fablico, gratuito y optativo de la provincia de Buenos Aires cuenta con un gestor de turnos para que la vacunaci\u00f3n sea organizada, \u00e1gil y no signifique un riesgo de aglomeraci\u00f3n de gente en los puntos de vacunaci\u00f3n. Por esto, para poder acceder a la vacunaci\u00f3n ten\u00e9s que sacar un turno y en esta primera etapa ten\u00e9s que tener entre 18 y 59 a\u00f1os y poder acreditar enfermedades preexistentes, ser mayor de 60 a\u00f1os o ser personal de salud, policial o docente y auxiliar.<\/p>\n<\/div>\n<\/div>\n<\/section>\n<section id=\"cuales\">\n<div class=\"container\">\n<div>\n<h1>Plan Provincial: Enfermedades preexistentes<\/h1>\n<\/div>\n<p>Uno de los subgrupos de vacunaci\u00f3n prioritaria del plan p\u00fablico, gratuito y optativo Buenos Aires Vacunate son las personas que padecen enfermedades preexistentes que aumentan la probabilidad de presentar cuadros graves ante una infecci\u00f3n por coronavirus.<\/p>\n<p>Lista de enfermedades preexistentes:<\/p>\n<ul>\n<li>Enfermedad Pulmonar Cr\u00f3nica.<\/li>\n<li>Diabetes.<\/li>\n<li>Enfermedad Cardiovascular.<\/li>\n<li>Obesidad.<\/li>\n<li>Enfermedad Renal Cr\u00f3nica.<\/li>\n<\/ul>\n<div><\/div>\n<div id=\"pautas\"><span style=\"color: #111111; font-family: Roboto, sans-serif; font-size: 32px;\">Pautas de Alarma<\/span><\/div>\n<p>La aplicaci\u00f3n de cualquier vacuna es un proceso seguro, pero existen algunos efectos que pueden aparecer luego de su colocaci\u00f3n.<\/p>\n<ul>\n<li>Dolor, picaz\u00f3n, sensibilidad, enrojecimiento o hinchaz\u00f3n en el lugar de aplicaci\u00f3n.<\/li>\n<li>Fiebre.<\/li>\n<li>Dolor de cabeza.<\/li>\n<li>Cansancio.<\/li>\n<li>Escalofr\u00edos.<\/li>\n<li>P\u00e9rdida del apetito.<\/li>\n<li>Dolor muscular.<\/li>\n<li>Dolor en las articulaciones.<\/li>\n<li>Sudoraci\u00f3n.<\/li>\n<\/ul>\n<p>&nbsp;<\/p>\n<div class=\"row\">\n<div class=\"col-md-4\">\n<p><img decoding=\"async\" class=\"img_vacunacion\" src=\"https:\/\/vacunatepba.gba.gob.ar\/img\/iconos_sintomas_01.png\" alt=\"img_vacunacion\" \/><\/p>\n<p class=\"txticon\">Dolor, picaz\u00f3n, sensibilidad, enrojecimiento o hinchaz\u00f3n en el lugar de aplicaci\u00f3n<\/p>\n<\/div>\n<div class=\"col-md-4\">\n<p><img decoding=\"async\" class=\"img_vacunacion\" src=\"https:\/\/vacunatepba.gba.gob.ar\/img\/iconos_sintomas_02.png\" alt=\"img_vacunacion\" \/><\/p>\n<p class=\"txticon\">Fiebre<\/p>\n<\/div>\n<div class=\"col-md-4\">\n<p><img decoding=\"async\" class=\"img_vacunacion\" src=\"https:\/\/vacunatepba.gba.gob.ar\/img\/iconos_sintomas_03.png\" alt=\"img_vacunacion\" \/><\/p>\n<p class=\"txticon\">Dolor de cabeza<\/p>\n<\/div>\n<\/div>\n<div class=\"row\">\n<div class=\"col-md-4\">\n<p><img decoding=\"async\" class=\"img_vacunacion\" src=\"https:\/\/vacunatepba.gba.gob.ar\/img\/iconos_sintomas_04.png\" alt=\"img_vacunacion\" \/><\/p>\n<p class=\"txticon\">Cansancio<\/p>\n<\/div>\n<div class=\"col-md-4\">\n<p><img decoding=\"async\" class=\"img_vacunacion\" src=\"https:\/\/vacunatepba.gba.gob.ar\/img\/iconos_sintomas_05.png\" alt=\"img_vacunacion\" \/><\/p>\n<p class=\"txticon\">Escalofr\u00edos<\/p>\n<\/div>\n<div class=\"col-md-4\">\n<p><img decoding=\"async\" class=\"img_vacunacion\" src=\"https:\/\/vacunatepba.gba.gob.ar\/img\/iconos_sintomas_06.png\" alt=\"img_vacunacion\" \/><\/p>\n<p class=\"txticon\">P\u00e9rdida del apetito<\/p>\n<\/div>\n<\/div>\n<div class=\"row\">\n<div class=\"col-md-4\">\n<p><img decoding=\"async\" class=\"img_vacunacion\" src=\"https:\/\/vacunatepba.gba.gob.ar\/img\/iconos_sintomas_07.png\" alt=\"img_vacunacion\" \/><\/p>\n<p class=\"txticon\">Dolor muscular<\/p>\n<\/div>\n<div class=\"col-md-4\">\n<p><img decoding=\"async\" class=\"img_vacunacion\" src=\"https:\/\/vacunatepba.gba.gob.ar\/img\/iconos_sintomas_08.png\" alt=\"img_vacunacion\" \/><\/p>\n<p class=\"txticon\">Dolor en las articulaciones<\/p>\n<\/div>\n<div class=\"col-md-4\">\n<p><img decoding=\"async\" class=\"img_vacunacion\" src=\"https:\/\/vacunatepba.gba.gob.ar\/img\/iconos_sintomas_09.png\" alt=\"img_vacunacion\" \/><\/p>\n<p class=\"txticon\">Sudoraci\u00f3n<\/p>\n<\/div>\n<\/div>\n<div class=\"row row2\">\n<div class=\"col-md-12\">\n<div class=\"panel panel-celeste\">\n<h1>Ante la aparici\u00f3n de alg\u00fan s\u00edntoma:<\/h1>\n<h3>Consulta con tu m\u00e9dico\/a de cabecera o acercate a un centro de salud.<\/h3>\n<\/div>\n<\/div>\n<\/div>\n<div class=\"centrado\">\n<h1>PREGUNTAS FRECUENTES<\/h1>\n<\/div>\n<div id=\"accordion\" class=\"panel-group\">\n<div class=\"panel panel-default\">\n<div class=\"panel-heading\">\n<h4 class=\"panel-title\"><a class=\"collapsed\" href=\"https:\/\/vacunatepba.gba.gob.ar\/#collapseUno\" data-parent=\"#accordion\" data-toggle=\"collapse\">1. \u00bfQu\u00e9 tipos de vacunas contra la COVID-19 estar\u00e1n disponibles en nuestro pa\u00eds? <\/a><\/h4>\n<\/div>\n<\/div>\n<div class=\"panel panel-default\">\n<div class=\"panel-heading\">\n<h4 class=\"panel-title\"><a class=\"collapsed\" href=\"https:\/\/vacunatepba.gba.gob.ar\/#collapseDos\" data-parent=\"#accordion\" data-toggle=\"collapse\">2. \u00bfPor qu\u00e9 fases debe pasar una vacuna para ser aprobada? <\/a><\/h4>\n<\/div>\n<\/div>\n<div class=\"panel panel-default\">\n<div class=\"panel-heading\">\n<h4 class=\"panel-title\"><a class=\"collapsed\" href=\"https:\/\/vacunatepba.gba.gob.ar\/#collapseTres\" data-parent=\"#accordion\" data-toggle=\"collapse\">3. \u00bfQui\u00e9nes recibir\u00e1n primero la vacuna contra la COVID-19? <\/a><\/h4>\n<\/div>\n<\/div>\n<div class=\"panel panel-default\">\n<div class=\"panel-heading\">\n<h4 class=\"panel-title\"><a class=\"collapsed\" href=\"https:\/\/vacunatepba.gba.gob.ar\/#collapseCuatro\" data-parent=\"#accordion\" data-toggle=\"collapse\">4. Si estoy embarazadx o estoy dando de amamantar, \u00bfpuedo vacunarme contra COVID-19?<\/a><\/h4>\n<\/div>\n<\/div>\n<div class=\"panel panel-default\">\n<div class=\"panel-heading\">\n<h4 class=\"panel-title\"><a class=\"collapsed\" href=\"https:\/\/vacunatepba.gba.gob.ar\/#collapseCinco\" data-parent=\"#accordion\" data-toggle=\"collapse\">5. En el caso de estar recibiendo medicaci\u00f3n que baja mis defensas, o si tengo una enfermedad oncohematol\u00f3gica, inmunosupresi\u00f3n primaria o adquirida, o estoy trasplantado ,\u00bfpuedo vacunarme contra COVID-19?<\/a><\/h4>\n<\/div>\n<\/div>\n<div class=\"panel panel-default\">\n<div class=\"panel-heading\">\n<h4 class=\"panel-title\"><a class=\"collapsed\" href=\"https:\/\/vacunatepba.gba.gob.ar\/#collapseSeis\" data-parent=\"#accordion\" data-toggle=\"collapse\">6. Si tengo antecedentes de alergias a cualquier componente de una vacuna o a alguna vacuna con componentes similares, puedo recibir la vacuna contra COVID-19?<\/a><\/h4>\n<\/div>\n<\/div>\n<div class=\"panel panel-default\">\n<div class=\"panel-heading\">\n<h4 class=\"panel-title\"><a class=\"collapsed\" href=\"https:\/\/vacunatepba.gba.gob.ar\/#collapseSiete\" data-parent=\"#accordion\" data-toggle=\"collapse\">7. Si tengo antecedentes de reacciones al\u00e9rgicas graves, \u00bfpuedo vacunarme contra COVID-19?<\/a><\/h4>\n<\/div>\n<\/div>\n<div class=\"panel panel-default\">\n<div class=\"panel-heading\">\n<h4 class=\"panel-title\"><a class=\"collapsed\" href=\"https:\/\/vacunatepba.gba.gob.ar\/#collapseOcho\" data-parent=\"#accordion\" data-toggle=\"collapse\">8. En el caso de haber recibido tratamiento con plasma de convaleciente COVID-19, \u00bfpuedo recibir la vacuna contra COVID-19?<\/a><\/h4>\n<\/div>\n<\/div>\n<div class=\"panel panel-default\">\n<div class=\"panel-heading\">\n<h4 class=\"panel-title\"><a class=\"collapsed\" href=\"https:\/\/vacunatepba.gba.gob.ar\/#collapseNueve\" data-parent=\"#accordion\" data-toggle=\"collapse\">9. \u00bfLa vacunaci\u00f3n contra la COVID-19 ser\u00e1 voluntaria?<\/a><\/h4>\n<\/div>\n<\/div>\n<div class=\"panel panel-default\">\n<div class=\"panel-heading\">\n<h4 class=\"panel-title\"><a class=\"collapsed\" href=\"https:\/\/vacunatepba.gba.gob.ar\/#collapseDiez\" data-parent=\"#accordion\" data-toggle=\"collapse\">10. \u00bfC\u00f3mo se aplica la vacuna COVID-19?<\/a><\/h4>\n<\/div>\n<\/div>\n<div class=\"panel panel-default\">\n<div class=\"panel-heading\">\n<h4 class=\"panel-title\"><a class=\"collapsed\" href=\"https:\/\/vacunatepba.gba.gob.ar\/#collapseOnce\" data-parent=\"#accordion\" data-toggle=\"collapse\">11. Si me vacuno \u00bfdebo continuar con las medidas de prevenci\u00f3n (barbijo, lavado de manos, distancia social, etc.)? <\/a><\/h4>\n<\/div>\n<\/div>\n<div class=\"panel panel-default\">\n<div class=\"panel-heading\">\n<h4 class=\"panel-title\"><a class=\"collapsed\" href=\"https:\/\/vacunatepba.gba.gob.ar\/#collapseDoce\" data-parent=\"#accordion\" data-toggle=\"collapse\">12. \u00bfPuedo enfermarme de COVID-19 luego de recibir la vacuna? <\/a><\/h4>\n<\/div>\n<\/div>\n<div class=\"panel panel-default\">\n<div class=\"panel-heading\">\n<h4 class=\"panel-title\"><a class=\"collapsed\" href=\"https:\/\/vacunatepba.gba.gob.ar\/#collapseTrece\" data-parent=\"#accordion\" data-toggle=\"collapse\">13. \u00bfPara qu\u00e9 sirve aplicarse la vacuna COVID-19? <\/a><\/h4>\n<\/div>\n<\/div>\n<div class=\"panel panel-default\">\n<div class=\"panel-heading\">\n<h4 class=\"panel-title\"><a class=\"collapsed\" href=\"https:\/\/vacunatepba.gba.gob.ar\/#collapseCatorce\" data-parent=\"#accordion\" data-toggle=\"collapse\">14. \u00bfCu\u00e1les son los posibles riesgos o inconvenientes de la vacuna de COVID-19? <\/a><\/h4>\n<\/div>\n<\/div>\n<div class=\"panel panel-default\">\n<div class=\"panel-heading\">\n<h4 class=\"panel-title\"><a class=\"collapsed\" href=\"https:\/\/vacunatepba.gba.gob.ar\/#collapseQuince\" data-parent=\"#accordion\" data-toggle=\"collapse\">15. \u00bfQu\u00e9 hacer si presenta alg\u00fan s\u00edntoma luego de la vacunaci\u00f3n? <\/a><\/h4>\n<\/div>\n<\/div>\n<div class=\"panel panel-default\">\n<div class=\"panel-heading\">\n<h4 class=\"panel-title\"><a class=\"collapsed\" href=\"https:\/\/vacunatepba.gba.gob.ar\/#collapseDieciseies\" data-parent=\"#accordion\" data-toggle=\"collapse\">16. \u00bfSe va a realizar el seguimiento de las personas que reciban la vacuna COVID-19?<\/a><\/h4>\n<\/div>\n<\/div>\n<div class=\"panel panel-default\">\n<div class=\"panel-heading\">\n<h4 class=\"panel-title\"><a class=\"collapsed\" href=\"https:\/\/vacunatepba.gba.gob.ar\/#collapseDiecisiete\" data-parent=\"#accordion\" data-toggle=\"collapse\">17. \u00bfMi informaci\u00f3n de salud est\u00e1 protegida?<\/a><\/h4>\n<\/div>\n<\/div>\n<div class=\"panel panel-default\">\n<div class=\"panel-heading\">\n<h4 class=\"panel-title\"><a class=\"collapsed\" href=\"https:\/\/vacunatepba.gba.gob.ar\/#collapseDieciocho\" data-parent=\"#accordion\" data-toggle=\"collapse\">18. \u00bfPor qu\u00e9 es importante que participe en el seguimiento de personas vacunadas contra el COVID-19 ?<\/a><\/h4>\n<\/div>\n<\/div>\n<div class=\"panel panel-default\">\n<div class=\"panel-heading\">\n<h4 class=\"panel-title\"><a class=\"collapsed\" href=\"https:\/\/vacunatepba.gba.gob.ar\/#collapseDiecinueve\" data-parent=\"#accordion\" data-toggle=\"collapse\">19. \u00bfQu\u00e9 debo hacer si tengo un problema de salud que creo que est\u00e1 relacionado con la vacuna contra el COVID-19 entre las verificaciones del seguimiento o despu\u00e9s de haber completado mi participaci\u00f3n?<\/a><\/h4>\n<\/div>\n<\/div>\n<div class=\"panel panel-default\">\n<div class=\"panel-heading\">\n<h4 class=\"panel-title\"><a class=\"collapsed\" href=\"https:\/\/vacunatepba.gba.gob.ar\/#collapseVeinte\" data-parent=\"#accordion\" data-toggle=\"collapse\">20. \u00bfC\u00f3mo ser\u00e1 la campa\u00f1a de vacunaci\u00f3n de PBA? <\/a><\/h4>\n<\/div>\n<\/div>\n<div class=\"panel panel-default\">\n<div class=\"panel-heading\">\n<h4 class=\"panel-title\"><a class=\"collapsed\" href=\"https:\/\/vacunatepba.gba.gob.ar\/#collapseVeintiuno\" data-parent=\"#accordion\" data-toggle=\"collapse\">21. \u00bfExistir\u00e1 un sistema de turnos?<\/a><\/h4>\n<\/div>\n<\/div>\n<div class=\"panel panel-default\">\n<div class=\"panel-heading\">\n<h4 class=\"panel-title\"><a class=\"collapsed\" href=\"https:\/\/vacunatepba.gba.gob.ar\/#collapseVeintidos\" data-parent=\"#accordion\" data-toggle=\"collapse\">22. \u00bfSe requerir\u00e1 orden m\u00e9dica para recibir la vacuna COVID-19?<\/a><\/h4>\n<\/div>\n<\/div>\n<\/div>\n<\/div>\n<\/section>\n<section id=\"info\" class=\"intro-img intro-dark-bg\">\n<div class=\"container\">\n<div class=\"row\">\n<div class=\"col-md-4\"><\/div>\n<div class=\"col-md-4\"><\/div>\n<\/div>\n<\/div>\n<\/section>\n<\/div>\n<div><\/div>\n<\/div>\n<\/div>\n<\/div>\n<\/div>\n<\/div>\n","protected":false},"excerpt":{"rendered":"<p>EL PASO INICIAL, EL \u00daLTIMO DIA DE 2020.<\/p>\n","protected":false},"author":3,"featured_media":8440,"comment_status":"open","ping_status":"open","sticky":false,"template":"","format":"standard","meta":{"footnotes":"","jetpack_publicize_message":"","jetpack_publicize_feature_enabled":true,"jetpack_social_post_already_shared":false,"jetpack_social_options":{"image_generator_settings":{"template":"highway","default_image_id":0,"font":"","enabled":false},"version":2}},"categories":[17],"tags":[66,708,894,1136],"class_list":["post-8436","post","type-post","status-publish","format-standard","has-post-thumbnail","hentry","category-politica","tag-nanni","tag-personal","tag-vacunacion","tag-vacunacion-covid"],"jetpack_publicize_connections":[],"jetpack_featured_media_url":"https:\/\/revistaepocadigital.com.ar\/wp-content\/uploads\/2020\/12\/nanii-vacu.jpg","jetpack_likes_enabled":true,"_links":{"self":[{"href":"https:\/\/revistaepocadigital.com.ar\/index.php?rest_route=\/wp\/v2\/posts\/8436","targetHints":{"allow":["GET"]}}],"collection":[{"href":"https:\/\/revistaepocadigital.com.ar\/index.php?rest_route=\/wp\/v2\/posts"}],"about":[{"href":"https:\/\/revistaepocadigital.com.ar\/index.php?rest_route=\/wp\/v2\/types\/post"}],"author":[{"embeddable":true,"href":"https:\/\/revistaepocadigital.com.ar\/index.php?rest_route=\/wp\/v2\/users\/3"}],"replies":[{"embeddable":true,"href":"https:\/\/revistaepocadigital.com.ar\/index.php?rest_route=%2Fwp%2Fv2%2Fcomments&post=8436"}],"version-history":[{"count":0,"href":"https:\/\/revistaepocadigital.com.ar\/index.php?rest_route=\/wp\/v2\/posts\/8436\/revisions"}],"wp:featuredmedia":[{"embeddable":true,"href":"https:\/\/revistaepocadigital.com.ar\/index.php?rest_route=\/wp\/v2\/media\/8440"}],"wp:attachment":[{"href":"https:\/\/revistaepocadigital.com.ar\/index.php?rest_route=%2Fwp%2Fv2%2Fmedia&parent=8436"}],"wp:term":[{"taxonomy":"category","embeddable":true,"href":"https:\/\/revistaepocadigital.com.ar\/index.php?rest_route=%2Fwp%2Fv2%2Fcategories&post=8436"},{"taxonomy":"post_tag","embeddable":true,"href":"https:\/\/revistaepocadigital.com.ar\/index.php?rest_route=%2Fwp%2Fv2%2Ftags&post=8436"}],"curies":[{"name":"wp","href":"https:\/\/api.w.org\/{rel}","templated":true}]}}