{"id":844,"date":"2018-12-15T15:20:22","date_gmt":"2018-12-15T18:20:22","guid":{"rendered":"https:\/\/revistaepocadigital.com.ar\/?p=844"},"modified":"2018-12-15T15:49:15","modified_gmt":"2018-12-15T18:49:15","slug":"convenio-anses-y-unicef","status":"publish","type":"post","link":"https:\/\/revistaepocadigital.com.ar\/?p=844","title":{"rendered":"Convenio ANSES y UNICEF."},"content":{"rendered":"<p><strong>ACORDARON TRABAJAR JUNTOS.<\/strong><!--more--><\/p>\n<p>Ha informado ANSES que, junto al Fondo de las Naciones Unidas para la Infancia (UNICEF), firm\u00f3 un convenio por el cual la instituci\u00f3n internacional brindar\u00e1 apoyo t\u00e9cnico y financiero para operativos territoriales a cargo del organismo previsional.<\/p>\n<p>Se estima que ANSES llevar\u00e1 a cabo m\u00e1s de 180 operativos en 10 zonas de extrema vulnerabilidad hasta el 31 de diciembre de 2019, a trav\u00e9s de la Direcci\u00f3n Promoci\u00f3n Desarrollo y Cultural (dependiente de la Direcci\u00f3n General de Relaciones Institucionales y con la Comunidad), que tiene entre sus misiones promover y garantizar a las comunidades originarias y parajes rurales vulnerables el pleno goce y ejercicio de sus derechos a la Seguridad Social.<\/p>\n<p><strong>Grupos de pago para 17-12<\/strong><\/p>\n<p>\u2022 Jubilados y pensionados cuyos haberes superan los $10.580 y sus documentos terminan en 0 y 1.<br \/>\n\u2022 Titulares de la Asignaci\u00f3n Universal por Hijo y por Embarazo cuyos documentos terminan en 7.<br \/>\nLos calendarios de pagos de todas las prestaciones pueden consultarse en www.anses.gob.ar, opci\u00f3n Accesos R\u00e1pidos.<\/p>\n","protected":false},"excerpt":{"rendered":"<p>ACORDARON TRABAJAR JUNTOS.<\/p>\n","protected":false},"author":3,"featured_media":868,"comment_status":"open","ping_status":"open","sticky":false,"template":"","format":"standard","meta":{"footnotes":"","jetpack_publicize_message":"","jetpack_publicize_feature_enabled":true,"jetpack_social_post_already_shared":false,"jetpack_social_options":{"image_generator_settings":{"template":"highway","default_image_id":0,"font":"","enabled":false},"version":2}},"categories":[81],"tags":[21],"class_list":["post-844","post","type-post","status-publish","format-standard","has-post-thumbnail","hentry","category-anses","tag-anses"],"jetpack_publicize_connections":[],"jetpack_featured_media_url":"https:\/\/revistaepocadigital.com.ar\/wp-content\/uploads\/2018\/12\/anses-logo-4.jpg","jetpack_likes_enabled":true,"_links":{"self":[{"href":"https:\/\/revistaepocadigital.com.ar\/index.php?rest_route=\/wp\/v2\/posts\/844","targetHints":{"allow":["GET"]}}],"collection":[{"href":"https:\/\/revistaepocadigital.com.ar\/index.php?rest_route=\/wp\/v2\/posts"}],"about":[{"href":"https:\/\/revistaepocadigital.com.ar\/index.php?rest_route=\/wp\/v2\/types\/post"}],"author":[{"embeddable":true,"href":"https:\/\/revistaepocadigital.com.ar\/index.php?rest_route=\/wp\/v2\/users\/3"}],"replies":[{"embeddable":true,"href":"https:\/\/revistaepocadigital.com.ar\/index.php?rest_route=%2Fwp%2Fv2%2Fcomments&post=844"}],"version-history":[{"count":0,"href":"https:\/\/revistaepocadigital.com.ar\/index.php?rest_route=\/wp\/v2\/posts\/844\/revisions"}],"wp:featuredmedia":[{"embeddable":true,"href":"https:\/\/revistaepocadigital.com.ar\/index.php?rest_route=\/wp\/v2\/media\/868"}],"wp:attachment":[{"href":"https:\/\/revistaepocadigital.com.ar\/index.php?rest_route=%2Fwp%2Fv2%2Fmedia&parent=844"}],"wp:term":[{"taxonomy":"category","embeddable":true,"href":"https:\/\/revistaepocadigital.com.ar\/index.php?rest_route=%2Fwp%2Fv2%2Fcategories&post=844"},{"taxonomy":"post_tag","embeddable":true,"href":"https:\/\/revistaepocadigital.com.ar\/index.php?rest_route=%2Fwp%2Fv2%2Ftags&post=844"}],"curies":[{"name":"wp","href":"https:\/\/api.w.org\/{rel}","templated":true}]}}