{"id":8457,"date":"2021-01-02T20:43:30","date_gmt":"2021-01-02T23:43:30","guid":{"rendered":"https:\/\/revistaepocadigital.com.ar\/?p=8457"},"modified":"2021-01-02T20:43:30","modified_gmt":"2021-01-02T23:43:30","slug":"otra-fiesta-clandestina-in-fraganti","status":"publish","type":"post","link":"https:\/\/revistaepocadigital.com.ar\/?p=8457","title":{"rendered":"OTRA FIESTA CLANDESTINA IN FRAGANTI"},"content":{"rendered":"<div class=\"oi9244e8 do00u71z j83agx80\">\n<div class=\"nc684nl6\">\n<div class=\"q676j6op qypqp5cg\"><strong>LOS QUE ASISTEN SIGUEN PONI\u00c9NDOSE EN RIESGO A ELLOS MISMOS Y A LOS DEM\u00c1S.<\/strong><\/div>\n<\/div>\n<\/div>\n<p><!--more--><\/p>\n<div class=\"\" dir=\"auto\">\n<div id=\"jsc_c_jl\" class=\"ecm0bbzt hv4rvrfc ihqw7lf3 dati1w0a\" data-ad-comet-preview=\"message\" data-ad-preview=\"message\">\n<div class=\"j83agx80 cbu4d94t ew0dbk1b irj2b8pg\">\n<div class=\"qzhwtbm6 knvmm38d\">\n<div class=\"o9v6fnle cxmmr5t8 oygrvhab hcukyx3x c1et5uql ii04i59q\">\n<div dir=\"auto\">Personal del CAV, Transito, Comando de Prevenci\u00f3n Rural y Jefatura de Inspecci\u00f3n realizaron en conjunto un operativo durante el d\u00eda viernes 1 de enero, luego de una denuncia de ruidos molestos en un campo de Etchegoyen, partido de Exaltaci\u00f3n de la Cruz.<\/div>\n<div dir=\"auto\"><\/div>\n<\/div>\n<div class=\"o9v6fnle cxmmr5t8 oygrvhab hcukyx3x c1et5uql ii04i59q\">\n<div dir=\"auto\">As\u00ed, consign\u00f3 la informaci\u00f3n difundida por el municipio, se logr\u00f3 desactivar una fiesta clandestina. Tambien fueron secuestrados siete veh\u00edculos, retuvieron licencias de conducir e identificaron a numerosas personas que pretend\u00edan participar de ese evento.<\/div>\n<div dir=\"auto\"><img loading=\"lazy\" decoding=\"async\" class=\"aligncenter size-full wp-image-8460\" src=\"https:\/\/revistaepocadigital.com.ar\/wp-content\/uploads\/2021\/01\/fiestas-clan20.jpg\" alt=\"\" width=\"896\" height=\"672\" srcset=\"https:\/\/revistaepocadigital.com.ar\/wp-content\/uploads\/2021\/01\/fiestas-clan20.jpg 896w, https:\/\/revistaepocadigital.com.ar\/wp-content\/uploads\/2021\/01\/fiestas-clan20-300x225.jpg 300w, https:\/\/revistaepocadigital.com.ar\/wp-content\/uploads\/2021\/01\/fiestas-clan20-768x576.jpg 768w, https:\/\/revistaepocadigital.com.ar\/wp-content\/uploads\/2021\/01\/fiestas-clan20-80x60.jpg 80w, https:\/\/revistaepocadigital.com.ar\/wp-content\/uploads\/2021\/01\/fiestas-clan20-160x120.jpg 160w, https:\/\/revistaepocadigital.com.ar\/wp-content\/uploads\/2021\/01\/fiestas-clan20-265x198.jpg 265w, https:\/\/revistaepocadigital.com.ar\/wp-content\/uploads\/2021\/01\/fiestas-clan20-696x522.jpg 696w, https:\/\/revistaepocadigital.com.ar\/wp-content\/uploads\/2021\/01\/fiestas-clan20-560x420.jpg 560w\" sizes=\"auto, (max-width: 896px) 100vw, 896px\" \/><\/div>\n<\/div>\n<\/div>\n<\/div>\n<\/div>\n<div dir=\"auto\"><img loading=\"lazy\" decoding=\"async\" class=\"aligncenter size-full wp-image-8459\" src=\"https:\/\/revistaepocadigital.com.ar\/wp-content\/uploads\/2021\/01\/fiestas-cland20-a.jpg\" alt=\"\" width=\"432\" height=\"324\" srcset=\"https:\/\/revistaepocadigital.com.ar\/wp-content\/uploads\/2021\/01\/fiestas-cland20-a.jpg 432w, https:\/\/revistaepocadigital.com.ar\/wp-content\/uploads\/2021\/01\/fiestas-cland20-a-300x225.jpg 300w, https:\/\/revistaepocadigital.com.ar\/wp-content\/uploads\/2021\/01\/fiestas-cland20-a-80x60.jpg 80w, https:\/\/revistaepocadigital.com.ar\/wp-content\/uploads\/2021\/01\/fiestas-cland20-a-160x120.jpg 160w, https:\/\/revistaepocadigital.com.ar\/wp-content\/uploads\/2021\/01\/fiestas-cland20-a-265x198.jpg 265w\" sizes=\"auto, (max-width: 432px) 100vw, 432px\" \/><\/div>\n<div id=\"jsc_c_jl\" class=\"ecm0bbzt hv4rvrfc ihqw7lf3 dati1w0a\" data-ad-comet-preview=\"message\" data-ad-preview=\"message\">\n<div class=\"j83agx80 cbu4d94t ew0dbk1b irj2b8pg\">\n<div class=\"qzhwtbm6 knvmm38d\">\n<div class=\"o9v6fnle cxmmr5t8 oygrvhab hcukyx3x c1et5uql ii04i59q\">\n<div dir=\"auto\">Luego del procedimiento, se giraron las actas de control al \u00e1rea de Legales, para determinar las sanciones que pudieran corresponder, a la vez que se dio parte al sistema de Salud, dado que la mayor\u00eda de las personas estaban sin tapabocas, e incumpliendo el protocolo sanitario.<\/div>\n<\/div>\n<div class=\"o9v6fnle cxmmr5t8 oygrvhab hcukyx3x c1et5uql ii04i59q\">\n<div dir=\"auto\">Personal de CPR, identific\u00f3 alrededor 50 personas, entre ellos a uno de los organizadores. El material documental de este hecho tambi\u00e9n fue girado al Juzgado Federal de Campana, donde se analizar\u00e1 para su posterior juzgamiento.<\/div>\n<\/div>\n<\/div>\n<\/div>\n<\/div>\n<\/div>\n","protected":false},"excerpt":{"rendered":"<p>LOS QUE ASISTEN SIGUEN PONI\u00c9NDOSE EN RIESGO A ELLOS MISMOS Y A LOS DEM\u00c1S.<\/p>\n","protected":false},"author":4,"featured_media":8460,"comment_status":"open","ping_status":"open","sticky":false,"template":"","format":"standard","meta":{"footnotes":"","jetpack_publicize_message":"","jetpack_publicize_feature_enabled":true,"jetpack_social_post_already_shared":false,"jetpack_social_options":{"image_generator_settings":{"template":"highway","default_image_id":0,"font":"","enabled":false},"version":2}},"categories":[10,12,13],"tags":[752,1128,179],"class_list":["post-8457","post","type-post","status-publish","format-standard","has-post-thumbnail","hentry","category-editorial","category-espectaculos","category-interes-general","tag-covid","tag-fiestas","tag-politica"],"jetpack_publicize_connections":[],"jetpack_featured_media_url":"https:\/\/revistaepocadigital.com.ar\/wp-content\/uploads\/2021\/01\/fiestas-clan20.jpg","jetpack_likes_enabled":true,"_links":{"self":[{"href":"https:\/\/revistaepocadigital.com.ar\/index.php?rest_route=\/wp\/v2\/posts\/8457","targetHints":{"allow":["GET"]}}],"collection":[{"href":"https:\/\/revistaepocadigital.com.ar\/index.php?rest_route=\/wp\/v2\/posts"}],"about":[{"href":"https:\/\/revistaepocadigital.com.ar\/index.php?rest_route=\/wp\/v2\/types\/post"}],"author":[{"embeddable":true,"href":"https:\/\/revistaepocadigital.com.ar\/index.php?rest_route=\/wp\/v2\/users\/4"}],"replies":[{"embeddable":true,"href":"https:\/\/revistaepocadigital.com.ar\/index.php?rest_route=%2Fwp%2Fv2%2Fcomments&post=8457"}],"version-history":[{"count":0,"href":"https:\/\/revistaepocadigital.com.ar\/index.php?rest_route=\/wp\/v2\/posts\/8457\/revisions"}],"wp:featuredmedia":[{"embeddable":true,"href":"https:\/\/revistaepocadigital.com.ar\/index.php?rest_route=\/wp\/v2\/media\/8460"}],"wp:attachment":[{"href":"https:\/\/revistaepocadigital.com.ar\/index.php?rest_route=%2Fwp%2Fv2%2Fmedia&parent=8457"}],"wp:term":[{"taxonomy":"category","embeddable":true,"href":"https:\/\/revistaepocadigital.com.ar\/index.php?rest_route=%2Fwp%2Fv2%2Fcategories&post=8457"},{"taxonomy":"post_tag","embeddable":true,"href":"https:\/\/revistaepocadigital.com.ar\/index.php?rest_route=%2Fwp%2Fv2%2Ftags&post=8457"}],"curies":[{"name":"wp","href":"https:\/\/api.w.org\/{rel}","templated":true}]}}