{"id":8490,"date":"2021-01-01T02:03:34","date_gmt":"2021-01-01T05:03:34","guid":{"rendered":"https:\/\/revistaepocadigital.com.ar\/?p=8490"},"modified":"2021-01-03T22:10:15","modified_gmt":"2021-01-04T01:10:15","slug":"energiaquecura","status":"publish","type":"post","link":"https:\/\/revistaepocadigital.com.ar\/?p=8490","title":{"rendered":"#Energ\u00edaQueCura"},"content":{"rendered":"<header class=\"r_BN D_F W_6D6F p_R P_Zjgzuf ir_0\" aria-label=\"Mensaje\">\n<div class=\"o_h D_F em_0 E_fq7 ek_BB\" data-test-id=\"address-info\">\n<div class=\"d_6FIA i_6FIA D_F eo_HB\"><strong>EDEN COMPLET\u00d3 LA ACCI\u00d3N SOLIDARIA.<\/strong><\/div>\n<\/div>\n<div class=\"D_F ab_CI Y_68F4 en_0 cdPFi_ZpQYvz H_6MGW W_6MGW lv_1IWXzk h_Z13pql2 h4_2d9T5e\"><\/div>\n<\/header>\n<p><!--more--><\/p>\n<div data-test-id=\"message-body-container\">\n<div class=\"I_52qC D_FY W_6D6F\" data-test-id=\"message-view-body\">\n<div class=\"X_6MGW\">La empresa lo hizo en 2020, respecto a la acci\u00f3n solidaria #Energ\u00edaQueCura en los Centros de Salud de toda su \u00e1rea de concesi\u00f3n<\/div>\n<div class=\"msg-body P_wpofO mq_AS\" data-test-id=\"message-view-body-content\">\n<div class=\"jb_0 X_6MGW N_6Fd5\">\n<div id=\"yiv9257985397\">\n<div dir=\"ltr\">\n<p dir=\"ltr\">En un a\u00f1o tan especial como el atravesado debido a lapandemia, EDEN llev\u00f3 adelante una acci\u00f3n solidaria con el prop\u00f3sito de reconocer la labor de los trabajadores de la salud y pacientes llevando color y alegr\u00eda a los Centros de Salud.<\/p>\n<p dir=\"ltr\">A lo largo y a lo ancho de su \u00e1rea de concesi\u00f3n, la acci\u00f3n alcanz\u00f3 las 36 localidades con sus respectivas instituciones de salud, tanto hospitales como unidades sanitarias.<\/p>\n<p dir=\"ltr\">\u201cEstar presentes en nuestras comunidades es fundamental para nosotros. No s\u00f3lo trabajamos d\u00eda a d\u00eda para asegurar la calidad del servicio el\u00e9ctrico, sino que tambi\u00e9n acompa\u00f1amos su crecimiento y nos sentimos parte activa en el desarrollo comunitario\u201d, expres\u00f3 Diana Hulten, Gerente de Recursos Humanos y Relaciones Institucionales de EDEN<\/p>\n<p dir=\"ltr\">La acci\u00f3n de voluntariado reuni\u00f3 a los hijos de los empleados de EDEN, quienes junto a sus familias pintaron cuadros alegres y coloridos, predise\u00f1ados para entregar en las instituciones.<\/p>\n<p dir=\"ltr\">Hulten agreg\u00f3: \u201cEnerg\u00eda Que Cura es una acci\u00f3n que nos llena de orgullo. En un a\u00f1o dif\u00edcil, desarrollamos diferentes acciones desde el \u00e1rea de Responsabilidad Social Empresaria para acompa\u00f1ar a nuestras comunidades. Esperamos haber aportado alegr\u00eda, color y buena energ\u00eda a cada rinc\u00f3n de los hospitales y unidades sanitarias. \u00a1Gracias a las autoridades por habernos recibido con tanto afecto y a las familias de nuestros empleados que se sumaron a esta actividad solidaria!\u201d.<\/p>\n<\/div>\n<\/div>\n<\/div>\n<\/div>\n<\/div>\n<\/div>\n","protected":false},"excerpt":{"rendered":"<p>EDEN COMPLET\u00d3 LA ACCI\u00d3N SOLIDARIA.<\/p>\n","protected":false},"author":3,"featured_media":8492,"comment_status":"open","ping_status":"open","sticky":false,"template":"","format":"standard","meta":{"footnotes":"","jetpack_publicize_message":"","jetpack_publicize_feature_enabled":true,"jetpack_social_post_already_shared":false,"jetpack_social_options":{"image_generator_settings":{"template":"highway","default_image_id":0,"font":"","enabled":false},"version":2}},"categories":[6,10,14],"tags":[1150,39],"class_list":["post-8490","post","type-post","status-publish","format-standard","has-post-thumbnail","hentry","category-barrios","category-editorial","category-la-gente","tag-acciones-solidarias","tag-eden"],"jetpack_publicize_connections":[],"jetpack_featured_media_url":"https:\/\/revistaepocadigital.com.ar\/wp-content\/uploads\/2021\/01\/Energia-Que-Cura-1.jpeg","jetpack_likes_enabled":true,"_links":{"self":[{"href":"https:\/\/revistaepocadigital.com.ar\/index.php?rest_route=\/wp\/v2\/posts\/8490","targetHints":{"allow":["GET"]}}],"collection":[{"href":"https:\/\/revistaepocadigital.com.ar\/index.php?rest_route=\/wp\/v2\/posts"}],"about":[{"href":"https:\/\/revistaepocadigital.com.ar\/index.php?rest_route=\/wp\/v2\/types\/post"}],"author":[{"embeddable":true,"href":"https:\/\/revistaepocadigital.com.ar\/index.php?rest_route=\/wp\/v2\/users\/3"}],"replies":[{"embeddable":true,"href":"https:\/\/revistaepocadigital.com.ar\/index.php?rest_route=%2Fwp%2Fv2%2Fcomments&post=8490"}],"version-history":[{"count":0,"href":"https:\/\/revistaepocadigital.com.ar\/index.php?rest_route=\/wp\/v2\/posts\/8490\/revisions"}],"wp:featuredmedia":[{"embeddable":true,"href":"https:\/\/revistaepocadigital.com.ar\/index.php?rest_route=\/wp\/v2\/media\/8492"}],"wp:attachment":[{"href":"https:\/\/revistaepocadigital.com.ar\/index.php?rest_route=%2Fwp%2Fv2%2Fmedia&parent=8490"}],"wp:term":[{"taxonomy":"category","embeddable":true,"href":"https:\/\/revistaepocadigital.com.ar\/index.php?rest_route=%2Fwp%2Fv2%2Fcategories&post=8490"},{"taxonomy":"post_tag","embeddable":true,"href":"https:\/\/revistaepocadigital.com.ar\/index.php?rest_route=%2Fwp%2Fv2%2Ftags&post=8490"}],"curies":[{"name":"wp","href":"https:\/\/api.w.org\/{rel}","templated":true}]}}