{"id":8520,"date":"2021-01-05T19:09:24","date_gmt":"2021-01-05T22:09:24","guid":{"rendered":"https:\/\/revistaepocadigital.com.ar\/?p=8520"},"modified":"2021-01-05T19:09:24","modified_gmt":"2021-01-05T22:09:24","slug":"concejales-de-juntos-por-el-cambio-criticaron-el-uso-de-la-prensa-municipal-por-mensaje-de-defensa-comunal","status":"publish","type":"post","link":"https:\/\/revistaepocadigital.com.ar\/?p=8520","title":{"rendered":"Concejales de Juntos por el Cambio criticaron el uso de la prensa municipal por mensaje de Defensa Comunal"},"content":{"rendered":"<div class=\"buofh1pr\">\n<div class=\"j83agx80 cbu4d94t ew0dbk1b irj2b8pg\">\n<div class=\"qzhwtbm6 knvmm38d\"><\/div>\n<div class=\"qzhwtbm6 knvmm38d\"><strong>TILDARON DE &#8220;VERGONZOSO&#8221; AL HECHO.<\/strong><\/div>\n<\/div>\n<\/div>\n<p><!--more--><\/p>\n<div class=\"nqmvxvec j83agx80 jnigpg78 cxgpxx05 dflh9lhu sj5x9vvc scb9dxdr odw8uiq3\">En un posteo en el muro de Concejales de Juntos por el Cambio Exaltaci\u00f3n en la red social Facebook, fue criticado haya sido utilizada la prensa municipal, para utilizar medios que son del &#8220;Estado Municipal como si fuera propio, no es nada nuevo con este oficialismo de casi 3 d\u00e9cadas&#8221;.<\/div>\n<div><\/div>\n<div class=\"\" dir=\"auto\">\n<div id=\"jsc_c_8k\" class=\"ecm0bbzt hv4rvrfc ihqw7lf3 dati1w0a\" data-ad-comet-preview=\"message\" data-ad-preview=\"message\">\n<div class=\"j83agx80 cbu4d94t ew0dbk1b irj2b8pg\">\n<div class=\"qzhwtbm6 knvmm38d\">\n<div class=\"o9v6fnle cxmmr5t8 oygrvhab hcukyx3x c1et5uql ii04i59q\">\n<div dir=\"auto\">&#8220;Que utilicen recursos del municipio para hacer campa\u00f1a tampoco -acotaron-, pero que la prensa municipal (que pagamos todos con nuestros impuestos), en vez de estar cumpliendo su funci\u00f3n para informar a los vecinos, se dedique a comunicar que hace Defensa Comunal, es lisa y llanamente un papel\u00f3n!&#8221;.<\/div>\n<div dir=\"auto\"><\/div>\n<\/div>\n<div class=\"o9v6fnle cxmmr5t8 oygrvhab hcukyx3x c1et5uql ii04i59q\">\n<div dir=\"auto\">Sostuvieron luego los ediles de Juntos por el Cambio, &#8220;Que usen la prensa municipal para decir que es \u201cDefensa comunal\u201d quien le pone el hombro a la vacuna, es una tomada de pelo a la gente, siendo que el partido pol\u00edtico no tiene absolutamente nada que ver ni en su adquisici\u00f3n, ni en el transporte ni en la aplicaci\u00f3n&#8221;.<\/div>\n<div dir=\"auto\"><\/div>\n<\/div>\n<div class=\"o9v6fnle cxmmr5t8 oygrvhab hcukyx3x c1et5uql ii04i59q\">\n<div dir=\"auto\">Consideraron a su vez como &#8220;realmente un BOCHORNOSO intento de utilizar pol\u00edticamente algo que tiene hace meses afligida a mucha gente, y mucho peor que usen los recursos municipales para hacerle autobombo a un partido pol\u00edtico.<\/div>\n<\/div>\n<div class=\"o9v6fnle cxmmr5t8 oygrvhab hcukyx3x c1et5uql ii04i59q\">\n<div dir=\"auto\">Falta seriedad en el manejo de algo tan importante.<\/div>\n<\/div>\n<\/div>\n<\/div>\n<\/div>\n<\/div>\n<div id=\"jsc_c_8l\" class=\"l9j0dhe7\">\n<div class=\"l9j0dhe7\">\n<div><\/div>\n<\/div>\n<\/div>\n<div>\n<div id=\"jsc_c_8l\" class=\"l9j0dhe7\">\n<div class=\"stjgntxs ni8dbmo4\"><\/div>\n<\/div>\n<\/div>\n","protected":false},"excerpt":{"rendered":"<p>TILDARON DE &#8220;VERGONZOSO&#8221; AL HECHO.<\/p>\n","protected":false},"author":3,"featured_media":8523,"comment_status":"open","ping_status":"open","sticky":false,"template":"","format":"standard","meta":{"footnotes":"","jetpack_publicize_message":"","jetpack_publicize_feature_enabled":true,"jetpack_social_post_already_shared":false,"jetpack_social_options":{"image_generator_settings":{"template":"highway","default_image_id":0,"font":"","enabled":false},"version":2}},"categories":[17],"tags":[1152,786],"class_list":["post-8520","post","type-post","status-publish","format-standard","has-post-thumbnail","hentry","category-politica","tag-concejales-juntos-por-el-cambio","tag-defensa-comunal"],"jetpack_publicize_connections":[],"jetpack_featured_media_url":"https:\/\/revistaepocadigital.com.ar\/wp-content\/uploads\/2021\/01\/concejales-jxc-20.jpg","jetpack_likes_enabled":true,"_links":{"self":[{"href":"https:\/\/revistaepocadigital.com.ar\/index.php?rest_route=\/wp\/v2\/posts\/8520","targetHints":{"allow":["GET"]}}],"collection":[{"href":"https:\/\/revistaepocadigital.com.ar\/index.php?rest_route=\/wp\/v2\/posts"}],"about":[{"href":"https:\/\/revistaepocadigital.com.ar\/index.php?rest_route=\/wp\/v2\/types\/post"}],"author":[{"embeddable":true,"href":"https:\/\/revistaepocadigital.com.ar\/index.php?rest_route=\/wp\/v2\/users\/3"}],"replies":[{"embeddable":true,"href":"https:\/\/revistaepocadigital.com.ar\/index.php?rest_route=%2Fwp%2Fv2%2Fcomments&post=8520"}],"version-history":[{"count":0,"href":"https:\/\/revistaepocadigital.com.ar\/index.php?rest_route=\/wp\/v2\/posts\/8520\/revisions"}],"wp:featuredmedia":[{"embeddable":true,"href":"https:\/\/revistaepocadigital.com.ar\/index.php?rest_route=\/wp\/v2\/media\/8523"}],"wp:attachment":[{"href":"https:\/\/revistaepocadigital.com.ar\/index.php?rest_route=%2Fwp%2Fv2%2Fmedia&parent=8520"}],"wp:term":[{"taxonomy":"category","embeddable":true,"href":"https:\/\/revistaepocadigital.com.ar\/index.php?rest_route=%2Fwp%2Fv2%2Fcategories&post=8520"},{"taxonomy":"post_tag","embeddable":true,"href":"https:\/\/revistaepocadigital.com.ar\/index.php?rest_route=%2Fwp%2Fv2%2Ftags&post=8520"}],"curies":[{"name":"wp","href":"https:\/\/api.w.org\/{rel}","templated":true}]}}