{"id":8525,"date":"2021-01-05T19:47:06","date_gmt":"2021-01-05T22:47:06","guid":{"rendered":"https:\/\/revistaepocadigital.com.ar\/?p=8525"},"modified":"2021-01-07T11:10:40","modified_gmt":"2021-01-07T14:10:40","slug":"carla-albornoz-ganadora-de-la-etapa-local-de-los-torneos-bonaerenses","status":"publish","type":"post","link":"https:\/\/revistaepocadigital.com.ar\/?p=8525","title":{"rendered":"Carla Albornoz ganadora de la Etapa Local de los Torneos Bonaerenses"},"content":{"rendered":"<div class=\"\" dir=\"auto\">\n<div id=\"jsc_c_16p\" class=\"ecm0bbzt hv4rvrfc ihqw7lf3 dati1w0a\" data-ad-comet-preview=\"message\" data-ad-preview=\"message\">\n<div class=\"j83agx80 cbu4d94t ew0dbk1b irj2b8pg\">\n<div class=\"qzhwtbm6 knvmm38d\">\n<div class=\"kvgmc6g5 cxmmr5t8 oygrvhab hcukyx3x c1et5uql ii04i59q\">\n<div dir=\"auto\"><strong>ES DE PARADA LA LATA Y TIENE 17 A\u00d1OS. LOGR\u00d3 LA MEJOR FOTO.<!--more--><\/strong><\/div>\n<div dir=\"auto\"><\/div>\n<\/div>\n<div class=\"o9v6fnle cxmmr5t8 oygrvhab hcukyx3x c1et5uql ii04i59q\">\n<div dir=\"auto\">El \u00e9xito le permiti\u00f3 avanzar a la instancia regional, \u00faltimo filtro previo a la Final Provincial. Su gran destreza para la fotograf\u00eda recibi\u00f3 muchos elogios, pero qued\u00f3 a las puertas de la clasificaci\u00f3n.<\/div>\n<div dir=\"auto\"><\/div>\n<\/div>\n<div dir=\"auto\"><\/div>\n<\/div>\n<div dir=\"auto\"><\/div>\n<div class=\"qzhwtbm6 knvmm38d\">\n<div class=\"o9v6fnle cxmmr5t8 oygrvhab hcukyx3x c1et5uql ii04i59q\">\n<div dir=\"auto\">La chica de Parada La Lata, compiti\u00f3 sin contar con un equipo fotogr\u00e1fico adecuado, tanto que su foto ganadora la obtuvo con su celular. Sin embargo, con talento y ganas, enfrent\u00f3 a los mejores exponentes de la provincia de Buenos Aires.<\/div>\n<div dir=\"auto\"><\/div>\n<\/div>\n<div class=\"o9v6fnle cxmmr5t8 oygrvhab hcukyx3x c1et5uql ii04i59q\">\n<div dir=\"auto\">\u201cEs la primera vez que particip\u00e9 de los Juegos Bonaerenses y lo hice en fotograf\u00eda porque me encanta sacar fotos\u201d, cont\u00f3 Carla. La chica en 2020 finaliz\u00f3 el colegio secundario en el CEPT N\u00b0 32 de Diego Gaynor y quiere ser docente. \u201cMe lleg\u00f3 la propuesta de parte de unas profesoras del colegio y prob\u00e9. Por suerte me fue bien\u201d, se\u00f1al\u00f3.<\/div>\n<div dir=\"auto\">\n<figure id=\"attachment_8528\" aria-describedby=\"caption-attachment-8528\" style=\"width: 576px\" class=\"wp-caption aligncenter\"><img loading=\"lazy\" decoding=\"async\" class=\"size-full wp-image-8528\" src=\"https:\/\/revistaepocadigital.com.ar\/wp-content\/uploads\/2021\/01\/135564018_225529859160618_4619257288808731607_n.jpg\" alt=\"\" width=\"576\" height=\"720\" srcset=\"https:\/\/revistaepocadigital.com.ar\/wp-content\/uploads\/2021\/01\/135564018_225529859160618_4619257288808731607_n.jpg 576w, https:\/\/revistaepocadigital.com.ar\/wp-content\/uploads\/2021\/01\/135564018_225529859160618_4619257288808731607_n-240x300.jpg 240w, https:\/\/revistaepocadigital.com.ar\/wp-content\/uploads\/2021\/01\/135564018_225529859160618_4619257288808731607_n-336x420.jpg 336w\" sizes=\"auto, (max-width: 576px) 100vw, 576px\" \/><figcaption id=\"caption-attachment-8528\" class=\"wp-caption-text\">La foto.<\/figcaption><\/figure>\n<\/div>\n<div dir=\"auto\"><\/div>\n<\/div>\n<div class=\"o9v6fnle cxmmr5t8 oygrvhab hcukyx3x c1et5uql ii04i59q\">\n<div dir=\"auto\">La foto con la que Albornoz fue de la partida en los Bonaerenses es una placa color. Muestra una flor en primer plano, y una abeja rondando en sus cercan\u00edas. \u201cLa foto la tom\u00e9 el primer d\u00eda de la primavera, en mi casa, y pude capturar una abeja que justo estaba por ah\u00ed, cerca de la flor. Esa d\u00eda saqu\u00e9 muchas fotos y cuando tuve que elegir una, opt\u00e9 por esa\u201d, explic\u00f3.<\/div>\n<div dir=\"auto\"><\/div>\n<\/div>\n<div class=\"o9v6fnle cxmmr5t8 oygrvhab hcukyx3x c1et5uql ii04i59q\">\n<div dir=\"auto\">\u201cEstar\u00eda buen\u00edsimo tener un equipo de fotograf\u00eda m\u00e1s avanzado\u201d, apunt\u00f3. Y confi\u00f3 que \u201csoy de sacar muchas fotos pero a paisajes o naturaleza\u201d.<\/div>\n<div dir=\"auto\"><\/div>\n<div dir=\"auto\">El material de Carla se puede ver en su cuenta de Instagram: photografia_ca2<\/div>\n<\/div>\n<div class=\"o9v6fnle cxmmr5t8 oygrvhab hcukyx3x c1et5uql ii04i59q\">\n<div dir=\"auto\">\u201cLa fotograf\u00eda me encanta y los Bonaerenses fueron una linda experiencia, mi familia est\u00e1 recontenta por el logro\u201d, complet\u00f3 la joven exaltacrucense, que m\u00e1s all\u00e1 de su afici\u00f3n por los paisajes tiene en claro que su futuro laboral est\u00e1 en las aulas: \u201cme gustar\u00eda estudiar magisterio, quiero ser docente\u201d.<\/div>\n<\/div>\n<\/div>\n<\/div>\n<\/div>\n<\/div>\n<p>&nbsp;<\/p>\n<div id=\"jsc_c_16q\" class=\"l9j0dhe7\">\n<div class=\"l9j0dhe7\">\n<div>\n<div>\n<div class=\"l9j0dhe7\">\n<div class=\"l9j0dhe7\">\n<div class=\"ni8dbmo4 stjgntxs pmk7jnqg\"><\/div>\n<\/div>\n<\/div>\n<\/div>\n<\/div>\n<\/div>\n<\/div>\n<div class=\"ni8dbmo4 stjgntxs pmk7jnqg\"><\/div>\n<div>\n<div id=\"jsc_c_16q\" class=\"l9j0dhe7\">\n<div class=\"stjgntxs ni8dbmo4\">Fuente:La Gaceta de Exaltaci\u00f3n.<\/div>\n<\/div>\n<\/div>\n<div>\n<div class=\"stjgntxs ni8dbmo4 l82x9zwi uo3d90p7 h905i5nu monazrh9\" data-visualcompletion=\"ignore-dynamic\">\n<div>\n<div>\n<div>\n<div class=\"l9j0dhe7\">\n<div class=\"bp9cbjyn m9osqain j83agx80 jq4qci2q bkfpd7mw a3bd9o3v kvgmc6g5 wkznzc2l oygrvhab dhix69tm jktsbyx5 rz4wbd8a osnr6wyh a8nywdso s1tcr66n\">\n<div class=\"bp9cbjyn j83agx80 buofh1pr ni8dbmo4 stjgntxs\"><\/div>\n<\/div>\n<\/div>\n<\/div>\n<\/div>\n<\/div>\n<\/div>\n<\/div>\n<div class=\"\"><\/div>\n<div class=\"bp9cbjyn j83agx80 pfnyh3mw p1ueia1e\">\n<div class=\"gtad4xkn\"><\/div>\n<\/div>\n","protected":false},"excerpt":{"rendered":"<p>ES DE PARADA LA LATA Y TIENE 17 A\u00d1OS. LOGR\u00d3 LA MEJOR FOTO.<\/p>\n","protected":false},"author":3,"featured_media":8527,"comment_status":"open","ping_status":"open","sticky":false,"template":"","format":"standard","meta":{"footnotes":"","jetpack_publicize_message":"","jetpack_publicize_feature_enabled":true,"jetpack_social_post_already_shared":false,"jetpack_social_options":{"image_generator_settings":{"template":"highway","default_image_id":0,"font":"","enabled":false},"version":2}},"categories":[14],"tags":[307,1154,1153],"class_list":["post-8525","post","type-post","status-publish","format-standard","has-post-thumbnail","hentry","category-la-gente","tag-bonaerenses","tag-foto","tag-premio"],"jetpack_publicize_connections":[],"jetpack_featured_media_url":"https:\/\/revistaepocadigital.com.ar\/wp-content\/uploads\/2021\/01\/136081550_225529812493956_8759808924694157663_n.jpg","jetpack_likes_enabled":true,"_links":{"self":[{"href":"https:\/\/revistaepocadigital.com.ar\/index.php?rest_route=\/wp\/v2\/posts\/8525","targetHints":{"allow":["GET"]}}],"collection":[{"href":"https:\/\/revistaepocadigital.com.ar\/index.php?rest_route=\/wp\/v2\/posts"}],"about":[{"href":"https:\/\/revistaepocadigital.com.ar\/index.php?rest_route=\/wp\/v2\/types\/post"}],"author":[{"embeddable":true,"href":"https:\/\/revistaepocadigital.com.ar\/index.php?rest_route=\/wp\/v2\/users\/3"}],"replies":[{"embeddable":true,"href":"https:\/\/revistaepocadigital.com.ar\/index.php?rest_route=%2Fwp%2Fv2%2Fcomments&post=8525"}],"version-history":[{"count":0,"href":"https:\/\/revistaepocadigital.com.ar\/index.php?rest_route=\/wp\/v2\/posts\/8525\/revisions"}],"wp:featuredmedia":[{"embeddable":true,"href":"https:\/\/revistaepocadigital.com.ar\/index.php?rest_route=\/wp\/v2\/media\/8527"}],"wp:attachment":[{"href":"https:\/\/revistaepocadigital.com.ar\/index.php?rest_route=%2Fwp%2Fv2%2Fmedia&parent=8525"}],"wp:term":[{"taxonomy":"category","embeddable":true,"href":"https:\/\/revistaepocadigital.com.ar\/index.php?rest_route=%2Fwp%2Fv2%2Fcategories&post=8525"},{"taxonomy":"post_tag","embeddable":true,"href":"https:\/\/revistaepocadigital.com.ar\/index.php?rest_route=%2Fwp%2Fv2%2Ftags&post=8525"}],"curies":[{"name":"wp","href":"https:\/\/api.w.org\/{rel}","templated":true}]}}