{"id":8530,"date":"2021-01-25T10:27:37","date_gmt":"2021-01-25T13:27:37","guid":{"rendered":"https:\/\/revistaepocadigital.com.ar\/?p=8530"},"modified":"2021-02-03T00:24:34","modified_gmt":"2021-02-03T03:24:34","slug":"cepral-te-solicita-que-utilices-la-luz-en-forma-racional","status":"publish","type":"post","link":"https:\/\/revistaepocadigital.com.ar\/?p=8530","title":{"rendered":"LA DEMANDA DE LUZ AL L\u00cdMITE HASTA EL RESPIRO POR LA LLUVIA"},"content":{"rendered":"<p><strong>EL CALOR INTENSO, LA GRAN CANTIDAD DE VISITANTES, ENTRE LAS RAZONES Y LUEGO EL RESPIRO.<\/strong><!--more--><\/p>\n<p>Se atravesaron d\u00edas de intens\u00edsimo calor, con temperaturas oscilantes entre los 35 y 37 grados. Eso llev\u00f3 a que el consumo de energ\u00eda el\u00e9ctrica creciera en forma exponencial, colocando al sistema de provisi\u00f3n en estado de alerta.<\/p>\n<p>En lo que se dio en Exaltaci\u00f3n de la Cruz, y en particular en la zona de Parada Robles y los barrios cercanos a los que Cepral suministra energ\u00eda el\u00e9ctrica, se vino notando pudo saber EPOCA, un aumento muy importante de consumo de luz. Se ha vinculado a la gran cantidad de visitantes que pasan d\u00edas de descanso en la zona, mucho m\u00e1s este verano 2021 tan especial, debido a restricciones y dificultades para vacacionar en puntos tur\u00edsticos del pa\u00eds y pa\u00edses de la regi\u00f3n.<\/p>\n<p>Se habla que en los barrios cercanos a Parada Robles, se concentran en casas quintas y otro tipo de viviendas, sobretodo los fines de semana, unas 40 mil personas que en este caso, utilizan el suministro de energ\u00eda provisto por Cepral. Cantidad que habla por s\u00ed sola del elevad\u00edsimo consumo de luz.<\/p>\n<p>Como ha sido informado desde Cepral, han solicitado que se haga un &#8220;uso responsable y racional&#8221; de la energ\u00eda el\u00e9ctrica.<\/p>\n<p>D\u00edas despu\u00e9s las lluvias y mal tiempo, bajaron las temperaturas y se produjo el tan esperado respiro. As\u00ed en el caso de Cepral luego de haber tenido que interrumpir el servicio ante requerimientos de proveedores de energ\u00eda por el elevado consumo, el suministro de luz fue normaliz\u00e1ndose.<\/p>\n<p>Por las elevadas temperaturas, Cepral debi\u00f3 interrumpir el servicio de alumbrado p\u00fablico y en el Peaje Larena. Desde la cooperativa, seg\u00fan public\u00f3 el peri\u00f3dico El Lugare\u00f1o, se hab\u00eda informado sobre la solicitud de Transba (proveedor de energ\u00eda) para efectuar cortes rotativos de 60 minutos para mantener el servicio el\u00e9ctrico nacional.<\/p>\n<p>Al mismo medio, coment\u00f3 el presidente de Cepral, Jos\u00e9 Luis Hermida que hab\u00edan resuelto desafectar el peaje y alumbrado p\u00fablico \u201cpara no afectar a los hogares\u201d mientras que d\u00edas despu\u00e9s recibieron otro llamado para reducir el consumo: \u201cel lunes fue r\u00e9cord hist\u00f3rico en Argentina con casi 26.500 megawatts de consumo, que super\u00f3 el r\u00e9cord de febrero de 2018, que era 26.100. Para no afectar en un solo lugar, hicimos cortes rotativos hasta que se normalizara el consumo<\/p>\n<p>&nbsp;<\/p>\n<p><img loading=\"lazy\" decoding=\"async\" class=\"aligncenter size-full wp-image-8531\" src=\"https:\/\/revistaepocadigital.com.ar\/wp-content\/uploads\/2021\/01\/135356607_10221674639794158_854366422097482788_o.jpg\" alt=\"\" width=\"843\" height=\"1192\" srcset=\"https:\/\/revistaepocadigital.com.ar\/wp-content\/uploads\/2021\/01\/135356607_10221674639794158_854366422097482788_o.jpg 843w, https:\/\/revistaepocadigital.com.ar\/wp-content\/uploads\/2021\/01\/135356607_10221674639794158_854366422097482788_o-212x300.jpg 212w, https:\/\/revistaepocadigital.com.ar\/wp-content\/uploads\/2021\/01\/135356607_10221674639794158_854366422097482788_o-768x1086.jpg 768w, https:\/\/revistaepocadigital.com.ar\/wp-content\/uploads\/2021\/01\/135356607_10221674639794158_854366422097482788_o-696x984.jpg 696w, https:\/\/revistaepocadigital.com.ar\/wp-content\/uploads\/2021\/01\/135356607_10221674639794158_854366422097482788_o-297x420.jpg 297w, https:\/\/revistaepocadigital.com.ar\/wp-content\/uploads\/2021\/01\/135356607_10221674639794158_854366422097482788_o-594x840.jpg 594w\" sizes=\"auto, (max-width: 843px) 100vw, 843px\" \/><\/p>\n","protected":false},"excerpt":{"rendered":"<p>EL CALOR INTENSO, LA GRAN CANTIDAD DE VISITANTES, ENTRE LAS RAZONES Y LUEGO EL RESPIRO.<\/p>\n","protected":false},"author":3,"featured_media":8782,"comment_status":"open","ping_status":"open","sticky":false,"template":"","format":"standard","meta":{"footnotes":"","jetpack_publicize_message":"","jetpack_publicize_feature_enabled":true,"jetpack_social_post_already_shared":false,"jetpack_social_options":{"image_generator_settings":{"template":"highway","default_image_id":0,"font":"","enabled":false},"version":2}},"categories":[5],"tags":[29,206,1155],"class_list":["post-8530","post","type-post","status-publish","format-standard","has-post-thumbnail","hentry","category-aqui-parada-robles","tag-cepral","tag-luz","tag-verano"],"jetpack_publicize_connections":[],"jetpack_featured_media_url":"https:\/\/revistaepocadigital.com.ar\/wp-content\/uploads\/2021\/01\/lote-barrio-parque-el-remanso_01140fc7cc_3.jpg","jetpack_likes_enabled":true,"_links":{"self":[{"href":"https:\/\/revistaepocadigital.com.ar\/index.php?rest_route=\/wp\/v2\/posts\/8530","targetHints":{"allow":["GET"]}}],"collection":[{"href":"https:\/\/revistaepocadigital.com.ar\/index.php?rest_route=\/wp\/v2\/posts"}],"about":[{"href":"https:\/\/revistaepocadigital.com.ar\/index.php?rest_route=\/wp\/v2\/types\/post"}],"author":[{"embeddable":true,"href":"https:\/\/revistaepocadigital.com.ar\/index.php?rest_route=\/wp\/v2\/users\/3"}],"replies":[{"embeddable":true,"href":"https:\/\/revistaepocadigital.com.ar\/index.php?rest_route=%2Fwp%2Fv2%2Fcomments&post=8530"}],"version-history":[{"count":0,"href":"https:\/\/revistaepocadigital.com.ar\/index.php?rest_route=\/wp\/v2\/posts\/8530\/revisions"}],"wp:featuredmedia":[{"embeddable":true,"href":"https:\/\/revistaepocadigital.com.ar\/index.php?rest_route=\/wp\/v2\/media\/8782"}],"wp:attachment":[{"href":"https:\/\/revistaepocadigital.com.ar\/index.php?rest_route=%2Fwp%2Fv2%2Fmedia&parent=8530"}],"wp:term":[{"taxonomy":"category","embeddable":true,"href":"https:\/\/revistaepocadigital.com.ar\/index.php?rest_route=%2Fwp%2Fv2%2Fcategories&post=8530"},{"taxonomy":"post_tag","embeddable":true,"href":"https:\/\/revistaepocadigital.com.ar\/index.php?rest_route=%2Fwp%2Fv2%2Ftags&post=8530"}],"curies":[{"name":"wp","href":"https:\/\/api.w.org\/{rel}","templated":true}]}}