{"id":8549,"date":"2021-01-08T02:18:19","date_gmt":"2021-01-08T05:18:19","guid":{"rendered":"https:\/\/revistaepocadigital.com.ar\/?p=8549"},"modified":"2021-01-08T19:41:10","modified_gmt":"2021-01-08T22:41:10","slug":"restricciones-en-transporte-y-toque-de-queda-sanitario-para-frenar-el-aumento-de-casos-de-covid-19","status":"publish","type":"post","link":"https:\/\/revistaepocadigital.com.ar\/?p=8549","title":{"rendered":"Restricciones en transporte y toque de queda sanitario para frenar el aumento de casos de Covid-19"},"content":{"rendered":"<p><strong>POR EL AUMENTO DE CASOS POSITIVOS DE CORONAVIRUS QUE PREOCUPA MUCHO.<\/strong><!--more--><\/p>\n<p>&nbsp;<\/p>\n<p>Luego del encuentro con gobernadores, el presidente Alberto Fern\u00e1ndez continu\u00f3la ronda de consultas que ultimaron los detalles del DNU que establece desde hoy (9\/1) las nuevas medidas sanitarias. Con la restricci\u00f3n de circulaci\u00f3n nocturna como principal iniciativa, se prev\u00e9 que los protocolos comiencen a regir desde hoy.<\/p>\n<p>El primer mandatario continu\u00f3 conversaciones con los gobernadores para consensuar los principales puntos del texto oficial (el chaque\u00f1o Jorge Capitanich, a cargo de una de las provincias m\u00e1s afectadas por la pandemia, incluso visit\u00f3 Balcarce 50) al tiempo que mantuvo una reuni\u00f3n con el Jefe de Gabinete, Santiago Cafiero, y la Secretaria de Acceso a la Salud, Carla Vizzotti, dando los retoques finales al texto oficial.<\/p>\n<p>Cafiero asegur\u00f3 que las nuevas medidas &#8220;regir\u00e1n a partir de ma\u00f1ana&#8221; viernes (8\/1) con su publicaci\u00f3n en el Bolet\u00edn Oficial.<\/p>\n<p>&#8220;En la reuni\u00f3n de ayer entre el presidente Alberto Fern\u00e1ndez y los gobernadores hubo acuerdos en la necesidad de restringir la circulaci\u00f3n en horario nocturno&#8221;, dijo Cafiero al encabezar un acto en el Instituto Malbr\u00e1n.<\/p>\n<p>Seg\u00fan pudo saber \u00c1mbito, ni al Gobierno ni a las provincias les convence el t\u00e9rmino &#8220;toque de queda&#8221;, pese a que todos se mostraron de acuerdo en que la circulaci\u00f3n nocturna debe ser restringida para evitar la propagaci\u00f3n del virus. De hecho, uno de los pedidos de los mandatarios provinciales en la videoconferencia del mi\u00e9rcoles fue que sea Naci\u00f3n la que disponga la medida: nadie quiere pagar el costo pol\u00edtico de la prohibici\u00f3n en una sociedad cansada de la cuarentena.<\/p>\n<p>Si bien ya es un hecho el cierre de la actividad nocturna, todav\u00eda no se defini\u00f3 si la restricci\u00f3n comenzar\u00e1 a las 23 (como estaba previsto en un comienzo) o las 24 horas.<\/p>\n<p>Es sabido tambi\u00e9n que el acatamiento a la medida ser\u00e1 dispar. El gobernador de C\u00f3rdoba, Juan Schiaretti, se mostr\u00f3 reacio a las restricciones de circulaci\u00f3n nocturna. Y no ser\u00eda el \u00fanico. Por ello, se eval\u00faa que los locales comerciales no esenciales como bares y restaurantes cierren a la una, al menos en lugares tur\u00edsticos.<\/p>\n<p>El Jefe de Gobierno porte\u00f1o, Horacio Rodr\u00edguez Larreta, tambi\u00e9n se opone al toque de queda sanitario. Desde Ciudad proponen reforzar los controles en las reuniones sociales y no proceder al cierre de actividades. Desde el gobierno de Mendoza tambi\u00e9n adelantaron que no aplicar\u00e1n el toque de queda sanitario.<\/p>\n<p>En cuanto al transporte publico es casi seguro que volver\u00e1 a nivel nacional la restricci\u00f3n para pasajeros no esenciales.<\/p>\n<p>Tras dos jornadas que superaron los 13 mil casos diarios, el Gobierno tambi\u00e9n analiza por estas horas volver a restringir el uso de transporte p\u00fablico para trabajadores esenciales.<\/p>\n<p>Otro de los factores a tener en cuenta es que el viernes 8 de enero vence la restricci\u00f3n de ingreso de vuelos provenientes de Gran Breta\u00f1a y otros pa\u00edses europeos. En este sentido, la idea es mantener esta medida, sin inhabilitar el ingreso de argentinos y residentes por 15 d\u00edas m\u00e1s. Por ahora no esta previsto el cierre del aeropuerto internacional de Ezeiza.<\/p>\n<p>Entre las medidas que se abordan por estas horas tambi\u00e9n se discute la posibilidad de que se solicite un test PCR para el turismo interno para la cual analizan qu\u00e9 distritos est\u00e1n en condiciones de exigir el examen.<\/p>\n<p>Sin embargo, debido a las dificultades para su aplicaci\u00f3n, por ahora no est\u00e1 confirmada su implementaci\u00f3n. En ese sentido, el Jefe de Gabinete anticip\u00f3 que las medidas &#8220;no van a alterar la temporada&#8221; de verano.<\/p>\n<p>En Casa Rosada no descartan medidas m\u00e1s duras en caso de que los casos positivos de coronavirus no bajen. La idea del Gobierno es dar un plazo de quince d\u00edas a las nuevas restricciones, y evaluar el rumbo a seguir al cabo de dos semanas.<\/p>\n<p>Nota publicada en el diario Ambito Financiero.<\/p>\n<p>ccamarano@ambito.com.ar<\/p>\n","protected":false},"excerpt":{"rendered":"<p>POR EL AUMENTO DE CASOS POSITIVOS DE CORONAVIRUS QUE PREOCUPA MUCHO.<\/p>\n","protected":false},"author":3,"featured_media":8555,"comment_status":"open","ping_status":"open","sticky":false,"template":"","format":"standard","meta":{"footnotes":"","jetpack_publicize_message":"","jetpack_publicize_feature_enabled":true,"jetpack_social_post_already_shared":false,"jetpack_social_options":{"image_generator_settings":{"template":"highway","default_image_id":0,"font":"","enabled":false},"version":2}},"categories":[17],"tags":[639,1156],"class_list":["post-8549","post","type-post","status-publish","format-standard","has-post-thumbnail","hentry","category-politica","tag-pandemia","tag-restricciones"],"jetpack_publicize_connections":[],"jetpack_featured_media_url":"https:\/\/revistaepocadigital.com.ar\/wp-content\/uploads\/2021\/01\/alberto-fernandez-casa-rosadajpeg-1.jpeg","jetpack_likes_enabled":true,"_links":{"self":[{"href":"https:\/\/revistaepocadigital.com.ar\/index.php?rest_route=\/wp\/v2\/posts\/8549","targetHints":{"allow":["GET"]}}],"collection":[{"href":"https:\/\/revistaepocadigital.com.ar\/index.php?rest_route=\/wp\/v2\/posts"}],"about":[{"href":"https:\/\/revistaepocadigital.com.ar\/index.php?rest_route=\/wp\/v2\/types\/post"}],"author":[{"embeddable":true,"href":"https:\/\/revistaepocadigital.com.ar\/index.php?rest_route=\/wp\/v2\/users\/3"}],"replies":[{"embeddable":true,"href":"https:\/\/revistaepocadigital.com.ar\/index.php?rest_route=%2Fwp%2Fv2%2Fcomments&post=8549"}],"version-history":[{"count":0,"href":"https:\/\/revistaepocadigital.com.ar\/index.php?rest_route=\/wp\/v2\/posts\/8549\/revisions"}],"wp:featuredmedia":[{"embeddable":true,"href":"https:\/\/revistaepocadigital.com.ar\/index.php?rest_route=\/wp\/v2\/media\/8555"}],"wp:attachment":[{"href":"https:\/\/revistaepocadigital.com.ar\/index.php?rest_route=%2Fwp%2Fv2%2Fmedia&parent=8549"}],"wp:term":[{"taxonomy":"category","embeddable":true,"href":"https:\/\/revistaepocadigital.com.ar\/index.php?rest_route=%2Fwp%2Fv2%2Fcategories&post=8549"},{"taxonomy":"post_tag","embeddable":true,"href":"https:\/\/revistaepocadigital.com.ar\/index.php?rest_route=%2Fwp%2Fv2%2Ftags&post=8549"}],"curies":[{"name":"wp","href":"https:\/\/api.w.org\/{rel}","templated":true}]}}