{"id":8556,"date":"2021-01-08T19:38:08","date_gmt":"2021-01-08T22:38:08","guid":{"rendered":"https:\/\/revistaepocadigital.com.ar\/?p=8556"},"modified":"2021-01-08T19:38:08","modified_gmt":"2021-01-08T22:38:08","slug":"en-exaltacion-de-la-cruz-165-agentes-de-salud-vacunados","status":"publish","type":"post","link":"https:\/\/revistaepocadigital.com.ar\/?p=8556","title":{"rendered":"En Exaltaci\u00f3n de la Cruz, \u00a0165 agentes de salud vacunados"},"content":{"rendered":"<div>\n<div class=\"pybr56ya dati1w0a hv4rvrfc n851cfcs btwxx1t3 j83agx80 ll8tlv6m\">\n<div class=\"oi9244e8 do00u71z j83agx80\">\n<div class=\"nc684nl6\">\n<div class=\"q676j6op qypqp5cg\"><strong>HAN SIDO LOS PRIMEROS EN RECIBIR LA VACUNA CONTRA EL COVID 19.<\/strong><\/div>\n<\/div>\n<\/div>\n<div class=\"buofh1pr\">\n<div class=\"j83agx80 cbu4d94t ew0dbk1b irj2b8pg\">\n<div class=\"qzhwtbm6 knvmm38d\"><\/div>\n<div class=\"qzhwtbm6 knvmm38d\"><\/div>\n<\/div>\n<\/div>\n<\/div>\n<\/div>\n<p><!--more--><\/p>\n<div class=\"\" dir=\"auto\">\n<div id=\"jsc_c_2e1\" class=\"ecm0bbzt hv4rvrfc ihqw7lf3 dati1w0a\" data-ad-comet-preview=\"message\" data-ad-preview=\"message\">\n<div class=\"j83agx80 cbu4d94t ew0dbk1b irj2b8pg\">\n<div class=\"qzhwtbm6 knvmm38d\">\n<div class=\"kvgmc6g5 cxmmr5t8 oygrvhab hcukyx3x c1et5uql ii04i59q\">\n<div dir=\"auto\">A poco de haberse comenzado con la vacunaci\u00f3n en el distrito, 165 agentes del sistema de Salud local, fueron los primeros en recibir la primera dosis de la Sputnik V, en lo que representa una campa\u00f1a in\u00e9dita en la historia sanitaria de Exaltaci\u00f3n de la Cruz.<\/div>\n<\/div>\n<div class=\"o9v6fnle cxmmr5t8 oygrvhab hcukyx3x c1et5uql ii04i59q\">\n<div dir=\"auto\"><\/div>\n<\/div>\n<div class=\"o9v6fnle cxmmr5t8 oygrvhab hcukyx3x c1et5uql ii04i59q\">\n<div dir=\"auto\"><em>&#8220;El proceso, que requiere de tiempo, precisi\u00f3n y el compromiso de nuestros profesionales, comenz\u00f3 el \u00faltimo d\u00eda del 2020 con la colocaci\u00f3n de las primeras dosis, y con la esperanza de comenzar un 2021 que sea recordado como el a\u00f1o en el que vencimos al virus&#8221;, <\/em>sostuvieron desde el municipio.<\/div>\n<div dir=\"auto\"><\/div>\n<\/div>\n<div class=\"o9v6fnle cxmmr5t8 oygrvhab hcukyx3x c1et5uql ii04i59q\">\n<div dir=\"auto\"><strong>La Sputnik se mantiene congelada en un refrigerador del Hospital San Jos\u00e9,<\/strong> cuya habitaci\u00f3n cuenta con una c\u00e1mara de seguridad y un control de temperatura.<\/div>\n<div dir=\"auto\"><\/div>\n<div dir=\"auto\">Cada envase contiene cinco dosis, y una vez que el material est\u00e1 descongelado, debe utilizarse en un plazo no mayor a los 20 minutos. Es por eso que, al momento de vacunar, Salud se garantiza cinco personas para la aplicaci\u00f3n.<\/div>\n<\/div>\n<div class=\"o9v6fnle cxmmr5t8 oygrvhab hcukyx3x c1et5uql ii04i59q\">\n<div dir=\"auto\">Una vez que los cinco pacientes se encuentran en el lugar, se les realiza una serie de preguntas respecto de antecedentes m\u00e9dicos. Cumplido ese proceso, finalmente se aplica la primera dosis de la Sputnik V. La segunda, ser\u00e1 unos 20 d\u00edas despu\u00e9s.<\/div>\n<div dir=\"auto\"><\/div>\n<\/div>\n<div class=\"o9v6fnle cxmmr5t8 oygrvhab hcukyx3x c1et5uql ii04i59q\">\n<div dir=\"auto\">Luego, y tal como lo establece el protocolo, quienes reciben la vacuna deben permanecer al menos 20 minutos sentados, en observaci\u00f3n, para descartar cualquier reacci\u00f3n adversa.<\/div>\n<div dir=\"auto\"><\/div>\n<\/div>\n<div class=\"o9v6fnle cxmmr5t8 oygrvhab hcukyx3x c1et5uql ii04i59q\">\n<div dir=\"auto\">Este complejo procedimiento est\u00e1 en marcha y se repiti\u00f3 165 veces, con un protocolo estricto, y dando cumplimiento a la campa\u00f1a de vacunaci\u00f3n m\u00e1s importante que recuerde Exaltaci\u00f3n de la Cruz, y el mundo.<\/div>\n<div dir=\"auto\"><\/div>\n<\/div>\n<div class=\"o9v6fnle cxmmr5t8 oygrvhab hcukyx3x c1et5uql ii04i59q\">\n<div dir=\"auto\">Por ahora la vacuna est\u00e1 disponible para aquellos que tengan entre 18 y 59 a\u00f1os y acrediten enfermedades preexistentes, mayores de 60 a\u00f1os y el personal de salud, policial o docente y auxiliar.<\/div>\n<div dir=\"auto\"><\/div>\n<\/div>\n<div class=\"o9v6fnle cxmmr5t8 oygrvhab hcukyx3x c1et5uql ii04i59q\">\n<div dir=\"auto\">Para poder acceder a la vacunaci\u00f3n, es necesario registrarse en <a class=\"oajrlxb2 g5ia77u1 qu0x051f esr5mh6w e9989ue4 r7d6kgcz rq0escxv nhd2j8a9 nc684nl6 p7hjln8o kvgmc6g5 cxmmr5t8 oygrvhab hcukyx3x jb3vyjys rz4wbd8a qt6c0cv9 a8nywdso i1ao9s8h esuyzwwr f1sip0of lzcic4wl py34i1dx gpro0wi8\" tabindex=\"0\" role=\"link\" href=\"http:\/\/www.gba.gob.ar\/vacunate?fbclid=IwAR07OeblWOt2ZrdJSBYMAEtDWtI9ILVMP5kWGSgYnZDJDKm04BYcXaADcEk\" target=\"_blank\" rel=\"nofollow noopener\">www.gba.gob.ar\/vacunate<\/a>.<\/div>\n<\/div>\n<\/div>\n<\/div>\n<\/div>\n<\/div>\n<div class=\"qbxu24ho bxzzcbxg lxuwth05 h2mp5456 ue3kfks5 pw54ja7n uo3d90p7 l82x9zwi goun2846 ccm00jje s44p3ltw mk2mc5f4 frvqaej8 ed0hlay0 afxsp9o4 jcgfde61 tvfksri0 ozuftl9m\">\n<div class=\"\">\n<div class=\"hqeojc4l\">\n<div class=\"l9j0dhe7 jxk88fls rops0bsn n851cfcs\">\n<div class=\"l9j0dhe7\"><\/div>\n<\/div>\n<\/div>\n<\/div>\n<\/div>\n<div class=\"l9j0dhe7 jxk88fls rops0bsn n851cfcs\"><\/div>\n<div class=\"dati1w0a hv4rvrfc osnr6wyh\">\n<div class=\"btwxx1t3 j83agx80 cwj9ozl2\">\n<div class=\"j83agx80 cbu4d94t ew0dbk1b irj2b8pg\">\n<div class=\"qzhwtbm6 knvmm38d\">\n<div class=\"nc684nl6\"><\/div>\n<\/div>\n<\/div>\n<\/div>\n<\/div>\n","protected":false},"excerpt":{"rendered":"<p>HAN SIDO LOS PRIMEROS EN RECIBIR LA VACUNA CONTRA EL COVID 19.<\/p>\n","protected":false},"author":3,"featured_media":8557,"comment_status":"open","ping_status":"open","sticky":false,"template":"","format":"standard","meta":{"footnotes":"","jetpack_publicize_message":"","jetpack_publicize_feature_enabled":true,"jetpack_social_post_already_shared":false,"jetpack_social_options":{"image_generator_settings":{"template":"highway","default_image_id":0,"font":"","enabled":false},"version":2}},"categories":[13],"tags":[1157,894],"class_list":["post-8556","post","type-post","status-publish","format-standard","has-post-thumbnail","hentry","category-interes-general","tag-covid-19","tag-vacunacion"],"jetpack_publicize_connections":[],"jetpack_featured_media_url":"https:\/\/revistaepocadigital.com.ar\/wp-content\/uploads\/2021\/01\/vacunados-covid-21.jpg","jetpack_likes_enabled":true,"_links":{"self":[{"href":"https:\/\/revistaepocadigital.com.ar\/index.php?rest_route=\/wp\/v2\/posts\/8556","targetHints":{"allow":["GET"]}}],"collection":[{"href":"https:\/\/revistaepocadigital.com.ar\/index.php?rest_route=\/wp\/v2\/posts"}],"about":[{"href":"https:\/\/revistaepocadigital.com.ar\/index.php?rest_route=\/wp\/v2\/types\/post"}],"author":[{"embeddable":true,"href":"https:\/\/revistaepocadigital.com.ar\/index.php?rest_route=\/wp\/v2\/users\/3"}],"replies":[{"embeddable":true,"href":"https:\/\/revistaepocadigital.com.ar\/index.php?rest_route=%2Fwp%2Fv2%2Fcomments&post=8556"}],"version-history":[{"count":0,"href":"https:\/\/revistaepocadigital.com.ar\/index.php?rest_route=\/wp\/v2\/posts\/8556\/revisions"}],"wp:featuredmedia":[{"embeddable":true,"href":"https:\/\/revistaepocadigital.com.ar\/index.php?rest_route=\/wp\/v2\/media\/8557"}],"wp:attachment":[{"href":"https:\/\/revistaepocadigital.com.ar\/index.php?rest_route=%2Fwp%2Fv2%2Fmedia&parent=8556"}],"wp:term":[{"taxonomy":"category","embeddable":true,"href":"https:\/\/revistaepocadigital.com.ar\/index.php?rest_route=%2Fwp%2Fv2%2Fcategories&post=8556"},{"taxonomy":"post_tag","embeddable":true,"href":"https:\/\/revistaepocadigital.com.ar\/index.php?rest_route=%2Fwp%2Fv2%2Ftags&post=8556"}],"curies":[{"name":"wp","href":"https:\/\/api.w.org\/{rel}","templated":true}]}}