{"id":8561,"date":"2021-01-09T00:38:34","date_gmt":"2021-01-09T03:38:34","guid":{"rendered":"https:\/\/revistaepocadigital.com.ar\/?p=8561"},"modified":"2021-01-09T00:38:34","modified_gmt":"2021-01-09T03:38:34","slug":"el-toque-sanitario-en-la-argentina-como-aplicara-cada-provincia-las-restricciones","status":"publish","type":"post","link":"https:\/\/revistaepocadigital.com.ar\/?p=8561","title":{"rendered":"El \u201ctoque sanitario\u201d en la Argentina: c\u00f3mo aplicar\u00e1 cada provincia las restricciones"},"content":{"rendered":"<div class=\"article__header article__header-story article__header-article\">\n<div class=\"article__headline-byline-container\">\n<h5 class=\"article__dropline soft\"><strong>EL DECRETO.<!--more--><\/strong><\/h5>\n<h5 class=\"article__dropline soft\">El Gobierno public\u00f3 un decreto para limitar la circulaci\u00f3n, aunque no todos los gobernadores seguir\u00e1n las recomendaciones.<\/h5>\n<h5 class=\"article__dropline soft\">Cu\u00e1les son los distritos con el sem\u00e1foro sanitario en rojo.<\/h5>\n<div class=\"article__byline margin_top margin_bottom flex\"><\/div>\n<\/div>\n<div class=\"genoa_video relative\">\n<div class=\"aspect_ratio__container\">\n<div>\n<div class=\"genoa-embed-content-1031932\">\n<div id=\"vid-list-container-content-1031932\" class=\"vid-list-container\">En la Ciudad de Buenos Aires, los locales comerciales y recreativos estar\u00e1n cerrados de 1 a 6, aunque no se limitar\u00e1 la circulaci\u00f3n.<\/div>\n<div><\/div>\n<\/div>\n<\/div>\n<\/div>\n<\/div>\n<\/div>\n<p>Ya rigen las<b>\u00a0nuevas restricciones<\/b>\u00a0dispuestas por el Gobierno nacional con el prop\u00f3sito de reducir los contagios de coronavirus en todo el pa\u00eds.<\/p>\n<div class=\"default-article-color politica-article-color article__body\">\n<p class=\"paragraph\">El\u00a0<a href=\"https:\/\/tn.com.ar\/politica\/2021\/01\/08\/que-dice-el-decreto-de-gobierno-que-recomienda-restringir-la-circulacion-nocturna\/\" target=\"_blank\" rel=\"noopener\">decreto<\/a>\u00a0recomend\u00f3 a los gobernadores, al jefe de Gobierno porte\u00f1o y a los intendentes restringir la circulaci\u00f3n nocturna, aunque las medidas quedaron sujetas a la decisi\u00f3n de cada jurisdicci\u00f3n.<\/p>\n<p class=\"paragraph\">El \u00edndice de contagios de los distritos que componen el \u00c1rea Metropolitana de Buenos Aires (AMBA) supera los par\u00e1metros fijados por la Casa Rosada en el decreto 4\/2021 publicado (8\/1). Sin embargo, la <b>Ciudad de Buenos Aires<\/b>\u00a0resolvi\u00f3 mantener la libre circulaci\u00f3n y que\u00a0<a href=\"https:\/\/tn.com.ar\/politica\/2021\/01\/08\/coronavirus-en-la-argentina-en-la-ciudad-de-buenos-aires-los-locales-comerciales-y-recreativos-cerraran-de-1-a-6-y-habra-libre-circulacion\/\" target=\"_blank\" rel=\"noopener\">los locales comerciales y recreativos permanezcan cerrados de 1 a 6.<\/a>\u00a0En la\u00a0<b>Provincia<\/b>, en tanto,\u00a0<a href=\"https:\/\/tn.com.ar\/politica\/2021\/01\/08\/coronavirus-en-la-argentina-la-provincia-de-buenos-aires-advierte-que-sera-dificil-aplicar-nuevas-restricciones\/\" target=\"_blank\" rel=\"noopener\">el horario de nocturnidad se discutir\u00e1\u00a0<b>en cada municipio<\/b><\/a>\u00a0con los intendentes.<\/p>\n<p class=\"interstitial--link margin_top-md margin_bottom-md\"><a class=\"text_align_left italic semi_bold margin-auto\" href=\"https:\/\/tn.com.ar\/salud\/2021\/01\/08\/coronavirus-en-la-argentina-informaron-13346-nuevos-casos-y-151-muertes-en-24-horas\/\">Tras el anuncio de las restricciones, informaron 13.346 nuevos casos y 151 muertes en 24 horas<\/a><\/p>\n<p class=\"paragraph\"><b>Mendoza\u00a0<\/b>hab\u00eda dispuesto en julio el alerta de 23.30 a 5.30, en noviembre lo modific\u00f3 a la franja de 1.30 a 5.30, y finalmente en diciembre decidi\u00f3 liberarlo con fines tur\u00edsticos.<\/p>\n<p class=\"paragraph\">En\u00a0<b>C\u00f3rdoba<\/b>, que meses atr\u00e1s fue otra de las provincias pioneras en el \u201ctoque sanitario\u201d nocturno, el gobernador\u00a0<a href=\"https:\/\/tn.com.ar\/politica\/2021\/01\/07\/restricciones-cordoba-anuncio-mas-testeos-y-la-apertura-de-bares-y-restaurantes-hasta-la-1\/\" target=\"_blank\" rel=\"noopener\">Juan Schiaretti se adelant\u00f3 al decreto<\/a>\u00a0y el jueves confirm\u00f3 que \u201cvamos a seguir con el sistema de trabajo con el que ven\u00edamos hasta hoy\u201d. Es decir, un esquema similar al de la Ciudad, con restaurantes y bares cerrados de 1 a 6.<\/p>\n<div class=\"genoa_video raw relative\">\n<div class=\"aspect_ratio__container\">\n<div>\n<div class=\"genoa-embed-content-1031970\">\n<div class=\"videojs vjs-fluid\">\n<div class=\"video-inner-container\">\n<div id=\"content-1031970\" class=\"video-js vjs-big-play-centered vjs-paused vjs-fluid content-1031970-dimensions vjs-controls-enabled vjs-workinghover vjs-v7 vjs-user-active\" lang=\"es\" tabindex=\"-1\" role=\"region\" aria-label=\"Video Player\">V\u00eda Twitter, Gerardo Morales anunci\u00f3 que en <b>Jujuy\u00a0<\/b>tampoco habr\u00e1 restricciones respecto a la circulaci\u00f3n y actividades nocturnas.<\/div>\n<div lang=\"es\" tabindex=\"-1\" role=\"region\" aria-label=\"Video Player\"><\/div>\n<\/div>\n<\/div>\n<\/div>\n<\/div>\n<\/div>\n<\/div>\n<div class=\"oembed center-embed\" data-oembed-type=\"twitter\">\n<div class=\"twitter-tweet twitter-tweet-rendered\"><iframe id=\"twitter-widget-0\" class=\"\" title=\"Twitter Tweet\" src=\"https:\/\/platform.twitter.com\/embed\/index.html?creatorScreenName=todonoticias&amp;dnt=false&amp;embedId=twitter-widget-0&amp;frame=false&amp;hideCard=false&amp;hideThread=false&amp;id=1347574074256535553&amp;lang=es&amp;origin=https%3A%2F%2Ftn.com.ar%2Fpolitica%2F2021%2F01%2F09%2Fcoronavirus-en-la-argentina-el-mapa-del-toque-de-queda-sanitario-en-la-argentina-como-aplicara-cada-provincia-las-nuevas-restricciones%2F&amp;siteScreenName=todonoticias&amp;theme=light&amp;widgetsVersion=ed20a2b%3A1601588405575&amp;width=550px\" frameborder=\"0\" scrolling=\"no\" allowfullscreen=\"allowfullscreen\" data-tweet-id=\"1347574074256535553\" data-gtm-yt-inspected-1773589_234=\"true\" data-mce-fragment=\"1\"><\/iframe>E<\/div>\n<\/div>\n<h3 class=\"font--primary\">En el resto del pa\u00eds<\/h3>\n<p class=\"paragraph\">Otras cuatro provincias con el sem\u00e1foro sanitario en rojo son\u00a0<b>Entre R\u00edos, Neuqu\u00e9n, La Pampa y Santa Cruz.<\/b><\/p>\n<p class=\"paragraph\"><b>Entre R\u00edos\u00a0<\/b>resolvi\u00f3 limitar la circulaci\u00f3n entre la 1 y las 6 desde este s\u00e1bado hasta el 24 de enero inclusive. Adem\u00e1s, se restringir\u00e1 la actividad comercial en esa franja horaria.<\/p>\n<p class=\"paragraph\">Por el contrario, en\u00a0<b>Neuqu\u00e9n<\/b>, el gobernador Omar Guti\u00e9rrez asegur\u00f3 el jueves que \u201cno habr\u00e1 restricciones al turismo ni a la econom\u00eda\u201d, e indic\u00f3 que se seguir\u00e1 \u201ctrabajando a efectos de alcanzar los respectivos acuerdos\u201d. La provincia patag\u00f3nica es una de las m\u00e1s castigadas por el virus y este viernes comenz\u00f3 a correr la posibilidad de que se ordenen nuevas medidas. Por ahora, la definici\u00f3n se hace esperar.<\/p>\n<p class=\"paragraph\">En\u00a0<b>La Pampa\u00a0<\/b>se prohibir\u00e1 la circulaci\u00f3n de personas de 1 a 6.30 horas con excepci\u00f3n de los trabajadores esenciales. Todas las actividades deben finalizar a la medianoche, con una extensi\u00f3n de 30 minutos para los locales gastron\u00f3micos. La medida regir\u00e1 inicialmente hasta el lunes 18 de enero.<\/p>\n<p class=\"paragraph\">En\u00a0<b>Santa Cruz\u00a0<\/b>se estableci\u00f3 la limitaci\u00f3n horaria a la circulaci\u00f3n entre la 1 y las 7 en todo el territorio. Asimismo, las reuniones sociales en espacios cerrados no podr\u00e1n superar las 10 personas, mientras que en espacios abiertos el l\u00edmite ser\u00e1 de 30.<\/p>\n<figure><\/figure>\n<p class=\"paragraph\">En\u00a0<b>Chaco<\/b>, la gesti\u00f3n Jorge Capitanich dispuso una \u201calarma sanitaria\u201d entre las 0 y las 6 hasta el 21 de enero. Habr\u00e1 una excepci\u00f3n de jueves a domingos, donde estar\u00e1 habilitado el funcionamiento de bares y restaurantes hasta las 2.<\/p>\n<p class=\"paragraph\">En\u00a0<b>Santiago del Estero<\/b>, el Comit\u00e9 de Emergencia (COE) provincial dispuso que a partir del s\u00e1bado 9 para ingresar a la provincia se exigir\u00e1 el hisopado negativo de PCR -de hasta 72 horas c\u00f3mo m\u00e1ximo de realizado- m\u00e1s la declaraci\u00f3n jurada o instalar registr\u00e1ndose en la aplicaci\u00f3n CuidarSE. Sin embargo, se aclar\u00f3 que \u201cel convenio de libre circulaci\u00f3n entre la provincias del NOA (Salta, Jujuy, Catamarca, La Rioja y Tucum\u00e1n) sigue vigente y, por lo tanto, no se exige hisopado en la regi\u00f3n por parte de la provincia\u201d.<\/p>\n<p class=\"paragraph\">En\u00a0<b>Misiones<\/b>, el gobernador Oscar Herrera anticip\u00f3 este jueves la posibilidad de que se imponga \u201cuna organizaci\u00f3n controlada entre las 22 o 23 horas y hasta las 6 de la ma\u00f1ana\u201d. Tras el decreto del Gobierno, las autoridades estaban afinando detalles para dar a conocer las nuevas medidas. Algo similar ocurre con la gesti\u00f3n de Arabela Carreras en\u00a0<b>R\u00edo Negro<\/b>, donde estaba prevista una reuni\u00f3n entre lo principales funcionarios para definir los pasos a seguir.<\/p>\n<\/div>\n<div class=\"elements-container flex flex_column align_center\">\n<div class=\"related_articles width_full\" data-gtm-vis-recent-on-screen-1773589_294=\"30443\" data-gtm-vis-first-on-screen-1773589_294=\"30443\" data-gtm-vis-total-visible-time-1773589_294=\"100\" data-gtm-vis-has-fired-1773589_294=\"1\">\n<div class=\"related__tags flex\">\n<h6 class=\"related__tags_title bold ws-nowrap\">Nota publicada en www.tn.com.ar<\/h6>\n<\/div>\n<\/div>\n<\/div>\n","protected":false},"excerpt":{"rendered":"<p>EL DECRETO.<\/p>\n","protected":false},"author":4,"featured_media":8564,"comment_status":"open","ping_status":"open","sticky":false,"template":"","format":"standard","meta":{"footnotes":"","jetpack_publicize_message":"","jetpack_publicize_feature_enabled":true,"jetpack_social_post_already_shared":false,"jetpack_social_options":{"image_generator_settings":{"template":"highway","default_image_id":0,"font":"","enabled":false},"version":2}},"categories":[17],"tags":[639,1156,1158],"class_list":["post-8561","post","type-post","status-publish","format-standard","has-post-thumbnail","hentry","category-politica","tag-pandemia","tag-restricciones","tag-toque-queda"],"jetpack_publicize_connections":[],"jetpack_featured_media_url":"https:\/\/revistaepocadigital.com.ar\/wp-content\/uploads\/2021\/01\/ZCL36GQGZ5FLRFZYR6CP6CY4HY.jpg","jetpack_likes_enabled":true,"_links":{"self":[{"href":"https:\/\/revistaepocadigital.com.ar\/index.php?rest_route=\/wp\/v2\/posts\/8561","targetHints":{"allow":["GET"]}}],"collection":[{"href":"https:\/\/revistaepocadigital.com.ar\/index.php?rest_route=\/wp\/v2\/posts"}],"about":[{"href":"https:\/\/revistaepocadigital.com.ar\/index.php?rest_route=\/wp\/v2\/types\/post"}],"author":[{"embeddable":true,"href":"https:\/\/revistaepocadigital.com.ar\/index.php?rest_route=\/wp\/v2\/users\/4"}],"replies":[{"embeddable":true,"href":"https:\/\/revistaepocadigital.com.ar\/index.php?rest_route=%2Fwp%2Fv2%2Fcomments&post=8561"}],"version-history":[{"count":0,"href":"https:\/\/revistaepocadigital.com.ar\/index.php?rest_route=\/wp\/v2\/posts\/8561\/revisions"}],"wp:featuredmedia":[{"embeddable":true,"href":"https:\/\/revistaepocadigital.com.ar\/index.php?rest_route=\/wp\/v2\/media\/8564"}],"wp:attachment":[{"href":"https:\/\/revistaepocadigital.com.ar\/index.php?rest_route=%2Fwp%2Fv2%2Fmedia&parent=8561"}],"wp:term":[{"taxonomy":"category","embeddable":true,"href":"https:\/\/revistaepocadigital.com.ar\/index.php?rest_route=%2Fwp%2Fv2%2Fcategories&post=8561"},{"taxonomy":"post_tag","embeddable":true,"href":"https:\/\/revistaepocadigital.com.ar\/index.php?rest_route=%2Fwp%2Fv2%2Ftags&post=8561"}],"curies":[{"name":"wp","href":"https:\/\/api.w.org\/{rel}","templated":true}]}}