{"id":8575,"date":"2021-01-11T14:58:40","date_gmt":"2021-01-11T17:58:40","guid":{"rendered":"https:\/\/revistaepocadigital.com.ar\/?p=8575"},"modified":"2021-01-11T15:29:49","modified_gmt":"2021-01-11T18:29:49","slug":"un-nuevo-tomografo-para-el-hospital","status":"publish","type":"post","link":"https:\/\/revistaepocadigital.com.ar\/?p=8575","title":{"rendered":"UN NUEVO TOM\u00d3GRAFO DE \u00daLTIMA GENERACI\u00d3N PARA EL HOSPITAL"},"content":{"rendered":"<div class=\"\" dir=\"auto\">\n<div id=\"jsc_c_1c\" class=\"ecm0bbzt hv4rvrfc ihqw7lf3 dati1w0a\" data-ad-comet-preview=\"message\" data-ad-preview=\"message\">\n<div class=\"j83agx80 cbu4d94t ew0dbk1b irj2b8pg\">\n<div class=\"qzhwtbm6 knvmm38d\">\n<div class=\"kvgmc6g5 cxmmr5t8 oygrvhab hcukyx3x c1et5uql ii04i59q\">\n<div dir=\"auto\"><strong>EL HECHO ADQUIERE RELEVANCIA.<!--more--><\/strong><\/div>\n<div dir=\"auto\"><\/div>\n<div dir=\"auto\">Dada la importancia de este tipo de aparatolog\u00eda m\u00e9dica, de vital relevamiento que demand\u00f3 una inversi\u00f3n de 17 millones de pesos, destinados a su compra, dotado de alta tecnolog\u00eda y con diversas opciones para su utilizaci\u00f3n.<\/div>\n<div dir=\"auto\"><\/div>\n<div dir=\"auto\">El intendente Diego Nanni inaugur\u00f3 la colocaci\u00f3n del nuevo tom\u00f3grafo del sistema de Salud del municipio, ubicado en el Hospital San Jos\u00e9.<\/div>\n<\/div>\n<div dir=\"auto\">\n<figure id=\"attachment_8580\" aria-describedby=\"caption-attachment-8580\" style=\"width: 528px\" class=\"wp-caption aligncenter\"><img loading=\"lazy\" decoding=\"async\" class=\"size-full wp-image-8580\" src=\"https:\/\/revistaepocadigital.com.ar\/wp-content\/uploads\/2021\/01\/TOMOGRAFO-21-B.jpg\" alt=\"\" width=\"528\" height=\"352\" srcset=\"https:\/\/revistaepocadigital.com.ar\/wp-content\/uploads\/2021\/01\/TOMOGRAFO-21-B.jpg 528w, https:\/\/revistaepocadigital.com.ar\/wp-content\/uploads\/2021\/01\/TOMOGRAFO-21-B-300x200.jpg 300w\" sizes=\"auto, (max-width: 528px) 100vw, 528px\" \/><figcaption id=\"caption-attachment-8580\" class=\"wp-caption-text\">El tom\u00f3grafo de \u00faltima generaci\u00f3n. Demand\u00f3 una importante inversi\u00f3n.<\/figcaption><\/figure>\n<\/div>\n<div class=\"kvgmc6g5 cxmmr5t8 oygrvhab hcukyx3x c1et5uql ii04i59q\">\n<div dir=\"auto\"><\/div>\n<\/div>\n<div class=\"o9v6fnle cxmmr5t8 oygrvhab hcukyx3x c1et5uql ii04i59q\">\n<div dir=\"auto\">Se trata de un equipo Philips nuevo, de \u00faltima generaci\u00f3n, que reemplazar\u00e1 al tom\u00f3grafo anterior, que ya contaba con diez a\u00f1os de servicio en el sistema de salud p\u00fablica del distrito. Seg\u00fan explic\u00f3 el director del Hospital San Jos\u00e9, Omar Recchi, <em>\u201ceste nuevo tom\u00ba\u00f3grafo nos permitir\u00e1 hacer estudios que antes deb\u00edamos derivar\u201d.<\/em><\/div>\n<div dir=\"auto\"><\/div>\n<\/div>\n<div class=\"o9v6fnle cxmmr5t8 oygrvhab hcukyx3x c1et5uql ii04i59q\">\n<div dir=\"auto\">Algo similar mencion\u00f3 la subsecretaria de Salud, Guadalupe Bravo, al afirmar que \u201c<em>es un momento muy bueno. Son los primeros d\u00edas el a\u00f1o y estamos sumando tecnolog\u00eda de punta. Esta gesti\u00f3n no ha frenado a pesar de lo dif\u00edcil de casi un a\u00f1o de pandemia\u201d. <\/em>Luego agreg\u00f3 Bravo a<em> EPOCA, &#8220;el nivel de complejidad del aparato es sumamente elevado, as\u00ed como su tecnolog\u00eda. El equipo fue colocado en el mismo sector el anterior. Como dato puedo comentar que el anterior contaba con dos l\u00e1mparas y el nuevo dispone de 16, para efectuar diferentes &#8220;cortes&#8221; en los estudios. Eso es muy bueno adem\u00e1s, porque permite efectuar diferentes tipos de estudios que con el anterior tom\u00f3grafo no se pod\u00edan hacer&#8221;.<\/em><\/div>\n<div dir=\"auto\"><\/div>\n<\/div>\n<div class=\"o9v6fnle cxmmr5t8 oygrvhab hcukyx3x c1et5uql ii04i59q\">\n<div dir=\"auto\">Nanni al hablar de la inversi\u00f3n concretada, sostuvo:<em> \u201cA pesar de esta pandemia, estamos ac\u00e1 haciendo este acto, que demuestra que nuestra gesti\u00f3n sigue adelante No hemos pospuesto nuestros planes ni ideas ni proyectos. Ac\u00e1 estamos, materializado nuestras promesas, de reforzar nuestro sistema sanitario\u201d<\/em>.<\/div>\n<\/div>\n<\/div>\n<div dir=\"auto\">\n<figure id=\"attachment_8581\" aria-describedby=\"caption-attachment-8581\" style=\"width: 512px\" class=\"wp-caption aligncenter\"><img loading=\"lazy\" decoding=\"async\" class=\"size-full wp-image-8581\" src=\"https:\/\/revistaepocadigital.com.ar\/wp-content\/uploads\/2021\/01\/tomografo-21-A-1.jpg\" alt=\"\" width=\"512\" height=\"341\" srcset=\"https:\/\/revistaepocadigital.com.ar\/wp-content\/uploads\/2021\/01\/tomografo-21-A-1.jpg 512w, https:\/\/revistaepocadigital.com.ar\/wp-content\/uploads\/2021\/01\/tomografo-21-A-1-300x200.jpg 300w\" sizes=\"auto, (max-width: 512px) 100vw, 512px\" \/><figcaption id=\"caption-attachment-8581\" class=\"wp-caption-text\">Nanni, el director del Hospital, Bozzani, B\u00e1ez y Bravo junto\u00a0 al tom\u00f3grafo.<\/figcaption><\/figure>\n<\/div>\n<div class=\"qzhwtbm6 knvmm38d\">\n<div class=\"o9v6fnle cxmmr5t8 oygrvhab hcukyx3x c1et5uql ii04i59q\">\n<div dir=\"auto\"><\/div>\n<\/div>\n<div class=\"o9v6fnle cxmmr5t8 oygrvhab hcukyx3x c1et5uql ii04i59q\">\n<div dir=\"auto\">En torno a la compra del tom\u00f3grafo, afirm\u00f3 que <em>\u201cfue una decisi\u00f3n de esta gesti\u00f3n de Salud, que nos exigen a nosotros, en mi caso como intendente, la incorporaci\u00f3n de estos aparatos. A todos ellos, a todo el equipo sanitario en todos los niveles, les agradezco por preocuparse por todos nuestros vecinos\u201d<\/em>.<\/div>\n<\/div>\n<div class=\"o9v6fnle cxmmr5t8 oygrvhab hcukyx3x c1et5uql ii04i59q\">\n<div dir=\"auto\"><\/div>\n<div dir=\"auto\">Del acto particip\u00f3 tambi\u00e9n la directora de la Regi\u00f3n V de Salud, Silvia B\u00e1ez, quien ponder\u00f3 la compra del nuevo tom\u00f3grafo, asegurando que<em> \u201cse trata de la ampliaci\u00f3n de derechos, en este caso, derechos de salud\u201d.<\/em> Adem\u00e1s, la funcionaria destac\u00f3 el trabajo de Salud en la campa\u00f1a de vacunaci\u00f3n contra el Covid-19.<\/div>\n<\/div>\n<\/div>\n<\/div>\n<\/div>\n<\/div>\n<div id=\"jsc_c_1d\" class=\"l9j0dhe7\">\n<div class=\"l9j0dhe7\">\n<div>\n<div>\n<div class=\"l9j0dhe7\">\n<div class=\"l9j0dhe7\">\n<div class=\"ni8dbmo4 stjgntxs pmk7jnqg\"><\/div>\n<\/div>\n<\/div>\n<\/div>\n<\/div>\n<\/div>\n<\/div>\n<div class=\"ni8dbmo4 stjgntxs pmk7jnqg\"><\/div>\n<div class=\"ozuftl9m tvfksri0\">\n<div class=\"rq0escxv l9j0dhe7 du4w35lb j83agx80 pfnyh3mw i1fnvgqd gs1a9yip owycx6da btwxx1t3 ph5uu5jm b3onmgus e5nlhep0 ecm0bbzt nkwizq5d roh60bw9 mysgfdmx hddg9phg\">\n<div class=\"rq0escxv l9j0dhe7 du4w35lb j83agx80 cbu4d94t g5gj957u d2edcug0 hpfvmrgz rj1gh0hx buofh1pr n8tt0mok hyh9befq iuny7tx3 ipjc6fyt\">Fotos: prensa municipalidad<\/div>\n<\/div>\n<\/div>\n","protected":false},"excerpt":{"rendered":"<p>EL HECHO ADQUIERE RELEVANCIA.<\/p>\n","protected":false},"author":3,"featured_media":8578,"comment_status":"open","ping_status":"open","sticky":false,"template":"","format":"standard","meta":{"footnotes":"","jetpack_publicize_message":"","jetpack_publicize_feature_enabled":true,"jetpack_social_post_already_shared":false,"jetpack_social_options":{"image_generator_settings":{"template":"highway","default_image_id":0,"font":"","enabled":false},"version":2}},"categories":[17],"tags":[133,1160],"class_list":["post-8575","post","type-post","status-publish","format-standard","has-post-thumbnail","hentry","category-politica","tag-hospital","tag-nuevo-tomografo"],"jetpack_publicize_connections":[],"jetpack_featured_media_url":"https:\/\/revistaepocadigital.com.ar\/wp-content\/uploads\/2021\/01\/tomografo-21.jpg","jetpack_likes_enabled":true,"_links":{"self":[{"href":"https:\/\/revistaepocadigital.com.ar\/index.php?rest_route=\/wp\/v2\/posts\/8575","targetHints":{"allow":["GET"]}}],"collection":[{"href":"https:\/\/revistaepocadigital.com.ar\/index.php?rest_route=\/wp\/v2\/posts"}],"about":[{"href":"https:\/\/revistaepocadigital.com.ar\/index.php?rest_route=\/wp\/v2\/types\/post"}],"author":[{"embeddable":true,"href":"https:\/\/revistaepocadigital.com.ar\/index.php?rest_route=\/wp\/v2\/users\/3"}],"replies":[{"embeddable":true,"href":"https:\/\/revistaepocadigital.com.ar\/index.php?rest_route=%2Fwp%2Fv2%2Fcomments&post=8575"}],"version-history":[{"count":0,"href":"https:\/\/revistaepocadigital.com.ar\/index.php?rest_route=\/wp\/v2\/posts\/8575\/revisions"}],"wp:featuredmedia":[{"embeddable":true,"href":"https:\/\/revistaepocadigital.com.ar\/index.php?rest_route=\/wp\/v2\/media\/8578"}],"wp:attachment":[{"href":"https:\/\/revistaepocadigital.com.ar\/index.php?rest_route=%2Fwp%2Fv2%2Fmedia&parent=8575"}],"wp:term":[{"taxonomy":"category","embeddable":true,"href":"https:\/\/revistaepocadigital.com.ar\/index.php?rest_route=%2Fwp%2Fv2%2Fcategories&post=8575"},{"taxonomy":"post_tag","embeddable":true,"href":"https:\/\/revistaepocadigital.com.ar\/index.php?rest_route=%2Fwp%2Fv2%2Ftags&post=8575"}],"curies":[{"name":"wp","href":"https:\/\/api.w.org\/{rel}","templated":true}]}}