{"id":8589,"date":"2021-01-11T17:35:36","date_gmt":"2021-01-11T20:35:36","guid":{"rendered":"https:\/\/revistaepocadigital.com.ar\/?p=8589"},"modified":"2021-01-11T17:35:36","modified_gmt":"2021-01-11T20:35:36","slug":"jorge-cupeiro-y-el-chevitu-marcaron-a-fuego-una-epoca","status":"publish","type":"post","link":"https:\/\/revistaepocadigital.com.ar\/?p=8589","title":{"rendered":"Jorge Cupeiro y el Chevit\u00fa, marcaron a fuego una \u00e9poca"},"content":{"rendered":"<div class=\"td-post-content td-pb-padding-side\">\n<p><strong>MURI\u00d3 A LOS 83 A\u00d1OS.<!--more--><\/strong><\/p>\n<p>Fue una de las figuras del automovilismo argentino de los \u2018<strong>60<\/strong>\u00a0y principios de los \u2018<strong>70<\/strong>. Una \u00e9poca de circuitos y aut\u00f3dromos desbordantes de p\u00fablico, de variedad y cantidad de \u00eddolos. De un automovilismo que ocupaba grandes espacios en los medios de comunicaci\u00f3n. Otra \u00e9poca.<\/p>\n<p>Una \u00e9poca con figuras del nivel\u00a0<strong>de Juan Manuel Bordeu, los hermanos Emiliozzi, Carlos Pairetti, Gast\u00f3n Perkins, Carlos Marincovich, Luis Di Palma, Carlos Reutemann, Francisco Mayorga, Eduardo Copello, H\u00e9ctor Gradassi, Nasif Est\u00e9fano, Eduardo Rodr\u00edguez Canedo, N\u00e9stor Garc\u00eda Veiga.<\/strong><\/p>\n<p>Nacido en Capital Federal, el\u00a0<strong>15 de octubre de 1937, Jorge Cupeiro<\/strong>\u00a0se destac\u00f3 entre todos ellos por su fino manejo, y una versatilidad que su puso de manifiesto sobre los autos luego de una extensa campa\u00f1a con las motos. Sus\u00a0<strong>41<\/strong>\u00a0triunfos abarcaron categor\u00edas dis\u00edmiles como el\u00a0<strong>Turismo<\/strong>\u00a0en sus distintas etapas (<strong>Standard, Anexo J,<\/strong>\u00a0<strong>Mejorado<\/strong>), los\u00a0<strong>Sport<\/strong>, la\u00a0<strong>Mec\u00e1nica Argentina F\u00f3rmula 1<\/strong>, el\u00a0<strong>Turismo Carretera<\/strong>\u00a0y los\u00a0<strong>Sport Prototipos argentinos\u00a0<\/strong>\u00a0Parad\u00f3jicamente s\u00f3lo fue campe\u00f3n en la Mec\u00e1nica Argentina F\u00f3rmula 1 en\u00a0<strong>1971,<\/strong>\u00a0gracias a su tercera victoria (tambi\u00e9n venci\u00f3 en\u00a0<strong>1966<\/strong>\u00a0y<strong>\u00a01970<\/strong>) en las\u00a0<strong>500 Millas de Rafaela<\/strong>. Su campa\u00f1a plena se prolong\u00f3 hasta\u00a0<strong>1973,\u00a0<\/strong>cuando corri\u00f3 en TC con un Dodge; Olavarr\u00eda fue su \u00faltima carrera.<\/p>\n<\/div>\n<figure id=\"attachment_8593\" aria-describedby=\"caption-attachment-8593\" style=\"width: 960px\" class=\"wp-caption aligncenter\"><img loading=\"lazy\" decoding=\"async\" class=\"size-full wp-image-8593\" src=\"https:\/\/revistaepocadigital.com.ar\/wp-content\/uploads\/2021\/01\/chevitu2-1.jpg\" alt=\"\" width=\"960\" height=\"529\" srcset=\"https:\/\/revistaepocadigital.com.ar\/wp-content\/uploads\/2021\/01\/chevitu2-1.jpg 960w, https:\/\/revistaepocadigital.com.ar\/wp-content\/uploads\/2021\/01\/chevitu2-1-300x165.jpg 300w, https:\/\/revistaepocadigital.com.ar\/wp-content\/uploads\/2021\/01\/chevitu2-1-768x423.jpg 768w, https:\/\/revistaepocadigital.com.ar\/wp-content\/uploads\/2021\/01\/chevitu2-1-696x385.jpg 696w, https:\/\/revistaepocadigital.com.ar\/wp-content\/uploads\/2021\/01\/chevitu2-1-762x420.jpg 762w\" sizes=\"auto, (max-width: 960px) 100vw, 960px\" \/><figcaption id=\"caption-attachment-8593\" class=\"wp-caption-text\">Cupeiro en el m\u00edtico Chevit\u00fa a mediados de los a\u00f1os 60.<\/figcaption><\/figure>\n<div class=\"td-post-content td-pb-padding-side\">\n<figure id=\"attachment_160939\" class=\"wp-caption aligncenter\" aria-describedby=\"caption-attachment-160939\">Hubo un fugaz retorno en <strong>1982,<\/strong>\u00a0para impulsar el naciente\u00a0<strong>Club Argentino de Pilotos\u00a0<\/strong>de los<strong>\u00a0Datsun 280\u00a0<\/strong>en el que dio el<strong>\u00a0puntapi\u00e9 inicial Carlos Pairetti.<\/strong>\u00a0Por entonces ya estaba dedicado a la comercializaci\u00f3n e importaci\u00f3n de autos y motos, actividad a la que se dedic\u00f3 a pleno desde su conocido local en\u00a0<strong>Vicente L\u00f3pez<\/strong>\u00a0sobre la Avenida Libertador,\u00a0 en los a\u00f1os posteriores a su retiro definitivo. Tambi\u00e9n desde mediados de\u00a0<strong>2019<\/strong>\u00a0era presidente honorario de la\u00a0<strong>Asociaci\u00f3n Argentina de Volantes.\u00a0<\/strong><\/figure>\n<p>Por encima de los datos, el nombre de Jorge Cupeiro qued\u00f3 unido en la historia del TC con el de un auto referente como pocos:\u00a0<strong>el Chevit\u00fa<\/strong>. Al auto, una derivaci\u00f3n del\u00a0<strong>Chevrolet Nova<\/strong>\u00a0americano, el tan conocido<strong>\u00a0Chevrolet 400<\/strong>\u00a0en nuestro pa\u00eds lleg\u00f3 gracias a su relaci\u00f3n estrecha con\u00a0<strong>Froil\u00e1n Gonz\u00e1lez.<\/strong>\u00a0La asociaci\u00f3n comenz\u00f3 a mediados de los 60, junto con la aparici\u00f3n de los primeros Ford\u00a0<strong>Falcon<\/strong>, una\u00a0<strong>revoluci\u00f3n<\/strong>\u00a0t\u00e9cnica en el TC que pocos a\u00f1os m\u00e1s tarde completaron los\u00a0<strong>Torino<\/strong>, y terminaron con el largo reinado de las cupecitas.<\/p>\n<figure id=\"attachment_160914\" class=\"wp-caption alignnone\" aria-describedby=\"caption-attachment-160914\"><figcaption id=\"caption-attachment-160914\" class=\"wp-caption-text\">Elegido por Froil\u00e1n Gonz\u00e1lez para correr el revolucionario Chevit\u00fa Cupeiro no defraud\u00f3 y desde las primeras carreras se hizo notar en el TC y provoc\u00f3 una verdadera \u00abrevoluci\u00f3n\u00bb. Muchos a favor y otros tantos, en contra de la llegada de semejante \u00abintruso\u00bb.<\/figcaption><\/figure>\n<p><em>\u201cLos tradicionalistas no nos recibieron muy bien\u201d,<\/em>\u00a0contaba el\u00a0<strong>Gallego<\/strong>, apodo con el que lo identific\u00f3 el ambiente, cada vez que recordaba las piedras que le arrojaban los que se aferraban a las cupecitas al paso del Chevit\u00fa por aquellos circuitos ruteros, mezcla de asfalto y tierra. Esa resistencia no detuvo a Pepe Froil\u00e1n Gonz\u00e1lez ni al Gallego, en ese camino de avanzada que tuvo su primer gran satisfacci\u00f3n con la victoria lograda el <strong>13 de marzo de 1965<\/strong>\u00a0en el actual\u00a0<strong>Aut\u00f3dromo de Buenos Aires,\u00a0<\/strong>como se llamaba por entonces el actual<strong>\u00a0Oscar y Juan G\u00e1lvez.<\/strong><\/p>\n<p>En el plano internacional, su nombre fue indiscutido en las convocatorias argentinas para las recordadas y multitudinarias\u00a0<strong>Temporadas Internacionales de F\u00f3rmula 3<\/strong>\u00a0en la Argentina de mediados de los \u00b4\u201960 con carreras puntos como Mar del Plata, Rosario, entre otros. Una presencia que fugazmente se extendi\u00f3 en\u00a0<strong>Europa<\/strong>\u00a0de la mano del equipo argentino creado por la revista\u00a0<strong>Automundo.<\/strong>\u00a0Tambi\u00e9n particip\u00f3 en\u00a0<strong>1969 en<\/strong>\u00a0la\u00a0<strong>Misi\u00f3n Argentina en las 84 Horas de Nurburgring con los Torino.\u00a0<\/strong>comparti\u00f3 el<strong>\u00a0Toro n\u00famero 2<\/strong>\u00a0(abandon\u00f3 por un despiste) con\u00a0<strong>Eduardo Rodr\u00edguez Canedo<\/strong>\u00a0y\u00a0<strong>Gast\u00f3n Perkins<\/strong>. Sus \u00faltimos destellos internacionales se dieron en los\u00a0<strong>1000 Km de Buenos Aires a principios de lo \u201970. En la edici\u00f3n 1971\u00a0<\/strong>comparti\u00f3 un Lola con el sueco\u00a0<strong>Ronnie Peterson\u00a0<\/strong>y terminaron<strong>\u00a012\u00b0,\u00a0<\/strong>fue un\u00a0<strong>10 de enero de 1971<\/strong>. Medio siglo antes de la misma \u00a0fecha en la que con\u00a0<strong>83 a\u00f1os<\/strong>\u00a0<strong>Jorge Cupeiro se convirti\u00f3 en un c\u00e1lido recuerdo.<\/strong><\/p>\n<p>&nbsp;<\/p>\n<p>Nota publicada en<strong> www.visionauto.com.ar<\/strong><\/p>\n<p>Fotos: <strong>gentileza programa P1 (portada), historiadeltc.com.ar\u00a0<\/strong><\/p>\n<\/div>\n<p>&nbsp;<\/p>\n<div class=\"td_block_wrap td_block_related_posts td_uid_6_5ffcb420b03a1_rand td_with_ajax_pagination td-pb-border-top td_block_template_1\" data-td-block-uid=\"td_uid_6_5ffcb420b03a1\">\n<div id=\"td_uid_6_5ffcb420b03a1\" class=\"td_block_inner\">\n<div class=\"td-related-row\">\n<div class=\"td-related-span4\">\n<div class=\"td_module_related_posts td-animation-stack td-meta-info-hide td_mod_related_posts\">\n<div class=\"item-details\">\n<h3 class=\"entry-title td-module-title\"><\/h3>\n<\/div>\n<\/div>\n<\/div>\n<\/div>\n<\/div>\n<\/div>\n","protected":false},"excerpt":{"rendered":"<p>MURI\u00d3 A LOS 83 A\u00d1OS.<\/p>\n","protected":false},"author":3,"featured_media":8591,"comment_status":"open","ping_status":"open","sticky":false,"template":"","format":"standard","meta":{"footnotes":"","jetpack_publicize_message":"","jetpack_publicize_feature_enabled":true,"jetpack_social_post_already_shared":false,"jetpack_social_options":{"image_generator_settings":{"template":"highway","default_image_id":0,"font":"","enabled":false},"version":2}},"categories":[9],"tags":[1161,405],"class_list":["post-8589","post","type-post","status-publish","format-standard","has-post-thumbnail","hentry","category-deportes","tag-cupeiro","tag-fallecimiento"],"jetpack_publicize_connections":[],"jetpack_featured_media_url":"https:\/\/revistaepocadigital.com.ar\/wp-content\/uploads\/2021\/01\/maxresdefault-1021x580-1.jpg","jetpack_likes_enabled":true,"_links":{"self":[{"href":"https:\/\/revistaepocadigital.com.ar\/index.php?rest_route=\/wp\/v2\/posts\/8589","targetHints":{"allow":["GET"]}}],"collection":[{"href":"https:\/\/revistaepocadigital.com.ar\/index.php?rest_route=\/wp\/v2\/posts"}],"about":[{"href":"https:\/\/revistaepocadigital.com.ar\/index.php?rest_route=\/wp\/v2\/types\/post"}],"author":[{"embeddable":true,"href":"https:\/\/revistaepocadigital.com.ar\/index.php?rest_route=\/wp\/v2\/users\/3"}],"replies":[{"embeddable":true,"href":"https:\/\/revistaepocadigital.com.ar\/index.php?rest_route=%2Fwp%2Fv2%2Fcomments&post=8589"}],"version-history":[{"count":0,"href":"https:\/\/revistaepocadigital.com.ar\/index.php?rest_route=\/wp\/v2\/posts\/8589\/revisions"}],"wp:featuredmedia":[{"embeddable":true,"href":"https:\/\/revistaepocadigital.com.ar\/index.php?rest_route=\/wp\/v2\/media\/8591"}],"wp:attachment":[{"href":"https:\/\/revistaepocadigital.com.ar\/index.php?rest_route=%2Fwp%2Fv2%2Fmedia&parent=8589"}],"wp:term":[{"taxonomy":"category","embeddable":true,"href":"https:\/\/revistaepocadigital.com.ar\/index.php?rest_route=%2Fwp%2Fv2%2Fcategories&post=8589"},{"taxonomy":"post_tag","embeddable":true,"href":"https:\/\/revistaepocadigital.com.ar\/index.php?rest_route=%2Fwp%2Fv2%2Ftags&post=8589"}],"curies":[{"name":"wp","href":"https:\/\/api.w.org\/{rel}","templated":true}]}}