{"id":8604,"date":"2021-01-13T00:01:06","date_gmt":"2021-01-13T03:01:06","guid":{"rendered":"https:\/\/revistaepocadigital.com.ar\/?p=8604"},"modified":"2021-01-13T00:12:50","modified_gmt":"2021-01-13T03:12:50","slug":"el-dr-nanni-hombre-clave-en-la-lucha-positivo-de-covid-19","status":"publish","type":"post","link":"https:\/\/revistaepocadigital.com.ar\/?p=8604","title":{"rendered":"El Dr. Nanni, hombre crucial en la lucha contra la pandemia, positivo de Covid-19"},"content":{"rendered":"<p><strong><span class=\"d2edcug0 hpfvmrgz qv66sw1b c1et5uql rrkovp55 a8c37x1j keod5gw0 nxhoafnm aigsh9s9 d3f4x2em fe6kdd0r mau55g9w c8b282yb iv3no6db gfeo3gy3 a3bd9o3v knj5qynh oo9gr5id hzawbc8m\" dir=\"auto\">EN EL ANDAMIAJE DEL \u00c1REA DE SALUD EN EL MUNICIPIO.<\/span><\/strong><!--more--><\/p>\n<p><span class=\"d2edcug0 hpfvmrgz qv66sw1b c1et5uql rrkovp55 a8c37x1j keod5gw0 nxhoafnm aigsh9s9 d3f4x2em fe6kdd0r mau55g9w c8b282yb iv3no6db gfeo3gy3 a3bd9o3v knj5qynh oo9gr5id hzawbc8m\" dir=\"auto\">El <strong>Dr. H\u00e9ctor Nanni<\/strong>, quien se desempe\u00f1a como asesor de pol\u00edticas de salud de la municipalidad de Exaltaci\u00f3n de la Cruz, en los hechos el m\u00e1ximo responsable, ha contra\u00eddo coronavirus.<\/span><\/p>\n<p><span class=\"d2edcug0 hpfvmrgz qv66sw1b c1et5uql rrkovp55 a8c37x1j keod5gw0 nxhoafnm aigsh9s9 d3f4x2em fe6kdd0r mau55g9w c8b282yb iv3no6db gfeo3gy3 a3bd9o3v knj5qynh oo9gr5id hzawbc8m\" dir=\"auto\">Pese a los cuidados que ha adoptado, el hisopado al que fue sometido, dio positivo de Covid-19. Nanni, con actitud y compromiso, con vasta experiencia e indiscutida capacidad m\u00e9dica y ascendencia, apoyo esencial de su hijo Diego, intendente, refleja a cada paso sabidur\u00eda, humildad y solidaridad. Como tantos m\u00e9dicos por cierto y personal de salud que est\u00e1n en la primera l\u00ednea de batalla en plena pandemia que ha vuelto a alcanzar n\u00fameros alarmantes de contagios en esta etapa veraniega.<\/span><\/p>\n<p><em>&#8220;Nos encontramos nuevamente en un escenario complejo, con un importante aumento de casos positivos de Covid-19 que ponen en riesgo, sobre todo, a aquellos sectores de la poblaci\u00f3n m\u00e1s vulnerables, ya sea por edad o por enfermedades preexistentes, y que nos obligan a tomar decisiones dif\u00edciles y nos vuelven a meter de lleno en la batalla contra el coronavirus&#8221;, <\/em>ha dicho el intendente\u00a0 sobre el momento actual.<\/p>\n<div class=\"ZyFrc\" tabindex=\"0\" role=\"button\">\n<div class=\"P9YgZ\">\n<div class=\"C7I1f X7jCj\">\n<div class=\"C4VMK\">\n<p><span class=\"\">Y agreg\u00f3, &#8220;<em>el Covid nos desaf\u00eda a extremar los cuidados y evitar la circulaci\u00f3n innecesaria, para as\u00ed reducir la amenaza de contagio de nuestros seres queridos y seguir propagando esta enfermedad&#8221;.<\/em><\/span><\/p>\n<p>En tal sentido, <strong>el intendente se refiri\u00f3 al contagio de su padre<\/strong>, <em>&#8220;en el d\u00eda de ayer (11-01), nuestro Asesor de Pol\u00edticas de Salud, H\u00e9ctor Nanni, dio positivo en el test de Covid-19, sum\u00e1ndose a los casos de personal sanitario que se contagia por encontrarse expuesto y batallando al virus desde el primer d\u00eda. Es necesario que entendamos todos la seriedad del tema y volvamos a cuidarnos como al inicio de la pandemia, evitando una segunda ola que vaya en contra de todo lo que hemos hecho, como comunidad, hasta ahora.<\/em><\/p>\n<\/div>\n<\/div>\n<\/div>\n<\/div>\n<p>&nbsp;<\/p>\n","protected":false},"excerpt":{"rendered":"<p>EN EL ANDAMIAJE DEL \u00c1REA DE SALUD EN EL MUNICIPIO.<\/p>\n","protected":false},"author":4,"featured_media":8612,"comment_status":"open","ping_status":"open","sticky":false,"template":"","format":"standard","meta":{"footnotes":"","jetpack_publicize_message":"","jetpack_publicize_feature_enabled":true,"jetpack_social_post_already_shared":false,"jetpack_social_options":{"image_generator_settings":{"template":"highway","default_image_id":0,"font":"","enabled":false},"version":2}},"categories":[13],"tags":[1162,1163],"class_list":["post-8604","post","type-post","status-publish","format-standard","has-post-thumbnail","hentry","category-interes-general","tag-dr-nanni","tag-positivo-covid"],"jetpack_publicize_connections":[],"jetpack_featured_media_url":"https:\/\/revistaepocadigital.com.ar\/wp-content\/uploads\/2021\/01\/nanni-x-2.jpg","jetpack_likes_enabled":true,"_links":{"self":[{"href":"https:\/\/revistaepocadigital.com.ar\/index.php?rest_route=\/wp\/v2\/posts\/8604","targetHints":{"allow":["GET"]}}],"collection":[{"href":"https:\/\/revistaepocadigital.com.ar\/index.php?rest_route=\/wp\/v2\/posts"}],"about":[{"href":"https:\/\/revistaepocadigital.com.ar\/index.php?rest_route=\/wp\/v2\/types\/post"}],"author":[{"embeddable":true,"href":"https:\/\/revistaepocadigital.com.ar\/index.php?rest_route=\/wp\/v2\/users\/4"}],"replies":[{"embeddable":true,"href":"https:\/\/revistaepocadigital.com.ar\/index.php?rest_route=%2Fwp%2Fv2%2Fcomments&post=8604"}],"version-history":[{"count":0,"href":"https:\/\/revistaepocadigital.com.ar\/index.php?rest_route=\/wp\/v2\/posts\/8604\/revisions"}],"wp:featuredmedia":[{"embeddable":true,"href":"https:\/\/revistaepocadigital.com.ar\/index.php?rest_route=\/wp\/v2\/media\/8612"}],"wp:attachment":[{"href":"https:\/\/revistaepocadigital.com.ar\/index.php?rest_route=%2Fwp%2Fv2%2Fmedia&parent=8604"}],"wp:term":[{"taxonomy":"category","embeddable":true,"href":"https:\/\/revistaepocadigital.com.ar\/index.php?rest_route=%2Fwp%2Fv2%2Fcategories&post=8604"},{"taxonomy":"post_tag","embeddable":true,"href":"https:\/\/revistaepocadigital.com.ar\/index.php?rest_route=%2Fwp%2Fv2%2Ftags&post=8604"}],"curies":[{"name":"wp","href":"https:\/\/api.w.org\/{rel}","templated":true}]}}