{"id":8615,"date":"2021-01-13T16:38:34","date_gmt":"2021-01-13T19:38:34","guid":{"rendered":"https:\/\/revistaepocadigital.com.ar\/?p=8615"},"modified":"2021-01-17T20:52:49","modified_gmt":"2021-01-17T23:52:49","slug":"la-ruta-6-arreglan-puente","status":"publish","type":"post","link":"https:\/\/revistaepocadigital.com.ar\/?p=8615","title":{"rendered":"LA &#8220;BENDITA&#8221; RUTA 6. ARREGLAN PUENTE, \u00bfY LOS SECTORES DETERIORADOS?"},"content":{"rendered":"<div class=\"kvgmc6g5 cxmmr5t8 oygrvhab hcukyx3x c1et5uql ii04i59q\">\n<div dir=\"auto\"><strong>TAN VITAL V\u00cdA DE COMUNICACI\u00d3N TERRESTRE.<\/strong><\/div>\n<\/div>\n<p><!--more--><\/p>\n<div dir=\"auto\"><\/div>\n<div dir=\"auto\">Es motivo de preocupaciones y cr\u00edticas m\u00e1s que justificadas, desde hace muchos a\u00f1os. Su estado de mantenimiento ha dejado mucho que desear, y ha hecho que transitarla se convirtiera en un factor de riesgo.<\/div>\n<div dir=\"auto\"><\/div>\n<div dir=\"auto\">Los sucesivos gobiernos provinciales fueron realizando trabajos, como ocurri\u00f3 bajo la gesti\u00f3n de Mar\u00eda Eugenia Vidal, cuando fue repavimentado un prolongado tramo de la ruta que, como es sabido, une La Plata con Campana, siendo un corredor productivo y comercial de suma importancia.<\/div>\n<div dir=\"auto\"><\/div>\n<div dir=\"auto\">Para los habitantes de Exaltaci\u00f3n de la Cruz, la ruta 6 adquiere m\u00e1s preponderancia a\u00fan, consider\u00e1ndose la cantidad de vecinos que en veh\u00edculos particulares o transporte p\u00fablico, la transitan a menudo.<\/div>\n<div dir=\"auto\"><\/div>\n<div dir=\"auto\">En lo que hace al tramo que vincula el Acceso Oeste con Campana, se ha venido notando deterioros en varios sectores que, sin dudas, hacen necesario sus reparaciones. En el caso del puente ubicado en los aleda\u00f1os a Los Cardales, personal de Vialidad concret\u00f3 (13-1) trabajos de mantenimiento y reparaci\u00f3n sobre el asfalto de dicho puente, en el ingreso a Cardales por la avenida De Luca.<\/div>\n<div dir=\"auto\"><\/div>\n<div class=\"o9v6fnle cxmmr5t8 oygrvhab hcukyx3x c1et5uql ii04i59q\">\n<div dir=\"auto\">Al momento, las obras se hab\u00edan centrado en el tramo en direcci\u00f3n sentido a Campana, en donde se retir\u00f3 el material que se encontraba suelto y se procedi\u00f3 a recubrir los baches con asfalto en caliente.<\/div>\n<\/div>\n<div dir=\"auto\"><img loading=\"lazy\" decoding=\"async\" class=\"aligncenter size-full wp-image-8618\" src=\"https:\/\/revistaepocadigital.com.ar\/wp-content\/uploads\/2021\/01\/RUTA-6-PUENT21.jpg\" alt=\"\" width=\"772\" height=\"434\" srcset=\"https:\/\/revistaepocadigital.com.ar\/wp-content\/uploads\/2021\/01\/RUTA-6-PUENT21.jpg 772w, https:\/\/revistaepocadigital.com.ar\/wp-content\/uploads\/2021\/01\/RUTA-6-PUENT21-300x169.jpg 300w, https:\/\/revistaepocadigital.com.ar\/wp-content\/uploads\/2021\/01\/RUTA-6-PUENT21-768x432.jpg 768w, https:\/\/revistaepocadigital.com.ar\/wp-content\/uploads\/2021\/01\/RUTA-6-PUENT21-696x391.jpg 696w, https:\/\/revistaepocadigital.com.ar\/wp-content\/uploads\/2021\/01\/RUTA-6-PUENT21-747x420.jpg 747w\" sizes=\"auto, (max-width: 772px) 100vw, 772px\" \/><\/div>\n<div class=\"o9v6fnle cxmmr5t8 oygrvhab hcukyx3x c1et5uql ii04i59q\">\n<div dir=\"auto\"><\/div>\n<\/div>\n<div class=\"o9v6fnle cxmmr5t8 oygrvhab hcukyx3x c1et5uql ii04i59q\">\n<div dir=\"auto\">Una vez completado ese sector las maquinarias repetir\u00e1n los trabajos, pero en el sentido contrario, en sentido hacia La Plata, en donde la ruta tambi\u00e9n evidencia deterioro.<\/div>\n<\/div>\n<div dir=\"auto\"><\/div>\n<div dir=\"auto\"><\/div>\n<div dir=\"auto\">Fotos: prensa municipalidad.<\/div>\n","protected":false},"excerpt":{"rendered":"<p>TAN VITAL V\u00cdA DE COMUNICACI\u00d3N TERRESTRE.<\/p>\n","protected":false},"author":4,"featured_media":8617,"comment_status":"open","ping_status":"open","sticky":false,"template":"","format":"standard","meta":{"footnotes":"","jetpack_publicize_message":"","jetpack_publicize_feature_enabled":true,"jetpack_social_post_already_shared":false,"jetpack_social_options":{"image_generator_settings":{"template":"highway","default_image_id":0,"font":"","enabled":false},"version":2}},"categories":[1081,6],"tags":[37,1164,1165],"class_list":["post-8615","post","type-post","status-publish","format-standard","has-post-thumbnail","hentry","category-autos-en-epoca","category-barrios","tag-destacada","tag-reparacion","tag-ruta-6"],"jetpack_publicize_connections":[],"jetpack_featured_media_url":"https:\/\/revistaepocadigital.com.ar\/wp-content\/uploads\/2021\/01\/RUTA-6-PUENT21.1jpg.jpg","jetpack_likes_enabled":true,"_links":{"self":[{"href":"https:\/\/revistaepocadigital.com.ar\/index.php?rest_route=\/wp\/v2\/posts\/8615","targetHints":{"allow":["GET"]}}],"collection":[{"href":"https:\/\/revistaepocadigital.com.ar\/index.php?rest_route=\/wp\/v2\/posts"}],"about":[{"href":"https:\/\/revistaepocadigital.com.ar\/index.php?rest_route=\/wp\/v2\/types\/post"}],"author":[{"embeddable":true,"href":"https:\/\/revistaepocadigital.com.ar\/index.php?rest_route=\/wp\/v2\/users\/4"}],"replies":[{"embeddable":true,"href":"https:\/\/revistaepocadigital.com.ar\/index.php?rest_route=%2Fwp%2Fv2%2Fcomments&post=8615"}],"version-history":[{"count":0,"href":"https:\/\/revistaepocadigital.com.ar\/index.php?rest_route=\/wp\/v2\/posts\/8615\/revisions"}],"wp:featuredmedia":[{"embeddable":true,"href":"https:\/\/revistaepocadigital.com.ar\/index.php?rest_route=\/wp\/v2\/media\/8617"}],"wp:attachment":[{"href":"https:\/\/revistaepocadigital.com.ar\/index.php?rest_route=%2Fwp%2Fv2%2Fmedia&parent=8615"}],"wp:term":[{"taxonomy":"category","embeddable":true,"href":"https:\/\/revistaepocadigital.com.ar\/index.php?rest_route=%2Fwp%2Fv2%2Fcategories&post=8615"},{"taxonomy":"post_tag","embeddable":true,"href":"https:\/\/revistaepocadigital.com.ar\/index.php?rest_route=%2Fwp%2Fv2%2Ftags&post=8615"}],"curies":[{"name":"wp","href":"https:\/\/api.w.org\/{rel}","templated":true}]}}