{"id":8638,"date":"2021-01-13T15:43:31","date_gmt":"2021-01-13T18:43:31","guid":{"rendered":"https:\/\/revistaepocadigital.com.ar\/?p=8638"},"modified":"2021-01-20T18:07:19","modified_gmt":"2021-01-20T21:07:19","slug":"agua-potable-para-el-barrio-parque-sakura","status":"publish","type":"post","link":"https:\/\/revistaepocadigital.com.ar\/?p=8638","title":{"rendered":"Agua potable para el Barrio Parque Sakura"},"content":{"rendered":"<div class=\"row cuerpo\">\n<div class=\"col\">\n<div class=\"extracto\">\n<p><strong>LA INVERSI\u00d3N DEMANDAR\u00c1 110 MILLONES DE PESOS<\/strong>.<!--more--><\/p>\n<p>En un acto virtual encabezado por el presidente Alberto Fern\u00e1ndez, y el ministro de Obras P\u00fablicas, Gabriel Katopodis, entre otras obras se anunci\u00f3 la de la instalasaci\u00f3n de la red de agua potable en el Barrio Parque Sakura de Exaltaci\u00f3n de la Cruz. Las obras anunciadas fueron 30 en el pa\u00eds, siete en la provincia de Buenos Aires, que recibir\u00e1 3555 millones de pesos para distribuir entre los partidos de Chacabuco, General Rodr\u00edguez, General Pinto, Campana, Mercedes, Saladillo y <strong>Exaltaci\u00f3n de la Cruz.<\/strong><\/p>\n<\/div>\n<p>El intendente Nanni particip\u00f3 del acto y se mostr\u00f3 muy conforme con el anuncio, &#8220;muy importante dado que va a permitir continuar con el desarrollo del Corredor de la ruta 8&#8221;.<\/p>\n<p>El desembolso de los 110 millones, se har\u00e1 en tres ocasiones a medida que avance la obra. La primera etapa contemplar\u00e1 la recepci\u00f3n de m\u00e1s de 30 millones. Las obras seg\u00fan fuera anunciado, van a comenzar dentro de muy poco.<\/p>\n<figure class=\"wp-block-image size-large\"><a title=\"La reuni\u00f3n virtual donde se anunciaron 30 obras para todo el pa\u00eds\" href=\"https:\/\/www.noticiasd.com\/wp-content\/uploads\/2021\/01\/WhatsApp-Image-2021-01-04-at-18.11.30-1-1024x576.jpeg\"><img loading=\"lazy\" decoding=\"async\" class=\"wp-image-174463 loading\" src=\"https:\/\/www.noticiasd.com\/wp-content\/uploads\/2021\/01\/WhatsApp-Image-2021-01-04-at-18.11.30-1-1024x576.jpeg\" sizes=\"auto, (max-width: 1024px) 100vw, 1024px\" srcset=\"https:\/\/www.noticiasd.com\/wp-content\/uploads\/2021\/01\/WhatsApp-Image-2021-01-04-at-18.11.30-1-1024x576.jpeg 1024w, https:\/\/www.noticiasd.com\/wp-content\/uploads\/2021\/01\/WhatsApp-Image-2021-01-04-at-18.11.30-1-300x169.jpeg 300w, https:\/\/www.noticiasd.com\/wp-content\/uploads\/2021\/01\/WhatsApp-Image-2021-01-04-at-18.11.30-1-768x432.jpeg 768w, https:\/\/www.noticiasd.com\/wp-content\/uploads\/2021\/01\/WhatsApp-Image-2021-01-04-at-18.11.30-1-353x200.jpeg 353w, https:\/\/www.noticiasd.com\/wp-content\/uploads\/2021\/01\/WhatsApp-Image-2021-01-04-at-18.11.30-1.jpeg 1209w\" alt=\"\" width=\"1024\" height=\"576\" data-was-processed=\"true\" \/><\/a><\/figure>\n<p>&nbsp;<\/p>\n<p>\u201cEl proyecto abarca una superficie de casi 270 hect\u00e1reas y permitir\u00e1 que m\u00e1s de 2300 familias accedan a este servicio, convirti\u00e9ndose en una obra de much\u00edsima importancia para Exaltaci\u00f3n de la Cruz, y el desarrollo del Corredor de la ruta 8\u201d, resalt\u00f3 Nanni.<\/p>\n<p>La red se proveer\u00e1 de agua de dos pozos de abastecimiento con una profundidad mayor a los 70 metros. A eso se le sumar\u00e1 un tanque de compensaci\u00f3n, para corregir eventuales p\u00e9rdidas de presi\u00f3n. La municipalidad ha fijado que la distribuci\u00f3n estar\u00e1 dividida en nueve sectores con v\u00e1lvulas individuales por cada uno. As\u00ed, en caso de necesidad, un sector se puede aislar sin interrumpir al resto.<\/p>\n<\/div>\n<\/div>\n<p>&nbsp;<\/p>\n<div class=\"container ad ad_horizontal\">\n<div class=\"row\">\n<div class=\"col\">\n<div id=\"div-gpt-ad-1595420290572-0\" class=\"d-lg-block d-none div_ad\" data-google-query-id=\"CPGzvrfMo-4CFW8vuQYdiMAFtw\">\n<div id=\"google_ads_iframe_\/21867415041\/Nota\/728x90_0__container__\"><iframe id=\"google_ads_iframe_\/21867415041\/Nota\/728x90_0\" title=\"3rd party ad content\" name=\"google_ads_iframe_\/21867415041\/Nota\/728x90_0\" width=\"728\" height=\"90\" frameborder=\"0\" marginwidth=\"0\" marginheight=\"0\" scrolling=\"no\" sandbox=\"allow-forms allow-popups allow-popups-to-escape-sandbox allow-same-origin allow-scripts allow-top-navigation-by-user-activation\" data-google-container-id=\"1\" data-load-complete=\"true\" data-mce-fragment=\"1\"><\/iframe><\/div>\n<\/div>\n<\/div>\n<\/div>\n<\/div>\n","protected":false},"excerpt":{"rendered":"<p>LA INVERSI\u00d3N DEMANDAR\u00c1 110 MILLONES DE PESOS.<\/p>\n","protected":false},"author":3,"featured_media":8640,"comment_status":"open","ping_status":"open","sticky":false,"template":"","format":"standard","meta":{"footnotes":"","jetpack_publicize_message":"","jetpack_publicize_feature_enabled":true,"jetpack_social_post_already_shared":false,"jetpack_social_options":{"image_generator_settings":{"template":"highway","default_image_id":0,"font":"","enabled":false},"version":2}},"categories":[17],"tags":[1169,1168],"class_list":["post-8638","post","type-post","status-publish","format-standard","has-post-thumbnail","hentry","category-politica","tag-agua-potable","tag-sakura"],"jetpack_publicize_connections":[],"jetpack_featured_media_url":"https:\/\/revistaepocadigital.com.ar\/wp-content\/uploads\/2021\/01\/nanni-fernan21.jpg","jetpack_likes_enabled":true,"_links":{"self":[{"href":"https:\/\/revistaepocadigital.com.ar\/index.php?rest_route=\/wp\/v2\/posts\/8638","targetHints":{"allow":["GET"]}}],"collection":[{"href":"https:\/\/revistaepocadigital.com.ar\/index.php?rest_route=\/wp\/v2\/posts"}],"about":[{"href":"https:\/\/revistaepocadigital.com.ar\/index.php?rest_route=\/wp\/v2\/types\/post"}],"author":[{"embeddable":true,"href":"https:\/\/revistaepocadigital.com.ar\/index.php?rest_route=\/wp\/v2\/users\/3"}],"replies":[{"embeddable":true,"href":"https:\/\/revistaepocadigital.com.ar\/index.php?rest_route=%2Fwp%2Fv2%2Fcomments&post=8638"}],"version-history":[{"count":0,"href":"https:\/\/revistaepocadigital.com.ar\/index.php?rest_route=\/wp\/v2\/posts\/8638\/revisions"}],"wp:featuredmedia":[{"embeddable":true,"href":"https:\/\/revistaepocadigital.com.ar\/index.php?rest_route=\/wp\/v2\/media\/8640"}],"wp:attachment":[{"href":"https:\/\/revistaepocadigital.com.ar\/index.php?rest_route=%2Fwp%2Fv2%2Fmedia&parent=8638"}],"wp:term":[{"taxonomy":"category","embeddable":true,"href":"https:\/\/revistaepocadigital.com.ar\/index.php?rest_route=%2Fwp%2Fv2%2Fcategories&post=8638"},{"taxonomy":"post_tag","embeddable":true,"href":"https:\/\/revistaepocadigital.com.ar\/index.php?rest_route=%2Fwp%2Fv2%2Ftags&post=8638"}],"curies":[{"name":"wp","href":"https:\/\/api.w.org\/{rel}","templated":true}]}}