{"id":8647,"date":"2021-01-17T16:35:09","date_gmt":"2021-01-17T19:35:09","guid":{"rendered":"https:\/\/revistaepocadigital.com.ar\/?p=8647"},"modified":"2021-01-17T16:38:12","modified_gmt":"2021-01-17T19:38:12","slug":"nanni-movio-el-tablero-en-la-muni-importantes-cambios","status":"publish","type":"post","link":"https:\/\/revistaepocadigital.com.ar\/?p=8647","title":{"rendered":"NANNI MOVI\u00d3 EL TABLERO EN  LA MUNI, IMPORTANTES CAMBIOS"},"content":{"rendered":"<div class=\"\" dir=\"auto\">\n<div id=\"jsc_c_37e\" class=\"ecm0bbzt hv4rvrfc ihqw7lf3 dati1w0a\" data-ad-comet-preview=\"message\" data-ad-preview=\"message\">\n<div class=\"j83agx80 cbu4d94t ew0dbk1b irj2b8pg\">\n<div class=\"qzhwtbm6 knvmm38d\">\n<div class=\"kvgmc6g5 cxmmr5t8 oygrvhab hcukyx3x c1et5uql ii04i59q\">\n<div dir=\"auto\"><strong>EL ESQUEMA MUNICIPAL, TEMA SIEMPRE VIGENTE Y OBSERVADO.<!--more--><\/strong><\/div>\n<\/div>\n<div class=\"o9v6fnle cxmmr5t8 oygrvhab hcukyx3x c1et5uql ii04i59q\">\n<div dir=\"auto\"><\/div>\n<\/div>\n<div class=\"o9v6fnle cxmmr5t8 oygrvhab hcukyx3x c1et5uql ii04i59q\">\n<div dir=\"auto\">El &#8220;gabinete&#8221; podr\u00eda decirse que acompa\u00f1a a Diego Nanni como intendente, en la administraci\u00f3n municipal actual, es una tema de permanente vigencia y que ha sido invariable en tantas gestiones, ha derivado en distintas opiniones y puntos de vista en el terreno pol\u00edtico y entre los vecinos de Exaltaci\u00f3n de la Cruz. El medio La Gaceta de Exaltaci\u00f3n, mencion\u00f3 los cambios producidos.<\/div>\n<div dir=\"auto\"><\/div>\n<div dir=\"auto\">Mar\u00eda Luz Bozzani deja la Secretar\u00eda de Gobierno y toma a su cargo la Secretar\u00eda de Coordinaci\u00f3n General. El \u00e1rea contemplar\u00e1 las subsecretar\u00edas de Hacienda, Relaciones Humanas, Producci\u00f3n y Medio Ambiente, Legal y T\u00e9cnica, Bromatolog\u00eda y Zoonosis, Recursos Inform\u00e1ticos, Tierras, Patrimonio y Bienes F\u00edsicos, esta \u00faltima comenz\u00f3 a funcionar con la nueva gesti\u00f3n con la contadora Marisa Rodr\u00edguez al frente. Tambi\u00e9n bajo la \u00f3rbita de la Secretar\u00eda de Coordinaci\u00f3n, han pasado a funcionar, Defensa al Consumidor (OMIC) encabezada por el abogado C\u00e9sar Franzanti) y la misma Secretar\u00eda de Gobierno.<\/div>\n<div dir=\"auto\"><\/div>\n<\/div>\n<div class=\"o9v6fnle cxmmr5t8 oygrvhab hcukyx3x c1et5uql ii04i59q\">\n<div dir=\"auto\">En un paso que ha reflejado su ascenso en la estructura de la comuna, Mat\u00edas Azzalini quien se desempe\u00f1aba como Director de Gobierno, pas\u00f3 a encabezar la\u00a0 Secretar\u00eda de Gobierno de cuyo sector depender\u00e1n Desarrollo de la Comunidad (al frente Norma Santill\u00e1n), Secretar\u00eda de Gobierno. Mesa de Entradas y Bolet\u00edn Oficial, Prensa y Comunicaci\u00f3n, Cultura, Turismo, Deportes, Juventud, Jefatura de Licencias de Conducir, Discapacidad, Direcci\u00f3n de Desarrollo de la Comunidad donde la responsable es Karina Lencina, Ni\u00f1ez, G\u00e9nero y Familia, Direcci\u00f3n Operativa de Desarrollo y Delegaciones Municipales.<\/div>\n<div dir=\"auto\"><\/div>\n<\/div>\n<div class=\"o9v6fnle cxmmr5t8 oygrvhab hcukyx3x c1et5uql ii04i59q\">\n<div dir=\"auto\">A su vez Gustavo Zhaga pas\u00f3 de su cargo en el Hospital San Jos\u00e9 a la nueva funci\u00f3n en la Direcci\u00f3n de Gobierno donde se desempe\u00f1\u00f3 Azzalini.<\/div>\n<div dir=\"auto\"><\/div>\n<\/div>\n<div class=\"o9v6fnle cxmmr5t8 oygrvhab hcukyx3x c1et5uql ii04i59q\">\n<div dir=\"auto\">Fue creada la Secretar\u00eda de Higiene y su encargado ha sido designado: Maximiliano Guti\u00e9rrez, y como subsecretario Adolfo Charrato, dos hombres muy identificados con la administraci\u00f3n.<\/div>\n<div dir=\"auto\"><\/div>\n<\/div>\n<div class=\"o9v6fnle cxmmr5t8 oygrvhab hcukyx3x c1et5uql ii04i59q\">\n<div dir=\"auto\">Por otro lado, Germ\u00e1n Gallegos quien se desempa\u00f1aba como Secretario del Concejo Deliberante, pas\u00f3 al cargo de Director Administrativo del Hospital. Ra\u00fal Alga\u00f1araz lo reemplaz\u00f3, para lo que fue necesario el voto de los concejales.<\/div>\n<\/div>\n<\/div>\n<\/div>\n<\/div>\n<\/div>\n<p>&nbsp;<\/p>\n<div id=\"jsc_c_37f\" class=\"l9j0dhe7\">\n<div class=\"l9j0dhe7\">\n<div><\/div>\n<\/div>\n<\/div>\n<div>\n<div id=\"jsc_c_37f\" class=\"l9j0dhe7\">\n<div class=\"stjgntxs ni8dbmo4\"><\/div>\n<\/div>\n<\/div>\n<div>\n<div class=\"stjgntxs ni8dbmo4 l82x9zwi uo3d90p7 h905i5nu monazrh9\" data-visualcompletion=\"ignore-dynamic\">\n<div>\n<div>\n<div>\n<div class=\"l9j0dhe7\">\n<div class=\"bp9cbjyn m9osqain j83agx80 jq4qci2q bkfpd7mw a3bd9o3v kvgmc6g5 wkznzc2l oygrvhab dhix69tm jktsbyx5 rz4wbd8a osnr6wyh a8nywdso s1tcr66n\">\n<div class=\"bp9cbjyn j83agx80 buofh1pr ni8dbmo4 stjgntxs\"><\/div>\n<\/div>\n<\/div>\n<\/div>\n<\/div>\n<\/div>\n<\/div>\n<\/div>\n<div class=\"l6v480f0 kvgmc6g5 wkznzc2l oygrvhab dhix69tm ecm0bbzt\"><\/div>\n<div class=\"j83agx80 bkfpd7mw jb3vyjys hv4rvrfc qt6c0cv9 dati1w0a l9j0dhe7\">\n<div class=\"h3fqq6jp hcukyx3x oygrvhab cxmmr5t8 kvgmc6g5 j83agx80 bp9cbjyn\"><\/div>\n<\/div>\n","protected":false},"excerpt":{"rendered":"<p>EL ESQUEMA MUNICIPAL, TEMA SIEMPRE VIGENTE Y OBSERVADO.<\/p>\n","protected":false},"author":3,"featured_media":8649,"comment_status":"open","ping_status":"open","sticky":false,"template":"","format":"standard","meta":{"footnotes":"","jetpack_publicize_message":"","jetpack_publicize_feature_enabled":true,"jetpack_social_post_already_shared":false,"jetpack_social_options":{"image_generator_settings":{"template":"highway","default_image_id":0,"font":"","enabled":false},"version":2}},"categories":[17],"tags":[714,1171,1172],"class_list":["post-8647","post","type-post","status-publish","format-standard","has-post-thumbnail","hentry","category-politica","tag-cambios","tag-cargos","tag-municipio"],"jetpack_publicize_connections":[],"jetpack_featured_media_url":"https:\/\/revistaepocadigital.com.ar\/wp-content\/uploads\/2021\/01\/Municipalidad_de_Exaltacion_de_la_Cruz.jpg","jetpack_likes_enabled":true,"_links":{"self":[{"href":"https:\/\/revistaepocadigital.com.ar\/index.php?rest_route=\/wp\/v2\/posts\/8647","targetHints":{"allow":["GET"]}}],"collection":[{"href":"https:\/\/revistaepocadigital.com.ar\/index.php?rest_route=\/wp\/v2\/posts"}],"about":[{"href":"https:\/\/revistaepocadigital.com.ar\/index.php?rest_route=\/wp\/v2\/types\/post"}],"author":[{"embeddable":true,"href":"https:\/\/revistaepocadigital.com.ar\/index.php?rest_route=\/wp\/v2\/users\/3"}],"replies":[{"embeddable":true,"href":"https:\/\/revistaepocadigital.com.ar\/index.php?rest_route=%2Fwp%2Fv2%2Fcomments&post=8647"}],"version-history":[{"count":0,"href":"https:\/\/revistaepocadigital.com.ar\/index.php?rest_route=\/wp\/v2\/posts\/8647\/revisions"}],"wp:featuredmedia":[{"embeddable":true,"href":"https:\/\/revistaepocadigital.com.ar\/index.php?rest_route=\/wp\/v2\/media\/8649"}],"wp:attachment":[{"href":"https:\/\/revistaepocadigital.com.ar\/index.php?rest_route=%2Fwp%2Fv2%2Fmedia&parent=8647"}],"wp:term":[{"taxonomy":"category","embeddable":true,"href":"https:\/\/revistaepocadigital.com.ar\/index.php?rest_route=%2Fwp%2Fv2%2Fcategories&post=8647"},{"taxonomy":"post_tag","embeddable":true,"href":"https:\/\/revistaepocadigital.com.ar\/index.php?rest_route=%2Fwp%2Fv2%2Ftags&post=8647"}],"curies":[{"name":"wp","href":"https:\/\/api.w.org\/{rel}","templated":true}]}}