{"id":8663,"date":"2021-01-18T12:09:29","date_gmt":"2021-01-18T15:09:29","guid":{"rendered":"https:\/\/revistaepocadigital.com.ar\/?p=8663"},"modified":"2021-01-18T12:09:29","modified_gmt":"2021-01-18T15:09:29","slug":"eden-colabora-con-el-plan-de-vacunacion-contra-el-covid-19","status":"publish","type":"post","link":"https:\/\/revistaepocadigital.com.ar\/?p=8663","title":{"rendered":"EDEN COLABORA CON EL PLAN DE VACUNACI\u00d3N CONTRA EL COVID-19"},"content":{"rendered":"<div class=\"msg-body P_wpofO mq_AS\" data-test-id=\"message-view-body-content\">\n<div class=\"jb_0 X_6MGW N_6Fd5\">\n<div id=\"yiv7566842458\">\n<div class=\"yiv7566842458WordSection1\">\n<p align=\"center\"><b>SE DESARROLLA EL PLAN DE VACUNACION EN LA PROVINCIA.<!--more--><\/b><\/p>\n<p>En el marco del Plan Provincial de Vacunaci\u00f3n contra el COVID-19, EDEN estar\u00e1 presente con la provisi\u00f3n de generadores en su \u00c1rea de Concesi\u00f3n para garantizar el suministro el\u00e9ctrico en las escuelas donde se realizar\u00e1 la campa\u00f1a.<\/p>\n<p>\u201c<i>Es un orgullo para nosotros ser parte y colaborar en este momento tan importante para nuestro pa\u00eds<\/i>\u201d, expres\u00f3 Dami\u00e1n Sanfilippo, Gerente General de EDEN, y agreg\u00f3, \u201c<i>Con estos generadores, aseguramos el suministro el\u00e9ctrico para los freezers instalados por las autoridades para el mantenimiento de las vacunas en las escuelas<\/i>\u201d.<\/p>\n<p>EDEN no s\u00f3lo realizar\u00e1 la instalaci\u00f3n de los generadores, sino que tambi\u00e9n pondr\u00e1 a disposici\u00f3n el conocimiento de sus t\u00e9cnicos para la evaluaci\u00f3n y mantenimiento peri\u00f3dico de cada equipo, as\u00ed como una l\u00ednea exclusiva de atenci\u00f3n telef\u00f3nica para las escuelas.<\/p>\n<p>\u201c<i>Como trabajadores esenciales, logramos adaptarnos a un a\u00f1o muy especial para todos, permaneciendo cerca de nuestros usuarios, tanto desde el servicio como desarrollando soluciones para la gesti\u00f3n de su suministro<\/i>\u201d, dijo Sanfilippo y concluy\u00f3, \u201c<i>Esta es una muestra m\u00e1s del compromiso que mantenemos con nuestras comunidades y el apoyo para su fortalecimiento<\/i>\u201d.<\/p>\n<\/div>\n<p>&nbsp;<\/p>\n<\/div>\n<\/div>\n<\/div>\n<p>&nbsp;<\/p>\n","protected":false},"excerpt":{"rendered":"<p>SE DESARROLLA EL PLAN DE VACUNACION EN LA PROVINCIA.<\/p>\n","protected":false},"author":3,"featured_media":8665,"comment_status":"open","ping_status":"open","sticky":false,"template":"","format":"standard","meta":{"footnotes":"","jetpack_publicize_message":"","jetpack_publicize_feature_enabled":true,"jetpack_social_post_already_shared":false,"jetpack_social_options":{"image_generator_settings":{"template":"highway","default_image_id":0,"font":"","enabled":false},"version":2}},"categories":[14],"tags":[37,190,894],"class_list":["post-8663","post","type-post","status-publish","format-standard","has-post-thumbnail","hentry","category-la-gente","tag-destacada","tag-empresas","tag-vacunacion"],"jetpack_publicize_connections":[],"jetpack_featured_media_url":"https:\/\/revistaepocadigital.com.ar\/wp-content\/uploads\/2021\/01\/20210107Campana.jpeg","jetpack_likes_enabled":true,"_links":{"self":[{"href":"https:\/\/revistaepocadigital.com.ar\/index.php?rest_route=\/wp\/v2\/posts\/8663","targetHints":{"allow":["GET"]}}],"collection":[{"href":"https:\/\/revistaepocadigital.com.ar\/index.php?rest_route=\/wp\/v2\/posts"}],"about":[{"href":"https:\/\/revistaepocadigital.com.ar\/index.php?rest_route=\/wp\/v2\/types\/post"}],"author":[{"embeddable":true,"href":"https:\/\/revistaepocadigital.com.ar\/index.php?rest_route=\/wp\/v2\/users\/3"}],"replies":[{"embeddable":true,"href":"https:\/\/revistaepocadigital.com.ar\/index.php?rest_route=%2Fwp%2Fv2%2Fcomments&post=8663"}],"version-history":[{"count":0,"href":"https:\/\/revistaepocadigital.com.ar\/index.php?rest_route=\/wp\/v2\/posts\/8663\/revisions"}],"wp:featuredmedia":[{"embeddable":true,"href":"https:\/\/revistaepocadigital.com.ar\/index.php?rest_route=\/wp\/v2\/media\/8665"}],"wp:attachment":[{"href":"https:\/\/revistaepocadigital.com.ar\/index.php?rest_route=%2Fwp%2Fv2%2Fmedia&parent=8663"}],"wp:term":[{"taxonomy":"category","embeddable":true,"href":"https:\/\/revistaepocadigital.com.ar\/index.php?rest_route=%2Fwp%2Fv2%2Fcategories&post=8663"},{"taxonomy":"post_tag","embeddable":true,"href":"https:\/\/revistaepocadigital.com.ar\/index.php?rest_route=%2Fwp%2Fv2%2Ftags&post=8663"}],"curies":[{"name":"wp","href":"https:\/\/api.w.org\/{rel}","templated":true}]}}