{"id":869,"date":"2018-12-09T18:09:02","date_gmt":"2018-12-09T21:09:02","guid":{"rendered":"https:\/\/revistaepocadigital.com.ar\/?p=869"},"modified":"2018-12-15T18:10:36","modified_gmt":"2018-12-15T21:10:36","slug":"deportivo-capilla-un-ano-estupendo","status":"publish","type":"post","link":"https:\/\/revistaepocadigital.com.ar\/?p=869","title":{"rendered":"Deportivo Capilla, un a\u00f1o estupendo"},"content":{"rendered":"<p><strong>CAPILLA POR EL CAMPEONATO.<\/strong><!--more--><\/p>\n<p>Como visitante, en el partido de vuelta por las semifinales de la <strong>Liga de f\u00fatbol de San Antonio de Areco<\/strong>, ante <strong>San Carlos<\/strong> el Club Deportivo Capilla hab\u00eda conseguido un logro in\u00e9dito, se meti\u00f3 en la final del torneo, al cabo de 90 minutos muy luchados y con un arbitraje por dem\u00e1s cuestionado.<\/p>\n<p>Las finales iban en el <strong>Campo de Deportes Municipal de Capilla del Se\u00f1or. <\/strong>El Club Social Deportivo Capilla cerraba un gran a\u00f1o, en el que clasific\u00f3 a las finales del campeonato en las tres categor\u00edas.<\/p>\n<div id=\"js_1sl\" class=\"_5pbx userContent _3576\" data-ad-preview=\"message\" data-ft=\"{&quot;tn&quot;:&quot;K&quot;}\">\n<div id=\"id_5c156bbea10791341053741\" class=\"text_exposed_root text_exposed\">\n<p>La Sub17 enfrentaba a <strong>San Patricio<\/strong>,\u00a0 en tanto la Sub20 as\u00ed como en primera divisi\u00f3n, la final era ante <strong>San Carlos<\/strong>. A continuaci\u00f3n el cronograma de la ida, donde los tres encuentros se disputar\u00e1n en la Cancha Municipal:<\/p>\n<div class=\"text_exposed_show\">\n<p>S\u00c1BADO 15-12<br \/>\nSub17: 15:30hs vs. San Patricio.<br \/>\nSub20: 16:30hs vs. San Carlos.<\/p>\n<p>DOMINGO 16-12<br \/>\nPrimera: 17:15hs vs San Carlos<\/p>\n<p>&nbsp;<\/p>\n<\/div>\n<\/div>\n<\/div>\n","protected":false},"excerpt":{"rendered":"<p>CAPILLA POR EL CAMPEONATO.<\/p>\n","protected":false},"author":3,"featured_media":880,"comment_status":"open","ping_status":"open","sticky":false,"template":"","format":"standard","meta":{"footnotes":"","jetpack_publicize_message":"","jetpack_publicize_feature_enabled":true,"jetpack_social_post_already_shared":false,"jetpack_social_options":{"image_generator_settings":{"template":"highway","default_image_id":0,"font":"","enabled":false},"version":2}},"categories":[9,13,15],"tags":[35,37,50],"class_list":["post-869","post","type-post","status-publish","format-standard","has-post-thumbnail","hentry","category-deportes","category-interes-general","category-lo-que-tenes-que-saber","tag-deportivo-capilla","tag-destacada","tag-futbol"],"jetpack_publicize_connections":[],"jetpack_featured_media_url":"https:\/\/revistaepocadigital.com.ar\/wp-content\/uploads\/2018\/12\/club-depor-capilla-18.jpg","jetpack_likes_enabled":true,"_links":{"self":[{"href":"https:\/\/revistaepocadigital.com.ar\/index.php?rest_route=\/wp\/v2\/posts\/869","targetHints":{"allow":["GET"]}}],"collection":[{"href":"https:\/\/revistaepocadigital.com.ar\/index.php?rest_route=\/wp\/v2\/posts"}],"about":[{"href":"https:\/\/revistaepocadigital.com.ar\/index.php?rest_route=\/wp\/v2\/types\/post"}],"author":[{"embeddable":true,"href":"https:\/\/revistaepocadigital.com.ar\/index.php?rest_route=\/wp\/v2\/users\/3"}],"replies":[{"embeddable":true,"href":"https:\/\/revistaepocadigital.com.ar\/index.php?rest_route=%2Fwp%2Fv2%2Fcomments&post=869"}],"version-history":[{"count":0,"href":"https:\/\/revistaepocadigital.com.ar\/index.php?rest_route=\/wp\/v2\/posts\/869\/revisions"}],"wp:featuredmedia":[{"embeddable":true,"href":"https:\/\/revistaepocadigital.com.ar\/index.php?rest_route=\/wp\/v2\/media\/880"}],"wp:attachment":[{"href":"https:\/\/revistaepocadigital.com.ar\/index.php?rest_route=%2Fwp%2Fv2%2Fmedia&parent=869"}],"wp:term":[{"taxonomy":"category","embeddable":true,"href":"https:\/\/revistaepocadigital.com.ar\/index.php?rest_route=%2Fwp%2Fv2%2Fcategories&post=869"},{"taxonomy":"post_tag","embeddable":true,"href":"https:\/\/revistaepocadigital.com.ar\/index.php?rest_route=%2Fwp%2Fv2%2Ftags&post=869"}],"curies":[{"name":"wp","href":"https:\/\/api.w.org\/{rel}","templated":true}]}}