{"id":8701,"date":"2021-01-19T22:08:12","date_gmt":"2021-01-20T01:08:12","guid":{"rendered":"https:\/\/revistaepocadigital.com.ar\/?p=8701"},"modified":"2021-01-19T22:09:25","modified_gmt":"2021-01-20T01:09:25","slug":"agua-potable-en-el-barrio-sakura-manos-a-la-obra","status":"publish","type":"post","link":"https:\/\/revistaepocadigital.com.ar\/?p=8701","title":{"rendered":"Agua potable en el Barrio Sakura, manos a la obra"},"content":{"rendered":"<p><strong>COMENZARON LAS OBRAS.<\/strong><!--more--><\/p>\n<p>Desde el municipo se inform\u00f3 acerca del comienzo esta semana de lasa obras del tendido de agua potable para Barrio Parque Sakura, en el marco de un convenio firmado con el Ente Nacional de Obras H\u00eddricas de Saneamiento, que demanda una inversi\u00f3n de m\u00e1s de 110 millones de pesos.<\/p>\n<p>El desarrollo de la obra cubrir\u00e1 una superficie de 270 hect\u00e1reas y conectar\u00e1 a m\u00e1s de 2300 familias al esencial servicio, en lo que ha significado una apuesta a futuro, dado el crecimiento de ese barrio y la expansi\u00f3n del corredor de la Ruta 8.<\/p>\n<p><img loading=\"lazy\" decoding=\"async\" class=\"aligncenter size-full wp-image-8704\" src=\"https:\/\/revistaepocadigital.com.ar\/wp-content\/uploads\/2021\/01\/139462061_4019504921435770_3366171468901086588_o.jpg\" alt=\"\" width=\"640\" height=\"360\" srcset=\"https:\/\/revistaepocadigital.com.ar\/wp-content\/uploads\/2021\/01\/139462061_4019504921435770_3366171468901086588_o.jpg 640w, https:\/\/revistaepocadigital.com.ar\/wp-content\/uploads\/2021\/01\/139462061_4019504921435770_3366171468901086588_o-300x169.jpg 300w\" sizes=\"auto, (max-width: 640px) 100vw, 640px\" \/><br \/>\nLuego del estudio del terreno a trav\u00e9s de las im\u00e1genes brindadas por dron, se inici\u00f3 el proceso de perforaci\u00f3n para una de las bombas que abastecer\u00e1 dicho suministro. Luego, y en breve, se avanzar\u00e1 en el tendido de la red frente a los domicilios.<\/p>\n<p>\u201cLa proyecci\u00f3n del crecimiento de Sakura nos obliga a tener una mirada a largo plazo, para dotar la zona de un servicio de agua acorde al crecimiento de esa poblaci\u00f3n. A eso nos comprometimos y en ese sentido gestionamos, siempre a favor de nuestro pueblo\u201d, dijo el intendente Diego Nanni.<\/p>\n","protected":false},"excerpt":{"rendered":"<p>COMENZARON LAS OBRAS.<\/p>\n","protected":false},"author":3,"featured_media":8703,"comment_status":"open","ping_status":"open","sticky":false,"template":"","format":"standard","meta":{"footnotes":"","jetpack_publicize_message":"","jetpack_publicize_feature_enabled":true,"jetpack_social_post_already_shared":false,"jetpack_social_options":{"image_generator_settings":{"template":"highway","default_image_id":0,"font":"","enabled":false},"version":2}},"categories":[17],"tags":[1169,1168],"class_list":["post-8701","post","type-post","status-publish","format-standard","has-post-thumbnail","hentry","category-politica","tag-agua-potable","tag-sakura"],"jetpack_publicize_connections":[],"jetpack_featured_media_url":"https:\/\/revistaepocadigital.com.ar\/wp-content\/uploads\/2021\/01\/139900155_4019504778102451_9066958452206853746_o.jpg","jetpack_likes_enabled":true,"_links":{"self":[{"href":"https:\/\/revistaepocadigital.com.ar\/index.php?rest_route=\/wp\/v2\/posts\/8701","targetHints":{"allow":["GET"]}}],"collection":[{"href":"https:\/\/revistaepocadigital.com.ar\/index.php?rest_route=\/wp\/v2\/posts"}],"about":[{"href":"https:\/\/revistaepocadigital.com.ar\/index.php?rest_route=\/wp\/v2\/types\/post"}],"author":[{"embeddable":true,"href":"https:\/\/revistaepocadigital.com.ar\/index.php?rest_route=\/wp\/v2\/users\/3"}],"replies":[{"embeddable":true,"href":"https:\/\/revistaepocadigital.com.ar\/index.php?rest_route=%2Fwp%2Fv2%2Fcomments&post=8701"}],"version-history":[{"count":0,"href":"https:\/\/revistaepocadigital.com.ar\/index.php?rest_route=\/wp\/v2\/posts\/8701\/revisions"}],"wp:featuredmedia":[{"embeddable":true,"href":"https:\/\/revistaepocadigital.com.ar\/index.php?rest_route=\/wp\/v2\/media\/8703"}],"wp:attachment":[{"href":"https:\/\/revistaepocadigital.com.ar\/index.php?rest_route=%2Fwp%2Fv2%2Fmedia&parent=8701"}],"wp:term":[{"taxonomy":"category","embeddable":true,"href":"https:\/\/revistaepocadigital.com.ar\/index.php?rest_route=%2Fwp%2Fv2%2Fcategories&post=8701"},{"taxonomy":"post_tag","embeddable":true,"href":"https:\/\/revistaepocadigital.com.ar\/index.php?rest_route=%2Fwp%2Fv2%2Ftags&post=8701"}],"curies":[{"name":"wp","href":"https:\/\/api.w.org\/{rel}","templated":true}]}}