{"id":8710,"date":"2021-01-20T00:00:08","date_gmt":"2021-01-20T03:00:08","guid":{"rendered":"https:\/\/revistaepocadigital.com.ar\/?p=8710"},"modified":"2021-01-25T17:53:04","modified_gmt":"2021-01-25T20:53:04","slug":"por-miguel-mucho-dolor-en-el-pueblo","status":"publish","type":"post","link":"https:\/\/revistaepocadigital.com.ar\/?p=8710","title":{"rendered":"Por Miguel, mucho dolor en el pueblo"},"content":{"rendered":"<p><strong>SE HA COBRADO DEMASIADAS VIDAS.<\/strong><!--more--><\/p>\n<p>Un virus que persiste y agudiza las preocupaciones y la angustia en el pa\u00eds y en el mundo. Y desde ya en Exaltaci\u00f3n de la Cruz, donde ha golpeado muy duro y ha esparcido angustia y dolor en familias del partido, ante la p\u00e9rdida de seres queridos, muy valorados por la comunidad.<\/p>\n<p>Miguel Angel Guti\u00e9rrez era un vecino con sus ra\u00edces bien capillenses, hab\u00eda transitado su vida lleno de sentimiento por el pueblo. Junto a su esposa Adriana e hijo Tom\u00e1s hicieron del esfuerzo diario una forma de vida (tambi\u00e9n tuvo dos hijas, Valeria y Aldana en su primer matrimonio).<\/p>\n<p>Activo, bien predispuesto; se lo ve\u00eda en &#8220;Lo de Tom\u00e1s&#8221;, el negocio que encabezaba. &#8220;Lo de Tom\u00e1s&#8221;, uno de los comercios m\u00e1s conocidos y tradicionales de la ciudad, f<span class=\"d2edcug0 hpfvmrgz qv66sw1b c1et5uql rrkovp55 a8c37x1j keod5gw0 nxhoafnm aigsh9s9 d3f4x2em fe6kdd0r mau55g9w c8b282yb mdeji52x jagab5yi g1cxx5fr knj5qynh m9osqain oqcyycmt\" dir=\"auto\">erreter\u00eda, proveedor de gas, distribuidor de agua en bidones, bazar.<\/span><\/p>\n<p>Su fallecimiento provoc\u00f3 profundo pesar en los vecinos, las redes sociales y las calles de Capilla reflejaron lo que significaba Miguel. Mensajes cargados de dolor, de condolencias a su familia, de tristeza sincera. Ten\u00eda mucho camino por recorrer, muchas cosas para seguir dando, sin embargo, no pudo ser. Batall\u00f3 con todo por su vida, pero no alcanz\u00f3.<\/p>\n<p>La tristeza por Miguel invadi\u00f3 a cada uno de los capillenses. Un hombre que va perdurar, siempre. QEPD.<\/p>\n","protected":false},"excerpt":{"rendered":"<p>SE HA COBRADO DEMASIADAS VIDAS.<\/p>\n","protected":false},"author":4,"featured_media":8714,"comment_status":"open","ping_status":"open","sticky":false,"template":"","format":"standard","meta":{"footnotes":"","jetpack_publicize_message":"","jetpack_publicize_feature_enabled":true,"jetpack_social_post_already_shared":false,"jetpack_social_options":{"image_generator_settings":{"template":"highway","default_image_id":0,"font":"","enabled":false},"version":2}},"categories":[10,14],"tags":[37,405,1184],"class_list":["post-8710","post","type-post","status-publish","format-standard","has-post-thumbnail","hentry","category-editorial","category-la-gente","tag-destacada","tag-fallecimiento","tag-miguel-gutierrez"],"jetpack_publicize_connections":[],"jetpack_featured_media_url":"https:\/\/revistaepocadigital.com.ar\/wp-content\/uploads\/2021\/01\/53596202_107934447032039_3243808319848054784_o.jpg","jetpack_likes_enabled":true,"_links":{"self":[{"href":"https:\/\/revistaepocadigital.com.ar\/index.php?rest_route=\/wp\/v2\/posts\/8710","targetHints":{"allow":["GET"]}}],"collection":[{"href":"https:\/\/revistaepocadigital.com.ar\/index.php?rest_route=\/wp\/v2\/posts"}],"about":[{"href":"https:\/\/revistaepocadigital.com.ar\/index.php?rest_route=\/wp\/v2\/types\/post"}],"author":[{"embeddable":true,"href":"https:\/\/revistaepocadigital.com.ar\/index.php?rest_route=\/wp\/v2\/users\/4"}],"replies":[{"embeddable":true,"href":"https:\/\/revistaepocadigital.com.ar\/index.php?rest_route=%2Fwp%2Fv2%2Fcomments&post=8710"}],"version-history":[{"count":0,"href":"https:\/\/revistaepocadigital.com.ar\/index.php?rest_route=\/wp\/v2\/posts\/8710\/revisions"}],"wp:featuredmedia":[{"embeddable":true,"href":"https:\/\/revistaepocadigital.com.ar\/index.php?rest_route=\/wp\/v2\/media\/8714"}],"wp:attachment":[{"href":"https:\/\/revistaepocadigital.com.ar\/index.php?rest_route=%2Fwp%2Fv2%2Fmedia&parent=8710"}],"wp:term":[{"taxonomy":"category","embeddable":true,"href":"https:\/\/revistaepocadigital.com.ar\/index.php?rest_route=%2Fwp%2Fv2%2Fcategories&post=8710"},{"taxonomy":"post_tag","embeddable":true,"href":"https:\/\/revistaepocadigital.com.ar\/index.php?rest_route=%2Fwp%2Fv2%2Ftags&post=8710"}],"curies":[{"name":"wp","href":"https:\/\/api.w.org\/{rel}","templated":true}]}}