{"id":874,"date":"2018-12-15T16:53:19","date_gmt":"2018-12-15T19:53:19","guid":{"rendered":"https:\/\/revistaepocadigital.com.ar\/?p=874"},"modified":"2018-12-15T16:53:19","modified_gmt":"2018-12-15T19:53:19","slug":"audiciones-para-cenicienta","status":"publish","type":"post","link":"https:\/\/revistaepocadigital.com.ar\/?p=874","title":{"rendered":"Audiciones para &#8220;Cenicienta&#8221;"},"content":{"rendered":"<p><strong>FS PRODUCCIONES.<\/strong><!--more--><\/p>\n<p>La productora encabezada por <strong>Fabi\u00e1n Scovenna<\/strong>, lleva adelante audiciones para seleccionar el elenco de la nueva obra producida por el productor capillense, a estrenarse en abril de 2019 en <strong>Capilla del Se\u00f1or.<\/strong><\/p>\n<p>Si ten\u00e9s m\u00e1s de 16 a\u00f1os, y quer\u00e9s formar parte del elenco de <strong>&#8220;Cenicienta&#8221;<\/strong>, inscribite mediante inbox en la p\u00e1gina @fsproducciones; envi\u00e1: \u00a1Quiero ser parte de Cenicienta!<\/p>\n<p>Posteriormente hicieron saber desde FS Producciones, informar\u00e1n sobre el d\u00eda, horario y lugar de la audici\u00f3n. Ten\u00e9s tiempo para inscribirte hasta el 4 de enero de 2019.<\/p>\n<p>&nbsp;<\/p>\n","protected":false},"excerpt":{"rendered":"<p>FS PRODUCCIONES.<\/p>\n","protected":false},"author":3,"featured_media":877,"comment_status":"open","ping_status":"open","sticky":false,"template":"","format":"standard","meta":{"footnotes":"","jetpack_publicize_message":"","jetpack_publicize_feature_enabled":true,"jetpack_social_post_already_shared":false,"jetpack_social_options":{"image_generator_settings":{"template":"highway","default_image_id":0,"font":"","enabled":false},"version":2}},"categories":[12],"tags":[37,82,83],"class_list":["post-874","post","type-post","status-publish","format-standard","has-post-thumbnail","hentry","category-espectaculos","tag-destacada","tag-obra-cenicienta","tag-scovenna"],"jetpack_publicize_connections":[],"jetpack_featured_media_url":"https:\/\/revistaepocadigital.com.ar\/wp-content\/uploads\/2018\/12\/cenicienta.jpg","jetpack_likes_enabled":true,"_links":{"self":[{"href":"https:\/\/revistaepocadigital.com.ar\/index.php?rest_route=\/wp\/v2\/posts\/874","targetHints":{"allow":["GET"]}}],"collection":[{"href":"https:\/\/revistaepocadigital.com.ar\/index.php?rest_route=\/wp\/v2\/posts"}],"about":[{"href":"https:\/\/revistaepocadigital.com.ar\/index.php?rest_route=\/wp\/v2\/types\/post"}],"author":[{"embeddable":true,"href":"https:\/\/revistaepocadigital.com.ar\/index.php?rest_route=\/wp\/v2\/users\/3"}],"replies":[{"embeddable":true,"href":"https:\/\/revistaepocadigital.com.ar\/index.php?rest_route=%2Fwp%2Fv2%2Fcomments&post=874"}],"version-history":[{"count":0,"href":"https:\/\/revistaepocadigital.com.ar\/index.php?rest_route=\/wp\/v2\/posts\/874\/revisions"}],"wp:featuredmedia":[{"embeddable":true,"href":"https:\/\/revistaepocadigital.com.ar\/index.php?rest_route=\/wp\/v2\/media\/877"}],"wp:attachment":[{"href":"https:\/\/revistaepocadigital.com.ar\/index.php?rest_route=%2Fwp%2Fv2%2Fmedia&parent=874"}],"wp:term":[{"taxonomy":"category","embeddable":true,"href":"https:\/\/revistaepocadigital.com.ar\/index.php?rest_route=%2Fwp%2Fv2%2Fcategories&post=874"},{"taxonomy":"post_tag","embeddable":true,"href":"https:\/\/revistaepocadigital.com.ar\/index.php?rest_route=%2Fwp%2Fv2%2Ftags&post=874"}],"curies":[{"name":"wp","href":"https:\/\/api.w.org\/{rel}","templated":true}]}}