{"id":8755,"date":"2021-01-22T23:33:41","date_gmt":"2021-01-23T02:33:41","guid":{"rendered":"https:\/\/revistaepocadigital.com.ar\/?p=8755"},"modified":"2021-01-22T23:33:41","modified_gmt":"2021-01-23T02:33:41","slug":"en-la-provincia-de-buenos-aires-preinscribirse-para-recibir-la-vacuna-contra-el-coronavirus","status":"publish","type":"post","link":"https:\/\/revistaepocadigital.com.ar\/?p=8755","title":{"rendered":"En la provincia de Buenos Aires, preinscribirse para recibir la vacuna contra el coronavirus."},"content":{"rendered":"<article id=\"article-post\" class=\"first\">\n<div class=\"separator-line\"><strong>MEDIANTE UNA APLICACI\u00d3N.<!--more--><\/strong><\/div>\n<div><\/div>\n<div class=\"cuerpo\" data-twitter-link=\"https:\/\/twitter.com\/intent\/tweet?url=https:\/\/www.diariopopular.com.ar\/\/c531739&amp;via=poopulardiario&amp;related=Diario Popular&amp;text=\">\n<p>El Gobierno de la provincia de<strong> <a class=\"agrupador\" href=\"http:\/\/www.diariopopular.com.ar\/buenos-aires-a3495\" rel=\"3495\">Buenos Aires<\/a><\/strong> habilit\u00f3 este viernes una aplicaci\u00f3n para todos los celulares a trav\u00e9s de la cual los mayores de 18 a\u00f1os residentes en territorio bonaerense podr\u00e1n brindar conformidad y realizar la preinscripci\u00f3n para recibir la <a class=\"agrupador\" href=\"http:\/\/www.diariopopular.com.ar\/vacuna-a3225\" rel=\"3225\"><strong>vacuna<\/strong><\/a> contra el<strong> <a class=\"agrupador\" href=\"http:\/\/www.diariopopular.com.ar\/coronavirus-a2916\" rel=\"2916\">coronavirus<\/a>.<\/strong><\/p>\n<div id=\"div-gpt-ad-nota-98134\" class=\"banner-90\" data-mapping=\"mapping9\" data-google-query-id=\"CLWojomBse4CFZswuQYd4kUIrg\">\n<div id=\"google_ads_iframe_\/7581181\/dp_universal_0__container__\"><iframe id=\"google_ads_iframe_\/7581181\/dp_universal_0\" title=\"3rd party ad content\" name=\"google_ads_iframe_\/7581181\/dp_universal_0\" width=\"468\" height=\"60\" frameborder=\"0\" marginwidth=\"0\" marginheight=\"0\" scrolling=\"no\" sandbox=\"allow-forms allow-popups allow-popups-to-escape-sandbox allow-same-origin allow-scripts allow-top-navigation-by-user-activation\" data-google-container-id=\"2\" data-load-complete=\"true\" data-mce-fragment=\"1\"><\/iframe><\/div>\n<\/div>\n<\/div>\n<\/article>\n<p>Se trata de la aplicaci\u00f3n \u201cvacunatePBA\u201d que se suma al sitio www.vacunatepba.gba.gob.ar como canal de preinscripci\u00f3n, que ya tiene m\u00e1s de un mill\u00f3n de vecinos de la provincia de <strong>Buenos Aires<\/strong> registrados, consign\u00f3 el Ejecutivo Provincial en un comunicado.<\/p>\n<article id=\"article-post\">\n<div class=\"cuerpo\" data-twitter-link=\"https:\/\/twitter.com\/intent\/tweet?url=https:\/\/www.diariopopular.com.ar\/\/c531739&amp;via=poopulardiario&amp;related=Diario Popular&amp;text=\">\n<p>La aplicaci\u00f3n ya se puede descargar en tel\u00e9fonos m\u00f3viles con sistemas operativos Android e iOS.<\/p>\n<p>&nbsp;<\/p>\n<div id=\"embed13_wrap\" class=\"embed_cont type_freetext no-epigrafe no-copyright\" contenteditable=\"false\">\n<div id=\"embed13_content\" class=\"embed_content\">\n<div id=\"embed13_embed\">\n<div class=\"twitter-tweet twitter-tweet-rendered\"><iframe id=\"twitter-widget-0\" class=\"\" title=\"Twitter Tweet\" src=\"https:\/\/platform.twitter.com\/embed\/index.html?creatorScreenName=populardiario&amp;dnt=false&amp;embedId=twitter-widget-0&amp;frame=false&amp;hideCard=false&amp;hideThread=false&amp;id=1352603543933509634&amp;lang=en&amp;origin=https%3A%2F%2Fwww.diariopopular.com.ar%2Fprovincia%2Fbuenos-aires-habilito-una-aplicacion-recibir-la-vacuna-n531739&amp;siteScreenName=populardiario&amp;theme=light&amp;widgetsVersion=ed20a2b%3A1601588405575&amp;width=550px\" frameborder=\"0\" scrolling=\"no\" allowfullscreen=\"allowfullscreen\" data-tweet-id=\"1352603543933509634\" data-mce-fragment=\"1\"><\/iframe><\/div>\n<\/div>\n<\/div>\n<\/div>\n<p>Adem\u00e1s de la gesti\u00f3n de los turnos, permite habilitar un esquema de notificaciones para recordar informaci\u00f3n relevante como d\u00edas y horarios, y mensajes que dan cuenta del avance de la campa\u00f1a para recibir la<strong> vacuna <\/strong>contra el <strong>coronavirus. <\/strong><\/p>\n<div id=\"div-gpt-ad-nota-954835\" class=\"banner-90\" data-mapping=\"mapping9\" data-google-query-id=\"CLaojomBse4CFZswuQYd4kUIrg\">\n<div id=\"google_ads_iframe_\/7581181\/dp_universal_1__container__\"><iframe id=\"google_ads_iframe_\/7581181\/dp_universal_1\" title=\"3rd party ad content\" name=\"google_ads_iframe_\/7581181\/dp_universal_1\" width=\"468\" height=\"60\" frameborder=\"0\" marginwidth=\"0\" marginheight=\"0\" scrolling=\"no\" sandbox=\"allow-forms allow-popups allow-popups-to-escape-sandbox allow-same-origin allow-scripts allow-top-navigation-by-user-activation\" data-google-container-id=\"3\" data-load-complete=\"true\" data-mce-fragment=\"1\"><\/iframe><\/div>\n<\/div>\n<p>Las personas que ya se hayan aplicado alguna dosis de la<strong> vacuna <\/strong>tendr\u00e1n la posibilidad de generar un reporte de s\u00edntomas destinado a llevar adelante el seguimiento de posibles efectos secundarios vinculados con la <strong>vacunaci\u00f3n<\/strong>.<\/p>\n<p>El Gobierno de la provincia de <strong>Buenos Aires <\/strong>record\u00f3 que luego de la vacunaci\u00f3n del personal de salud tendr\u00e1n prioridad los mayores de 60 a\u00f1os, personas con enfermedades preexistentes y trabajadores de las fuerzas de seguridad y de la comunidad educativa.<\/p>\n<p>La provincia de <strong>Buenos Aires <\/strong>aspira a vacunar a 126.000 personas por d\u00eda con un esquema dise\u00f1ado para mejorar la eficiencia del proceso, luego de haber inmunizado a 230.000 bonaerenses en el marco del plan nacional de inoculaci\u00f3n que puso en marcha el Gobierno nacional y que comenz\u00f3 con los trabajadores de la salud.<\/p>\n<p>El Gobierno de la provincia de <strong>Buenos Aires<\/strong> celebr\u00f3 que \u201cmuch\u00edsima gente de 60 a\u00f1os se empez\u00f3 a anotar\u201d para recibir la vacuna contra el <strong>coronavirus <\/strong>luego de que el presidente Alberto Fern\u00e1ndez se aplicara la primera dosis de la<strong> vacuna<\/strong> Sputnik V.<\/p>\n<p>Nota publicada en Diario Popular<\/p>\n<\/div>\n<\/article>\n<div class=\"object-important-people\">\n<h2 class=\"object-title\">N<\/h2>\n<\/div>\n","protected":false},"excerpt":{"rendered":"<p>MEDIANTE UNA APLICACI\u00d3N.<\/p>\n","protected":false},"author":4,"featured_media":8757,"comment_status":"open","ping_status":"open","sticky":false,"template":"","format":"standard","meta":{"footnotes":"","jetpack_publicize_message":"","jetpack_publicize_feature_enabled":true,"jetpack_social_post_already_shared":false,"jetpack_social_options":{"image_generator_settings":{"template":"highway","default_image_id":0,"font":"","enabled":false},"version":2}},"categories":[10,14,17],"tags":[1183,894],"class_list":["post-8755","post","type-post","status-publish","format-standard","has-post-thumbnail","hentry","category-editorial","category-la-gente","category-politica","tag-inscripcion","tag-vacunacion"],"jetpack_publicize_connections":[],"jetpack_featured_media_url":"https:\/\/revistaepocadigital.com.ar\/wp-content\/uploads\/2021\/01\/EsVpwOVXAAAqZ5E.jpg","jetpack_likes_enabled":true,"_links":{"self":[{"href":"https:\/\/revistaepocadigital.com.ar\/index.php?rest_route=\/wp\/v2\/posts\/8755","targetHints":{"allow":["GET"]}}],"collection":[{"href":"https:\/\/revistaepocadigital.com.ar\/index.php?rest_route=\/wp\/v2\/posts"}],"about":[{"href":"https:\/\/revistaepocadigital.com.ar\/index.php?rest_route=\/wp\/v2\/types\/post"}],"author":[{"embeddable":true,"href":"https:\/\/revistaepocadigital.com.ar\/index.php?rest_route=\/wp\/v2\/users\/4"}],"replies":[{"embeddable":true,"href":"https:\/\/revistaepocadigital.com.ar\/index.php?rest_route=%2Fwp%2Fv2%2Fcomments&post=8755"}],"version-history":[{"count":0,"href":"https:\/\/revistaepocadigital.com.ar\/index.php?rest_route=\/wp\/v2\/posts\/8755\/revisions"}],"wp:featuredmedia":[{"embeddable":true,"href":"https:\/\/revistaepocadigital.com.ar\/index.php?rest_route=\/wp\/v2\/media\/8757"}],"wp:attachment":[{"href":"https:\/\/revistaepocadigital.com.ar\/index.php?rest_route=%2Fwp%2Fv2%2Fmedia&parent=8755"}],"wp:term":[{"taxonomy":"category","embeddable":true,"href":"https:\/\/revistaepocadigital.com.ar\/index.php?rest_route=%2Fwp%2Fv2%2Fcategories&post=8755"},{"taxonomy":"post_tag","embeddable":true,"href":"https:\/\/revistaepocadigital.com.ar\/index.php?rest_route=%2Fwp%2Fv2%2Ftags&post=8755"}],"curies":[{"name":"wp","href":"https:\/\/api.w.org\/{rel}","templated":true}]}}