{"id":8758,"date":"2021-01-23T00:16:20","date_gmt":"2021-01-23T03:16:20","guid":{"rendered":"https:\/\/revistaepocadigital.com.ar\/?p=8758"},"modified":"2021-01-23T00:17:07","modified_gmt":"2021-01-23T03:17:07","slug":"hector-nanni-en-carne-propia","status":"publish","type":"post","link":"https:\/\/revistaepocadigital.com.ar\/?p=8758","title":{"rendered":"Hector Nanni, en carne propia"},"content":{"rendered":"<p><strong>SUPERO EL COVID, Y NO SE OLVIDAR\u00c1 NUNCA.<\/strong><!--more--><\/p>\n<div class=\"o9v6fnle cxmmr5t8 oygrvhab hcukyx3x c1et5uql\">\n<div dir=\"auto\">H\u00e9ctor Nanni, el reconocido m\u00e9dico, actual asesor en Salud del municipio, engranaje clave, se sabe, padeci\u00f3 Covid-19.<\/div>\n<div dir=\"auto\"><\/div>\n<div dir=\"auto\">\n<p>Contagiado, debi\u00f3 permanecer aislado, lo mismo su esposa la bioqu\u00edmica Alicia Trezza quien tambi\u00e9n atraves\u00f3 la enfermedad.\u00a0 Expuesto como el personal de salud que a diario lucha por la salud de los pacientes, cont\u00f3 en primera persona la tan dura vivencia atravesada a sus 69 a\u00f1os. Soport\u00f3 el malestar f\u00edsico, soport\u00f3 la incertidumbre, el miedo.<\/p>\n<\/div>\n<div dir=\"auto\"><\/div>\n<div dir=\"auto\">Ha contado porqu\u00e9 no, el pasaje m\u00e1s duro de su vida y ha dejado un mensaje muy claro.<em> \u201cCu\u00eddense, y cuiden a los dem\u00e1s\u201d.<\/em> Lo ha dicho un hombre que ha peleado con el virus y pudo doblegarlo. Para que tomar consciencia sigue siendo el camino.<\/div>\n<\/div>\n<p>&nbsp;<\/p>\n<div class=\"fb-video\" data-allowfullscreen=\"true\" data-href=\"https:\/\/www.facebook.com\/Muniexaltaciondelacruz\/videos\/464853168220932\" style=\"background-color: #fff; display: inline-block;\"><\/div>\n<p>&nbsp;<\/p>\n<p>&nbsp;<\/p>\n","protected":false},"excerpt":{"rendered":"<p>SUPERO EL COVID, Y NO SE OLVIDAR\u00c1 NUNCA.<\/p>\n","protected":false},"author":3,"featured_media":8760,"comment_status":"open","ping_status":"open","sticky":false,"template":"","format":"standard","meta":{"footnotes":"","jetpack_publicize_message":"","jetpack_publicize_feature_enabled":true,"jetpack_social_post_already_shared":false,"jetpack_social_options":{"image_generator_settings":{"template":"highway","default_image_id":0,"font":"","enabled":false},"version":2}},"categories":[13],"tags":[569,66,1133],"class_list":["post-8758","post","type-post","status-publish","format-standard","has-post-thumbnail","hentry","category-interes-general","tag-coronavirus","tag-nanni","tag-testimonio"],"jetpack_publicize_connections":[],"jetpack_featured_media_url":"https:\/\/revistaepocadigital.com.ar\/wp-content\/uploads\/2021\/01\/nanni-h-21.jpg","jetpack_likes_enabled":true,"_links":{"self":[{"href":"https:\/\/revistaepocadigital.com.ar\/index.php?rest_route=\/wp\/v2\/posts\/8758","targetHints":{"allow":["GET"]}}],"collection":[{"href":"https:\/\/revistaepocadigital.com.ar\/index.php?rest_route=\/wp\/v2\/posts"}],"about":[{"href":"https:\/\/revistaepocadigital.com.ar\/index.php?rest_route=\/wp\/v2\/types\/post"}],"author":[{"embeddable":true,"href":"https:\/\/revistaepocadigital.com.ar\/index.php?rest_route=\/wp\/v2\/users\/3"}],"replies":[{"embeddable":true,"href":"https:\/\/revistaepocadigital.com.ar\/index.php?rest_route=%2Fwp%2Fv2%2Fcomments&post=8758"}],"version-history":[{"count":0,"href":"https:\/\/revistaepocadigital.com.ar\/index.php?rest_route=\/wp\/v2\/posts\/8758\/revisions"}],"wp:featuredmedia":[{"embeddable":true,"href":"https:\/\/revistaepocadigital.com.ar\/index.php?rest_route=\/wp\/v2\/media\/8760"}],"wp:attachment":[{"href":"https:\/\/revistaepocadigital.com.ar\/index.php?rest_route=%2Fwp%2Fv2%2Fmedia&parent=8758"}],"wp:term":[{"taxonomy":"category","embeddable":true,"href":"https:\/\/revistaepocadigital.com.ar\/index.php?rest_route=%2Fwp%2Fv2%2Fcategories&post=8758"},{"taxonomy":"post_tag","embeddable":true,"href":"https:\/\/revistaepocadigital.com.ar\/index.php?rest_route=%2Fwp%2Fv2%2Ftags&post=8758"}],"curies":[{"name":"wp","href":"https:\/\/api.w.org\/{rel}","templated":true}]}}