{"id":8767,"date":"2021-01-21T14:51:59","date_gmt":"2021-01-21T17:51:59","guid":{"rendered":"https:\/\/revistaepocadigital.com.ar\/?p=8767"},"modified":"2021-01-25T17:21:29","modified_gmt":"2021-01-25T20:21:29","slug":"lotes-para-viviendas-para-bomberos-cardalenses","status":"publish","type":"post","link":"https:\/\/revistaepocadigital.com.ar\/?p=8767","title":{"rendered":"LOTES PARA VIVIENDAS PARA BOMBEROS CARDALENSES"},"content":{"rendered":"<div class=\"\" dir=\"auto\">\n<div id=\"jsc_c_1a\" class=\"ecm0bbzt hv4rvrfc ihqw7lf3 dati1w0a\" data-ad-comet-preview=\"message\" data-ad-preview=\"message\">\n<div class=\"j83agx80 cbu4d94t ew0dbk1b irj2b8pg\">\n<div class=\"qzhwtbm6 knvmm38d\">\n<div class=\"kvgmc6g5 cxmmr5t8 oygrvhab hcukyx3x c1et5uql ii04i59q\">\n<div dir=\"auto\"><strong>SIETE UNIDADES.<!--more--><\/strong><\/div>\n<div dir=\"auto\"><\/div>\n<\/div>\n<div class=\"o9v6fnle cxmmr5t8 oygrvhab hcukyx3x c1et5uql ii04i59q\">\n<div dir=\"auto\">El intendente Diego Nanni encabez\u00f3 (23\/1) el acto de entrega de lotes para viviendas en Los Cardales, apuntadd exclusivamente a la familia de Bomberos, siendo 7 unidades de terreno.<\/div>\n<\/div>\n<div class=\"o9v6fnle cxmmr5t8 oygrvhab hcukyx3x c1et5uql ii04i59q\">\n<div dir=\"auto\"><\/div>\n<div dir=\"auto\">El encuentro se hizo sobre la calle General Rodr\u00edguez, casi esquina Campana, en el predio en el que municipio aspira a construir un nuevo edificio para el CAP cardalense y un polideportivo.<\/div>\n<div dir=\"auto\"><\/div>\n<\/div>\n<div class=\"o9v6fnle cxmmr5t8 oygrvhab hcukyx3x c1et5uql ii04i59q\">\n<div dir=\"auto\">Marcelo Ahuad, jefe del Cuartel de Bomberos, sostuvo que que \u201cla gesti\u00f3n de los terrenos la venimos tratando desde hace a\u00f1os, y la rapidez con la que la resolvi\u00f3 Diego (Nanni) no tiene palabras\u201d. Y luego agreg\u00f3: \u201cEn un a\u00f1o tan dif\u00edcil como este, haberle prestado atenci\u00f3n a este tema, no tiene precio y es un reconocimiento a la familia de Bomberos. S\u00f3lo tengo palabras de agradecimiento y las felicitaciones a Bomberos, porque se lo merecen\u201d.<\/div>\n<\/div>\n<div dir=\"auto\"><\/div>\n<div class=\"o9v6fnle cxmmr5t8 oygrvhab hcukyx3x c1et5uql ii04i59q\">\n<div dir=\"auto\">\n<figure id=\"attachment_8769\" aria-describedby=\"caption-attachment-8769\" style=\"width: 640px\" class=\"wp-caption alignleft\"><img loading=\"lazy\" decoding=\"async\" class=\"size-full wp-image-8769\" src=\"https:\/\/revistaepocadigital.com.ar\/wp-content\/uploads\/2021\/01\/NANNI-BOMB-CARDA21.jpg\" alt=\"\" width=\"640\" height=\"425\" srcset=\"https:\/\/revistaepocadigital.com.ar\/wp-content\/uploads\/2021\/01\/NANNI-BOMB-CARDA21.jpg 640w, https:\/\/revistaepocadigital.com.ar\/wp-content\/uploads\/2021\/01\/NANNI-BOMB-CARDA21-300x199.jpg 300w, https:\/\/revistaepocadigital.com.ar\/wp-content\/uploads\/2021\/01\/NANNI-BOMB-CARDA21-632x420.jpg 632w\" sizes=\"auto, (max-width: 640px) 100vw, 640px\" \/><figcaption id=\"caption-attachment-8769\" class=\"wp-caption-text\">Habla el intendente, a su lado el jefe de bomberos<\/figcaption><\/figure>\n<\/div>\n<\/div>\n<div class=\"o9v6fnle cxmmr5t8 oygrvhab hcukyx3x c1et5uql ii04i59q\">\n<div dir=\"auto\">El intendente Nanni por su parte afirm\u00f3: \u201cLo que yo pueda aportar al lugar donde crec\u00ed, siempre ser\u00e1 para sumar. Es as\u00ed que ustedes, desde el lugar de bomberos, del lugar de h\u00e9roes que tienen en la sociedad, reciban este peque\u00f1o reconocimiento, que en realidad es un derecho\u201d. \u201cLo hacemos -remarc\u00f3- en el marco de un compromiso para desarrollar m\u00e1s de 200 lotes y m\u00e1s de 100 casas, para atender la demanda de nuestros vecinos. Ojal\u00e1 antes del 2022 tengamos esas casas construidas\u201d. Finalmente destac\u00f3 el jefe comunal, \u201cel trabajo de la Delegaci\u00f3n, a Oscar Gianfelice, que motoriz\u00f3 todo para tener los lotes en condiciones\u201d y tambi\u00e9n \u201ca la gente que organiz\u00f3 este acto, a pesar del calor\u201d.<\/div>\n<\/div>\n<\/div>\n<\/div>\n<\/div>\n<\/div>\n<div class=\"ni8dbmo4 stjgntxs pmk7jnqg\"><\/div>\n","protected":false},"excerpt":{"rendered":"<p>SIETE UNIDADES.<\/p>\n","protected":false},"author":3,"featured_media":8768,"comment_status":"open","ping_status":"open","sticky":false,"template":"","format":"standard","meta":{"footnotes":"","jetpack_publicize_message":"","jetpack_publicize_feature_enabled":true,"jetpack_social_post_already_shared":false,"jetpack_social_options":{"image_generator_settings":{"template":"highway","default_image_id":0,"font":"","enabled":false},"version":2}},"categories":[17],"tags":[1118,984],"class_list":["post-8767","post","type-post","status-publish","format-standard","has-post-thumbnail","hentry","category-politica","tag-bomberos-cardales","tag-lotes"],"jetpack_publicize_connections":[],"jetpack_featured_media_url":"https:\/\/revistaepocadigital.com.ar\/wp-content\/uploads\/2021\/01\/BOMBE-LOTES21.jpg","jetpack_likes_enabled":true,"_links":{"self":[{"href":"https:\/\/revistaepocadigital.com.ar\/index.php?rest_route=\/wp\/v2\/posts\/8767","targetHints":{"allow":["GET"]}}],"collection":[{"href":"https:\/\/revistaepocadigital.com.ar\/index.php?rest_route=\/wp\/v2\/posts"}],"about":[{"href":"https:\/\/revistaepocadigital.com.ar\/index.php?rest_route=\/wp\/v2\/types\/post"}],"author":[{"embeddable":true,"href":"https:\/\/revistaepocadigital.com.ar\/index.php?rest_route=\/wp\/v2\/users\/3"}],"replies":[{"embeddable":true,"href":"https:\/\/revistaepocadigital.com.ar\/index.php?rest_route=%2Fwp%2Fv2%2Fcomments&post=8767"}],"version-history":[{"count":0,"href":"https:\/\/revistaepocadigital.com.ar\/index.php?rest_route=\/wp\/v2\/posts\/8767\/revisions"}],"wp:featuredmedia":[{"embeddable":true,"href":"https:\/\/revistaepocadigital.com.ar\/index.php?rest_route=\/wp\/v2\/media\/8768"}],"wp:attachment":[{"href":"https:\/\/revistaepocadigital.com.ar\/index.php?rest_route=%2Fwp%2Fv2%2Fmedia&parent=8767"}],"wp:term":[{"taxonomy":"category","embeddable":true,"href":"https:\/\/revistaepocadigital.com.ar\/index.php?rest_route=%2Fwp%2Fv2%2Fcategories&post=8767"},{"taxonomy":"post_tag","embeddable":true,"href":"https:\/\/revistaepocadigital.com.ar\/index.php?rest_route=%2Fwp%2Fv2%2Ftags&post=8767"}],"curies":[{"name":"wp","href":"https:\/\/api.w.org\/{rel}","templated":true}]}}