{"id":8784,"date":"2021-01-25T23:36:46","date_gmt":"2021-01-26T02:36:46","guid":{"rendered":"https:\/\/revistaepocadigital.com.ar\/?p=8784"},"modified":"2021-01-25T23:36:46","modified_gmt":"2021-01-26T02:36:46","slug":"y-esta-usar-doble-tapaboca-puede-ser-mas-efectivo-para-cuidarse-del-coronavirus","status":"publish","type":"post","link":"https:\/\/revistaepocadigital.com.ar\/?p=8784","title":{"rendered":"\u00bfY esta?, usar doble tapaboca puede ser m\u00e1s efectivo para cuidarse del coronavirus"},"content":{"rendered":"<header class=\"storyfull__header\">\n<h1 class=\"storyfull__title\"><strong style=\"font-family: Verdana, Geneva, sans-serif; font-size: 15px; color: #222222;\">LO HA DICHO EL DIRECTOR DEL INSTITUTO NACIONAL DE ALERGIAS Y ENFERMEDADES INFECCIOSAS DE EE.UU.<!--more--><\/strong><\/h1>\n<h1 class=\"storyfull__title\"><span style=\"font-family: Verdana, Geneva, sans-serif; font-size: 15px; color: #222222;\">\u00a0El Dr. Anthony Fauci, director del Instituto Nacional de Alergias y Enfermedades Infecciosas de EE.UU., lo manifest\u00f3 en CNN (25\/1). Sostuvo que usar dos m\u00e1scaras (tapabocas, barbijos) probablemente sea m\u00e1s efectivo para detener la propagaci\u00f3n del Covid-19.<\/span><\/h1>\n<\/header>\n<p>Cuando se le pregunt\u00f3 si el uso de una m\u00e1scara doble o una<a href=\"https:\/\/cnnespanol.cnn.com\/2021\/01\/25\/debemos-usar-mascarillas-n95-en-vez-de-tapabocas-de-tela-el-dr-huerta-explica-lo-que-dice-la-ciencia\/\">\u00a0m\u00e1scara N95<\/a>\u00a0marca la diferencia, Fauci le dijo a Savannah Guthrie de NBC que probablemente s\u00ed.<\/p>\n<div class=\"storyfull__content\">\n<div class=\"row\">\n<div class=\"col--main\">\n<div class=\"storyfull__body\">\n<ul>\n<li><a href=\"https:\/\/cnnespanol.cnn.com\/2021\/01\/23\/la-mascarilla-que-podria-acabar-con-la-pandemia\/\">La mascarilla que podr\u00eda acabar con la pandemia<\/a><\/li>\n<\/ul>\n<p>\u201cPorque, quiero decir, esta es una cubierta f\u00edsica para evitar que entren gotas y virus\u201d, dijo Fauci. \u201cEntonces, si tienes una cubierta f\u00edsica con una capa, coloca otra capa, simplemente tiene sentido com\u00fan que probablemente sea m\u00e1s efectivo y esa es la raz\u00f3n por la que ve a la gente haciendo doble m\u00e1scara o haciendo una versi\u00f3n de un N95\u2033.<\/p>\n<div class=\"banner\">\n<div id=\"ad_nat_btf_01\" class=\"cnn_adtag cnn_adtag--dfp\">Los Centros para el Control y la Prevenci\u00f3n de Enfermedades de EE.UU., recomiendan que las personas usen m\u00e1scaras en lugares p\u00fablicos y en cualquier lugar donde est\u00e9n cerca de otras personas, y dicen que las personas deben usar m\u00e1scaras que tengan dos o m\u00e1s capas de tela que se ajusten c\u00f3modamente sobre la nariz y la boca.<\/div>\n<\/div>\n<\/div>\n<\/div>\n<\/div>\n<\/div>\n<div><\/div>\n<div>Foto portada: gentileza El Cronista.<\/div>\n","protected":false},"excerpt":{"rendered":"<p>LO HA DICHO EL DIRECTOR DEL INSTITUTO NACIONAL DE ALERGIAS Y ENFERMEDADES INFECCIOSAS DE EE.UU.<\/p>\n","protected":false},"author":3,"featured_media":8786,"comment_status":"open","ping_status":"open","sticky":false,"template":"","format":"standard","meta":{"footnotes":"","jetpack_publicize_message":"","jetpack_publicize_feature_enabled":true,"jetpack_social_post_already_shared":false,"jetpack_social_options":{"image_generator_settings":{"template":"highway","default_image_id":0,"font":"","enabled":false},"version":2}},"categories":[13],"tags":[1157,1185,635],"class_list":["post-8784","post","type-post","status-publish","format-standard","has-post-thumbnail","hentry","category-interes-general","tag-covid-19","tag-mascaras","tag-prevencion"],"jetpack_publicize_connections":[],"jetpack_featured_media_url":"https:\/\/revistaepocadigital.com.ar\/wp-content\/uploads\/2021\/01\/barbijos.jpg","jetpack_likes_enabled":true,"_links":{"self":[{"href":"https:\/\/revistaepocadigital.com.ar\/index.php?rest_route=\/wp\/v2\/posts\/8784","targetHints":{"allow":["GET"]}}],"collection":[{"href":"https:\/\/revistaepocadigital.com.ar\/index.php?rest_route=\/wp\/v2\/posts"}],"about":[{"href":"https:\/\/revistaepocadigital.com.ar\/index.php?rest_route=\/wp\/v2\/types\/post"}],"author":[{"embeddable":true,"href":"https:\/\/revistaepocadigital.com.ar\/index.php?rest_route=\/wp\/v2\/users\/3"}],"replies":[{"embeddable":true,"href":"https:\/\/revistaepocadigital.com.ar\/index.php?rest_route=%2Fwp%2Fv2%2Fcomments&post=8784"}],"version-history":[{"count":0,"href":"https:\/\/revistaepocadigital.com.ar\/index.php?rest_route=\/wp\/v2\/posts\/8784\/revisions"}],"wp:featuredmedia":[{"embeddable":true,"href":"https:\/\/revistaepocadigital.com.ar\/index.php?rest_route=\/wp\/v2\/media\/8786"}],"wp:attachment":[{"href":"https:\/\/revistaepocadigital.com.ar\/index.php?rest_route=%2Fwp%2Fv2%2Fmedia&parent=8784"}],"wp:term":[{"taxonomy":"category","embeddable":true,"href":"https:\/\/revistaepocadigital.com.ar\/index.php?rest_route=%2Fwp%2Fv2%2Fcategories&post=8784"},{"taxonomy":"post_tag","embeddable":true,"href":"https:\/\/revistaepocadigital.com.ar\/index.php?rest_route=%2Fwp%2Fv2%2Ftags&post=8784"}],"curies":[{"name":"wp","href":"https:\/\/api.w.org\/{rel}","templated":true}]}}