{"id":8791,"date":"2021-01-26T00:43:57","date_gmt":"2021-01-26T03:43:57","guid":{"rendered":"https:\/\/revistaepocadigital.com.ar\/?p=8791"},"modified":"2021-01-26T16:03:32","modified_gmt":"2021-01-26T19:03:32","slug":"milo-y-jano-bienvenidos-capilla-los-estaba-esperando","status":"publish","type":"post","link":"https:\/\/revistaepocadigital.com.ar\/?p=8791","title":{"rendered":"Milo y Jano, bienvenidos, Capilla los estaba esperando"},"content":{"rendered":"<p><strong>DOS GUERREROS Y SUS PADRES.<\/strong><!--more--><\/p>\n<p>MILO, JANO JUNTO A SUS PAP\u00c1S, BEL\u00c9N VARELA Y NICOL\u00c1S M\u00c9NDEZ.<\/p>\n<p>.Una historia muy dura, que juntos fueron soportando y superando.<br \/>\n.Una historia que puso por delante, una prueba de fuego para los peque\u00f1os y sus padres, Bel\u00e9n y Nicol\u00e1s, guiados por una enorme convicci\u00f3n.<br \/>\n.Una historia en la que hubo muchos momentos de angustia, temor, incertidumbre.<br \/>\n.Una historia donde los dos chiquitos debieron atravesar muy complejos tratamientos y un trasplante de m\u00e9dula en el Hospital Garrahan y largos meses internados.<br \/>\n.Una historia que volvi\u00f3 a reflejar el esp\u00edritu solidario de la comunidad exaltacrucense, en la que no estuvo exento el municipio.<br \/>\n.Una historia en la que la capacidad profesional y sentimiento humano de los m\u00e9dicos, tuvo un papel clave.<\/p>\n<p>Milo y Jano volvieron a casa junto a sus pap\u00e1s, el hogar capillense que tambi\u00e9n debi\u00f3 levantarse de aquel tan doloroso incendio, los estaba esperando. Los recibieron vecinos , los Bomberos capillenses, el intendente Nanni junto funcionarios. Hubo globos, sonrisas y mucha emoci\u00f3n.<\/p>\n<p>Enhorabuena.<\/p>\n<p>&nbsp;<\/p>\n<p><img loading=\"lazy\" decoding=\"async\" class=\"alignleft size-full wp-image-8795\" src=\"https:\/\/revistaepocadigital.com.ar\/wp-content\/uploads\/2021\/01\/milo-jano-nan-1.jpg\" alt=\"\" width=\"979\" height=\"549\" srcset=\"https:\/\/revistaepocadigital.com.ar\/wp-content\/uploads\/2021\/01\/milo-jano-nan-1.jpg 979w, https:\/\/revistaepocadigital.com.ar\/wp-content\/uploads\/2021\/01\/milo-jano-nan-1-300x168.jpg 300w, https:\/\/revistaepocadigital.com.ar\/wp-content\/uploads\/2021\/01\/milo-jano-nan-1-768x431.jpg 768w, https:\/\/revistaepocadigital.com.ar\/wp-content\/uploads\/2021\/01\/milo-jano-nan-1-696x390.jpg 696w, https:\/\/revistaepocadigital.com.ar\/wp-content\/uploads\/2021\/01\/milo-jano-nan-1-749x420.jpg 749w\" sizes=\"auto, (max-width: 979px) 100vw, 979px\" \/><img loading=\"lazy\" decoding=\"async\" class=\"alignleft size-full wp-image-8796\" src=\"https:\/\/revistaepocadigital.com.ar\/wp-content\/uploads\/2021\/01\/milo-jano-21.jpg\" alt=\"\" width=\"480\" height=\"294\" srcset=\"https:\/\/revistaepocadigital.com.ar\/wp-content\/uploads\/2021\/01\/milo-jano-21.jpg 480w, https:\/\/revistaepocadigital.com.ar\/wp-content\/uploads\/2021\/01\/milo-jano-21-300x184.jpg 300w\" sizes=\"auto, (max-width: 480px) 100vw, 480px\" \/><\/p>\n<p><img loading=\"lazy\" decoding=\"async\" class=\"alignleft size-full wp-image-8794\" src=\"https:\/\/revistaepocadigital.com.ar\/wp-content\/uploads\/2021\/01\/milo-jano.jpg\" alt=\"\" width=\"528\" height=\"413\" srcset=\"https:\/\/revistaepocadigital.com.ar\/wp-content\/uploads\/2021\/01\/milo-jano.jpg 528w, https:\/\/revistaepocadigital.com.ar\/wp-content\/uploads\/2021\/01\/milo-jano-300x235.jpg 300w\" sizes=\"auto, (max-width: 528px) 100vw, 528px\" \/><\/p>\n<p>&nbsp;<\/p>\n<p>Fotos: gentileza Esteban Marchese.<\/p>\n","protected":false},"excerpt":{"rendered":"<p>DOS GUERREROS Y SUS PADRES.<\/p>\n","protected":false},"author":4,"featured_media":8793,"comment_status":"open","ping_status":"open","sticky":false,"template":"","format":"standard","meta":{"footnotes":"","jetpack_publicize_message":"","jetpack_publicize_feature_enabled":true,"jetpack_social_post_already_shared":false,"jetpack_social_options":{"image_generator_settings":{"template":"highway","default_image_id":0,"font":"","enabled":false},"version":2}},"categories":[10,13,14],"tags":[462,1186],"class_list":["post-8791","post","type-post","status-publish","format-standard","has-post-thumbnail","hentry","category-editorial","category-interes-general","category-la-gente","tag-milo-y-jano","tag-regreso-a-capilla"],"jetpack_publicize_connections":[],"jetpack_featured_media_url":"https:\/\/revistaepocadigital.com.ar\/wp-content\/uploads\/2021\/01\/milo-jano-maarch1-21.jpg","jetpack_likes_enabled":true,"_links":{"self":[{"href":"https:\/\/revistaepocadigital.com.ar\/index.php?rest_route=\/wp\/v2\/posts\/8791","targetHints":{"allow":["GET"]}}],"collection":[{"href":"https:\/\/revistaepocadigital.com.ar\/index.php?rest_route=\/wp\/v2\/posts"}],"about":[{"href":"https:\/\/revistaepocadigital.com.ar\/index.php?rest_route=\/wp\/v2\/types\/post"}],"author":[{"embeddable":true,"href":"https:\/\/revistaepocadigital.com.ar\/index.php?rest_route=\/wp\/v2\/users\/4"}],"replies":[{"embeddable":true,"href":"https:\/\/revistaepocadigital.com.ar\/index.php?rest_route=%2Fwp%2Fv2%2Fcomments&post=8791"}],"version-history":[{"count":0,"href":"https:\/\/revistaepocadigital.com.ar\/index.php?rest_route=\/wp\/v2\/posts\/8791\/revisions"}],"wp:featuredmedia":[{"embeddable":true,"href":"https:\/\/revistaepocadigital.com.ar\/index.php?rest_route=\/wp\/v2\/media\/8793"}],"wp:attachment":[{"href":"https:\/\/revistaepocadigital.com.ar\/index.php?rest_route=%2Fwp%2Fv2%2Fmedia&parent=8791"}],"wp:term":[{"taxonomy":"category","embeddable":true,"href":"https:\/\/revistaepocadigital.com.ar\/index.php?rest_route=%2Fwp%2Fv2%2Fcategories&post=8791"},{"taxonomy":"post_tag","embeddable":true,"href":"https:\/\/revistaepocadigital.com.ar\/index.php?rest_route=%2Fwp%2Fv2%2Ftags&post=8791"}],"curies":[{"name":"wp","href":"https:\/\/api.w.org\/{rel}","templated":true}]}}