{"id":8802,"date":"2021-01-29T00:19:33","date_gmt":"2021-01-29T03:19:33","guid":{"rendered":"https:\/\/revistaepocadigital.com.ar\/?p=8802"},"modified":"2021-01-29T00:19:33","modified_gmt":"2021-01-29T03:19:33","slug":"creo-que-cuando-pedro-gigena-dejo-de-trabajar-la-estacion-empezo-a-morir-un-poco","status":"publish","type":"post","link":"https:\/\/revistaepocadigital.com.ar\/?p=8802","title":{"rendered":"&#8220;Creo que cuando Pedro Gigena dej\u00f3 de trabajar, la estaci\u00f3n empez\u00f3 a morir un poco&#8221;"},"content":{"rendered":"<div class=\"ehxjyohh kr520xx4 poy2od1o b3onmgus hv4rvrfc n7fi1qx3\">\n<div class=\"du4w35lb l9j0dhe7 byvelhso rl25f0pe j83agx80 bp9cbjyn\" role=\"navigation\" aria-label=\"Controles y configuraci\u00f3n de la cuenta\">\n<div class=\"bp9cbjyn j83agx80 datstx6m taijpn5t oi9244e8\"><\/div>\n<\/div>\n<div class=\"bp9cbjyn j83agx80 datstx6m taijpn5t oi9244e8\"><strong>UNA MIRADA, ENTRE LA NOST\u00c1LGIA <\/strong><strong>Y EL FUTURO.<\/strong> <!--more--><\/div>\n<div><\/div>\n<div class=\"bp9cbjyn j83agx80 datstx6m taijpn5t oi9244e8\"><em>&#8220;Al tiempo, con la privatizaci\u00f3n y la reducci\u00f3n de servicios todo empez\u00f3 a desaparecer: la oficina de encomiendas, los viejos bancos rojos, la pizarra anunciando los telegramas&#8230; La estaci\u00f3n dej\u00f3 de ser el centro de circulaci\u00f3n y vida del pueblo, y los colectivos se convirtieron en la elecci\u00f3n segura para llegar al cole o al trabajo&#8221;<\/em><\/div>\n<div><\/div>\n<div class=\"bp9cbjyn j83agx80 datstx6m taijpn5t oi9244e8\"><em>&#8220;Ese lugar que supo ser motivo de crecimiento y progreso dio paso a un gran vac\u00edo; cerr\u00f3 el kiosco, las escaleras dejaron de ser el cruce obligado y, de a poco, el paso constante de vecinos abri\u00f3 caminitos hacia un lado y otro del viejo anden&#8221;.<\/em><\/div>\n<div><\/div>\n<div class=\"bp9cbjyn j83agx80 datstx6m taijpn5t oi9244e8\"><em>&#8220;Se volvi\u00f3 un lugar triste y desolado, por momentos hasta inseguro para pasar&#8230; Aquellos que supimos de su gloria, que subimos y bajamos de sus trenes, que recibimos ansiosos telegramas y a\u00fan conservamos alg\u00fan que otro boleto de cart\u00f3n, hemos sentido estrujarse el alma al pasar y verla as\u00ed&#8230;&#8221;.<\/em><\/div>\n<div><\/div>\n<div dir=\"auto\"><em>&#8220;Qu\u00e9 alegr\u00eda inmensa fue pasar y ver que no s\u00f3lo el cruce peatonal ya est\u00e1 pronto a ser terminado, sino la limpieza que la delegaci\u00f3n municipal comenz\u00f3 a hacer sobre calle Urquiza, detr\u00e1s de la garita, sacando arbustos, basura, ramas para seguramente poner en valor ese espacio. Ojal\u00e1 sigan soplando &#8220;buenos vientos&#8221; que traigan peque\u00f1as y grandes cosas para nuestra comunidad. RECUPERAR LA ESTACI\u00d3N ES RECUPERAR NUESTRA HISTORIA Y CON ELLA PARARNOS DE FRENTE HACIA EL FUTURO&#8221;.<\/em><\/div>\n<\/div>\n<p>&nbsp;<\/p>\n<ul>\n<li>Por Graciela Venturino.<\/li>\n<\/ul>\n","protected":false},"excerpt":{"rendered":"<p>UNA MIRADA, ENTRE LA NOST\u00c1LGIA Y EL FUTURO.<\/p>\n","protected":false},"author":3,"featured_media":8804,"comment_status":"open","ping_status":"open","sticky":false,"template":"","format":"standard","meta":{"footnotes":"","jetpack_publicize_message":"","jetpack_publicize_feature_enabled":true,"jetpack_social_post_already_shared":false,"jetpack_social_options":{"image_generator_settings":{"template":"highway","default_image_id":0,"font":"","enabled":false},"version":2}},"categories":[4],"tags":[1187,1133],"class_list":["post-8802","post","type-post","status-publish","format-standard","has-post-thumbnail","hentry","category-aqui-los-cardales","tag-estacion-de-tren","tag-testimonio"],"jetpack_publicize_connections":[],"jetpack_featured_media_url":"https:\/\/revistaepocadigital.com.ar\/wp-content\/uploads\/2021\/01\/CARDALES-ESTACION.jpg","jetpack_likes_enabled":true,"_links":{"self":[{"href":"https:\/\/revistaepocadigital.com.ar\/index.php?rest_route=\/wp\/v2\/posts\/8802","targetHints":{"allow":["GET"]}}],"collection":[{"href":"https:\/\/revistaepocadigital.com.ar\/index.php?rest_route=\/wp\/v2\/posts"}],"about":[{"href":"https:\/\/revistaepocadigital.com.ar\/index.php?rest_route=\/wp\/v2\/types\/post"}],"author":[{"embeddable":true,"href":"https:\/\/revistaepocadigital.com.ar\/index.php?rest_route=\/wp\/v2\/users\/3"}],"replies":[{"embeddable":true,"href":"https:\/\/revistaepocadigital.com.ar\/index.php?rest_route=%2Fwp%2Fv2%2Fcomments&post=8802"}],"version-history":[{"count":0,"href":"https:\/\/revistaepocadigital.com.ar\/index.php?rest_route=\/wp\/v2\/posts\/8802\/revisions"}],"wp:featuredmedia":[{"embeddable":true,"href":"https:\/\/revistaepocadigital.com.ar\/index.php?rest_route=\/wp\/v2\/media\/8804"}],"wp:attachment":[{"href":"https:\/\/revistaepocadigital.com.ar\/index.php?rest_route=%2Fwp%2Fv2%2Fmedia&parent=8802"}],"wp:term":[{"taxonomy":"category","embeddable":true,"href":"https:\/\/revistaepocadigital.com.ar\/index.php?rest_route=%2Fwp%2Fv2%2Fcategories&post=8802"},{"taxonomy":"post_tag","embeddable":true,"href":"https:\/\/revistaepocadigital.com.ar\/index.php?rest_route=%2Fwp%2Fv2%2Ftags&post=8802"}],"curies":[{"name":"wp","href":"https:\/\/api.w.org\/{rel}","templated":true}]}}