{"id":8819,"date":"2021-01-29T00:55:38","date_gmt":"2021-01-29T03:55:38","guid":{"rendered":"https:\/\/revistaepocadigital.com.ar\/?p=8819"},"modified":"2021-01-29T00:55:38","modified_gmt":"2021-01-29T03:55:38","slug":"se-van-a-ver-imagines-ineditas-de-michael-schumacher","status":"publish","type":"post","link":"https:\/\/revistaepocadigital.com.ar\/?p=8819","title":{"rendered":"Se van a ver im\u00e1gines in\u00e9ditas de Michael Schumacher"},"content":{"rendered":"<header class=\"header | col widescreen-12 desktop-12 tablet-12 width_full\">\n<div class=\"article-header\">\n<h6 class=\"article-headline | bold width_full\"><strong>EN UN DOCUMENTAL<\/strong>.<!--more--><\/h6>\n<h6 class=\"article-subheadline | article-subheadline padding_vertical_5px border_bottom border_1 border_lightgray width_full\">Sabine Kehm, portavoz de la familia, anticip\u00f3 que el filme mostrar\u00e1 varias facetas del ex piloto de la F\u00f3rmula 1: \u201cEl atleta ambicioso, el mec\u00e1nico consumado con un talento t\u00e9cnico \u00fanico, el jugador de equipo confiable y el hombre de familia amoroso\u201d.<\/h6>\n<\/div>\n<div class=\"grid\">\n<div class=\"byline | display_flex align_items_center isText col widescreen-8 desktop-8 tablet-12 width_full\"><\/div>\n<\/div>\n<\/header>\n<p>&nbsp;<\/p>\n<article class=\"article | col widescreen-8 desktop-8 tablet-12 width_full\">\n<p class=\"paragraph\">El 29 de diciembre de 2013, Michael Schumacher esquiaba en la estaci\u00f3n alpina de M\u00e9ribel junto a su familia cuando\u00a0<b>se golpe\u00f3 la cabeza contra una roca que le provoc\u00f3 un traumatismo craneoencef\u00e1lico severo<\/b>, con hematomas intracraneales y edema cerebral difuso, por lo que un helic\u00f3ptero tuvo que trasladarlo de urgencia a un nuevo centro m\u00e9dico en Grenoble en donde se inform\u00f3 que su estado era cr\u00edtico. Luego, estuvo en coma inducido por seis meses y desde entonces, y debido a una decisi\u00f3n de su familia, su estado de salud es un misterio.<\/p>\n<p class=\"paragraph\">Ahora, los seguidores del alem\u00e1n multicampe\u00f3n de la\u00a0<b>F\u00f3rmula 1\u00a0<\/b>oyeron una noticia que los esperanzan porque la portavoz de la familia,\u00a0<b>Sabine Kehm<\/b>, confirm\u00f3 que se est\u00e1 realizando un documental sobre la vida del alem\u00e1n, quien se convirti\u00f3 a principios de milenio en uno de los mejores y m\u00e1s famosos deportistas del planeta.<\/p>\n<p class=\"paragraph\">\u201c<b>La pel\u00edcula retrata la impresionante carrera de Michael,<\/b>\u00a0pero tambi\u00e9n muchas de las facetas del hombre complejo. El piloto de F\u00f3rmula 1 despiadado y atrevido, el atleta ambicioso, el mec\u00e1nico consumado con un talento t\u00e9cnico \u00fanico, el jugador de equipo confiable y el hombre de familia amoroso\u201d.<\/p>\n<p class=\"paragraph\">Seg\u00fan inform\u00f3 el portal brit\u00e1nico\u00a0<i>Daily Mirror<\/i>,<b>\u00a0los cineastas alemanes Michael Wech y Hanns-Bruno Kammertons est\u00e1n a cargo de la creaci\u00f3n de este film<\/b>\u00a0cuya producci\u00f3n se demor\u00f3 por la pandemia del coronavirus. Pero lo m\u00e1s destacado es que la familia ha aceptado compartir im\u00e1genes exclusivas de\u00a0<i>Schumi<\/i>, lo cual entusiasma a sus fans, quienes no saben absolutamente nada sobre su estado actual y se ilusionan por poder enterarse de alguna novedad.<\/p>\n<picture class=\"visual__image\"><source srcset=\"https:\/\/www.infobae.com\/new-resizer\/IqVFh8vic08uTe0AbF2GR6W80OQ=\/768x512\/filters:format(jpg):quality(85)\/cloudfront-us-east-1.images.arcpublishing.com\/infobae\/NDGCNTJBFBCOZFBEIYWDG25YOA.jpg 1200w\" type=\"image\/jpg\" \/><source srcset=\"https:\/\/www.infobae.com\/new-resizer\/IqVFh8vic08uTe0AbF2GR6W80OQ=\/768x512\/filters:format(jpg):quality(85)\/cloudfront-us-east-1.images.arcpublishing.com\/infobae\/NDGCNTJBFBCOZFBEIYWDG25YOA.jpg 992w\" type=\"image\/jpg\" \/><source srcset=\"https:\/\/www.infobae.com\/new-resizer\/IqVFh8vic08uTe0AbF2GR6W80OQ=\/768x512\/filters:format(jpg):quality(85)\/cloudfront-us-east-1.images.arcpublishing.com\/infobae\/NDGCNTJBFBCOZFBEIYWDG25YOA.jpg 768w\" type=\"image\/jpg\" \/><source srcset=\"https:\/\/www.infobae.com\/new-resizer\/oF9zxu8YdyHdClolktlPylHACYA=\/420x280\/filters:format(jpg):quality(85)\/cloudfront-us-east-1.images.arcpublishing.com\/infobae\/NDGCNTJBFBCOZFBEIYWDG25YOA.jpg 420w\" type=\"image\/jpg\" \/><img loading=\"lazy\" decoding=\"async\" src=\"https:\/\/www.infobae.com\/new-resizer\/oF9zxu8YdyHdClolktlPylHACYA=\/420x280\/filters:format(jpg):quality(85)\/\/cloudfront-us-east-1.images.arcpublishing.com\/infobae\/NDGCNTJBFBCOZFBEIYWDG25YOA.jpg\" alt=\"Fotograf\u00eda de archivo tomada el 26 de octubre de 2007 que muestra al siete veces campe\u00f3n de F\u00f3rmula Uno, Michael Schumacher y a su esposa Corinna (EFE)\" width=\"1671\" height=\"1168\" \/>Foto del 26-10-2007 (gentileza EFE). El siete veces campe\u00f3n de F-1, Michael Schumacher y su esposa Corinna.<\/picture>\n<\/article>\n<article class=\"article | col widescreen-8 desktop-8 tablet-12 width_full\">\n<p class=\"paragraph\">Lo \u00faltimo que se conoce proviene de la informaci\u00f3n brindada por\u00a0<b>Jean Todt<\/b>, actual presidente de la FIA (Federaci\u00f3n Internacional del Autom\u00f3vil), quien al ser consultado sobre el estado del ex piloto en diciembre de 2020, declar\u00f3: \u201cSoy muy discreto sobre este tema\u201d, en una extensa entrevista que le brind\u00f3 al medio franc\u00e9s Ouest France. Sin embargo, agreg\u00f3: \u201cDesde entonces (29 de diciembre de 2013, el d\u00eda del accidente), ha sido tratado para poder volver a una vida m\u00e1s normal\u201d.<\/p>\n<p class=\"paragraph\">La otra importante filtraci\u00f3n provino de\u00a0<b>Elisabetta Gregoraci<\/b>, ex pareja de\u00a0<b>Flavio Briatore<\/b>, quien fuera jefe del heptacampe\u00f3n del mundo en su etapa en el equipo\u00a0<b>Benetton<\/b>. \u201cNo habla. Se comunica con los ojos. Solo tres personas pueden visitarlo y yo s\u00e9 qui\u00e9nes son\u201d, dijo\u00a0la mujer<b>\u00a0<\/b>en una charla en la casa, seg\u00fan consign\u00f3 el portal\u00a0<i>Sport Mediaset\u00a0<\/i>en septiembre de 2020.<\/p>\n<p class=\"paragraph\">En 2019, el alem\u00e1n de 52 a\u00f1os pas\u00f3 por el\u00a0<b>Hospital Georges-Pompidou<\/b>\u00a0y\u00a0<b>entr\u00f3 en una camilla cubierto por una manta azul que tapaba completamente su rostro y su cuerpo<\/b>, rodeado de una decena de personas que formaban parte del dispositivo de seguridad. All\u00ed, fue atendido por\u00a0<b>Philippe Menasch\u00e9<\/b>, pionero de la terapia celular para curar la insuficiencia card\u00edaca.<\/p>\n<p class=\"paragraph\">El m\u00e9dico no afirm\u00f3 haber trabajado directamente sobre\u00a0<i>Schumi\u00a0<\/i>y neg\u00f3 que estuvieran realizando un \u201cexperimento\u201d como se hab\u00eda dicho en primera instancia: \u201c<b>Yo no hago milagros.<\/b>\u00a0<b>Con mi equipo no estamos haciendo ning\u00fan \u2018experimento\u2019<\/b>, t\u00e9rmino abominable que no se corresponde con una visi\u00f3n ser\u00eda de la medicina\u201d.<\/p>\n<p class=\"paragraph\">Despu\u00e9s de aquel episodio que dur\u00f3 una semana y que acab\u00f3 con el regreso de Schumacher a su mansi\u00f3n, su esposa,\u00a0<b>Corinna\u00a0Betsch,<\/b>\u00a0rompi\u00f3 el silencio<b>\u00a0<\/b>y le brind\u00f3 una entrevista a la publicaci\u00f3n alemana\u00a0<i>She\u2019s Mercedes Magazine,<\/i>\u00a0en la que dio algunas precisiones sobre el estado de salud de su marido:\u00a0<b>\u201cEn este momento est\u00e1 en las mejores manos posibles y nosotros estamos haciendo todo lo posible para ayudarlo. Puede estar seguros de ello\u201d<\/b>.<\/p>\n<p class=\"paragraph\">Por todo esto, es una novedad sorprendente que la familia haya aceptado aportar documentaci\u00f3n audiovisual a la creaci\u00f3n de este documental que llevar\u00e1 el nombre del ex corredor de Ferrari y cuya fecha de estreno a\u00fan es una inc\u00f3gnita.<\/p>\n<div class=\"article-tags\">\n<h6 class=\"related-themes | display_inline_block\">Nota publicada por Infobae.com<\/h6>\n<\/div>\n<\/article>\n","protected":false},"excerpt":{"rendered":"<p>EN UN DOCUMENTAL.<\/p>\n","protected":false},"author":3,"featured_media":8821,"comment_status":"open","ping_status":"open","sticky":false,"template":"","format":"standard","meta":{"footnotes":"","jetpack_publicize_message":"","jetpack_publicize_feature_enabled":true,"jetpack_social_post_already_shared":false,"jetpack_social_options":{"image_generator_settings":{"template":"highway","default_image_id":0,"font":"","enabled":false},"version":2}},"categories":[9],"tags":[1189,1188],"class_list":["post-8819","post","type-post","status-publish","format-standard","has-post-thumbnail","hentry","category-deportes","tag-pelicula","tag-schumacher"],"jetpack_publicize_connections":[],"jetpack_featured_media_url":"https:\/\/revistaepocadigital.com.ar\/wp-content\/uploads\/2021\/01\/michael_schumacher.jpg","jetpack_likes_enabled":true,"_links":{"self":[{"href":"https:\/\/revistaepocadigital.com.ar\/index.php?rest_route=\/wp\/v2\/posts\/8819","targetHints":{"allow":["GET"]}}],"collection":[{"href":"https:\/\/revistaepocadigital.com.ar\/index.php?rest_route=\/wp\/v2\/posts"}],"about":[{"href":"https:\/\/revistaepocadigital.com.ar\/index.php?rest_route=\/wp\/v2\/types\/post"}],"author":[{"embeddable":true,"href":"https:\/\/revistaepocadigital.com.ar\/index.php?rest_route=\/wp\/v2\/users\/3"}],"replies":[{"embeddable":true,"href":"https:\/\/revistaepocadigital.com.ar\/index.php?rest_route=%2Fwp%2Fv2%2Fcomments&post=8819"}],"version-history":[{"count":0,"href":"https:\/\/revistaepocadigital.com.ar\/index.php?rest_route=\/wp\/v2\/posts\/8819\/revisions"}],"wp:featuredmedia":[{"embeddable":true,"href":"https:\/\/revistaepocadigital.com.ar\/index.php?rest_route=\/wp\/v2\/media\/8821"}],"wp:attachment":[{"href":"https:\/\/revistaepocadigital.com.ar\/index.php?rest_route=%2Fwp%2Fv2%2Fmedia&parent=8819"}],"wp:term":[{"taxonomy":"category","embeddable":true,"href":"https:\/\/revistaepocadigital.com.ar\/index.php?rest_route=%2Fwp%2Fv2%2Fcategories&post=8819"},{"taxonomy":"post_tag","embeddable":true,"href":"https:\/\/revistaepocadigital.com.ar\/index.php?rest_route=%2Fwp%2Fv2%2Ftags&post=8819"}],"curies":[{"name":"wp","href":"https:\/\/api.w.org\/{rel}","templated":true}]}}