{"id":884,"date":"2018-12-07T20:06:57","date_gmt":"2018-12-07T23:06:57","guid":{"rendered":"https:\/\/revistaepocadigital.com.ar\/?p=884"},"modified":"2018-12-15T20:10:47","modified_gmt":"2018-12-15T23:10:47","slug":"a-cuidarlo","status":"publish","type":"post","link":"https:\/\/revistaepocadigital.com.ar\/?p=884","title":{"rendered":"A cuidarlo!"},"content":{"rendered":"<h5><strong>EL INDICADOR UBICADO EN LA RUTA 39<\/strong><\/h5>\n<p><!--more--><\/p>\n<p>La asesora en educaci\u00f3n <strong>Cristina Ponce de Le\u00f3n<\/strong> junto a la Jefa Distrital <strong>Karina Robles,<\/strong> participaron del acto de presentaci\u00f3n de cartel restaurado sobre la <strong>Ruta 39<\/strong>.<\/p>\n<p><strong>Alumnos<\/strong> de 6\u00b0 grado 2\u00b0 del anexo <strong>Pav\u00f3n de la Escuela Secundaria n\u00ba 5 \u201cLola Mora\u201d<\/strong>, con orientaci\u00f3n en artes visuales restauraron el cartel ubicado en el ingreso a la Ruta Provincial 39 que conduce a <strong>Capilla del Se\u00f1or.<\/strong><\/p>\n<figure id=\"attachment_887\" aria-describedby=\"caption-attachment-887\" style=\"width: 960px\" class=\"wp-caption alignnone\"><img loading=\"lazy\" decoding=\"async\" class=\"size-full wp-image-887\" src=\"https:\/\/revistaepocadigital.com.ar\/wp-content\/uploads\/2018\/12\/carte.jpg\" alt=\"\" width=\"960\" height=\"720\" srcset=\"https:\/\/revistaepocadigital.com.ar\/wp-content\/uploads\/2018\/12\/carte.jpg 960w, https:\/\/revistaepocadigital.com.ar\/wp-content\/uploads\/2018\/12\/carte-300x225.jpg 300w, https:\/\/revistaepocadigital.com.ar\/wp-content\/uploads\/2018\/12\/carte-768x576.jpg 768w, https:\/\/revistaepocadigital.com.ar\/wp-content\/uploads\/2018\/12\/carte-80x60.jpg 80w, https:\/\/revistaepocadigital.com.ar\/wp-content\/uploads\/2018\/12\/carte-160x120.jpg 160w, https:\/\/revistaepocadigital.com.ar\/wp-content\/uploads\/2018\/12\/carte-265x198.jpg 265w, https:\/\/revistaepocadigital.com.ar\/wp-content\/uploads\/2018\/12\/carte-696x522.jpg 696w, https:\/\/revistaepocadigital.com.ar\/wp-content\/uploads\/2018\/12\/carte-560x420.jpg 560w\" sizes=\"auto, (max-width: 960px) 100vw, 960px\" \/><figcaption id=\"caption-attachment-887\" class=\"wp-caption-text\">Alumnos y el trabajo finalizado.<\/figcaption><\/figure>\n<p>Previo acuerdo con el <strong>Rotary Club de Capilla del Se\u00f1or <\/strong>(entidad que hace muchos a\u00f1os, concret\u00f3 la obra en el lugar), los alumnos junto con la profesora <strong>Nieves Yula<\/strong>, diagramaron y ejecutaron el trabajo.<\/p>\n<p>La alumna <strong>Malena Proserpio Soto<\/strong> explic\u00f3 el proceso que se llev\u00f3 a cabo para dise\u00f1ar y ejecutar la obra. El director del establecimiento, profesor <strong>Guillermo Rodr\u00edguez<\/strong> en su exposici\u00f3n agradeci\u00f3 a personas, comercios y entidades por la colaboraci\u00f3n prestada para la concreci\u00f3n del proyecto. Destac\u00f3 a su vez, el aporte del municipio, que les permiti\u00f3 cubrir el costo del material utilizado. \u201c<em>Las peque\u00f1as obras sostienen los fundamentos de la gesti\u00f3n, apoyar y sostener la educaci\u00f3n es un trabajo de todos los d\u00edas\u201d<\/em> dijo <strong>Cristina Ponce de Le\u00f3n.<\/strong><\/p>\n<p>&nbsp;<\/p>\n<p>Fotos: prensa municipalidad.<\/p>\n<p>&nbsp;<\/p>\n<p>&nbsp;<\/p>\n<p>&nbsp;<\/p>\n<p>&nbsp;<\/p>\n<p>&nbsp;<\/p>\n","protected":false},"excerpt":{"rendered":"<p>EL INDICADOR UBICADO EN LA RUTA 39<\/p>\n","protected":false},"author":3,"featured_media":886,"comment_status":"open","ping_status":"open","sticky":false,"template":"","format":"standard","meta":{"footnotes":"","jetpack_publicize_message":"","jetpack_publicize_feature_enabled":true,"jetpack_social_post_already_shared":false,"jetpack_social_options":{"image_generator_settings":{"template":"highway","default_image_id":0,"font":"","enabled":false},"version":2}},"categories":[13,14],"tags":[85,37,84],"class_list":["post-884","post","type-post","status-publish","format-standard","has-post-thumbnail","hentry","category-interes-general","category-la-gente","tag-cartel-ruta-39","tag-destacada","tag-rotary"],"jetpack_publicize_connections":[],"jetpack_featured_media_url":"https:\/\/revistaepocadigital.com.ar\/wp-content\/uploads\/2018\/12\/cartel-r39.jpg","jetpack_likes_enabled":true,"_links":{"self":[{"href":"https:\/\/revistaepocadigital.com.ar\/index.php?rest_route=\/wp\/v2\/posts\/884","targetHints":{"allow":["GET"]}}],"collection":[{"href":"https:\/\/revistaepocadigital.com.ar\/index.php?rest_route=\/wp\/v2\/posts"}],"about":[{"href":"https:\/\/revistaepocadigital.com.ar\/index.php?rest_route=\/wp\/v2\/types\/post"}],"author":[{"embeddable":true,"href":"https:\/\/revistaepocadigital.com.ar\/index.php?rest_route=\/wp\/v2\/users\/3"}],"replies":[{"embeddable":true,"href":"https:\/\/revistaepocadigital.com.ar\/index.php?rest_route=%2Fwp%2Fv2%2Fcomments&post=884"}],"version-history":[{"count":0,"href":"https:\/\/revistaepocadigital.com.ar\/index.php?rest_route=\/wp\/v2\/posts\/884\/revisions"}],"wp:featuredmedia":[{"embeddable":true,"href":"https:\/\/revistaepocadigital.com.ar\/index.php?rest_route=\/wp\/v2\/media\/886"}],"wp:attachment":[{"href":"https:\/\/revistaepocadigital.com.ar\/index.php?rest_route=%2Fwp%2Fv2%2Fmedia&parent=884"}],"wp:term":[{"taxonomy":"category","embeddable":true,"href":"https:\/\/revistaepocadigital.com.ar\/index.php?rest_route=%2Fwp%2Fv2%2Fcategories&post=884"},{"taxonomy":"post_tag","embeddable":true,"href":"https:\/\/revistaepocadigital.com.ar\/index.php?rest_route=%2Fwp%2Fv2%2Ftags&post=884"}],"curies":[{"name":"wp","href":"https:\/\/api.w.org\/{rel}","templated":true}]}}