{"id":8871,"date":"2021-01-25T21:45:47","date_gmt":"2021-01-26T00:45:47","guid":{"rendered":"https:\/\/revistaepocadigital.com.ar\/?p=8871"},"modified":"2021-01-30T21:49:56","modified_gmt":"2021-01-31T00:49:56","slug":"el-museo-del-periodismo-en-capilla-donde-habla-la-historia","status":"publish","type":"post","link":"https:\/\/revistaepocadigital.com.ar\/?p=8871","title":{"rendered":"EL MUSEO DEL PERIODISMO EN CAPILLA, DONDE HABLA LA HISTORIA"},"content":{"rendered":"<div class=\"\" dir=\"auto\">\n<div id=\"jsc_c_pf\" class=\"ecm0bbzt hv4rvrfc ihqw7lf3 dati1w0a\" data-ad-comet-preview=\"message\" data-ad-preview=\"message\">\n<div class=\"j83agx80 cbu4d94t ew0dbk1b irj2b8pg\">\n<div class=\"qzhwtbm6 knvmm38d\">\n<div class=\"kvgmc6g5 cxmmr5t8 oygrvhab hcukyx3x c1et5uql ii04i59q\">\n<div dir=\"auto\"><strong>UN SITIO CON SIGNIFICADO, QUE VALE LA PENA CONOCER.<!--more--><\/strong><\/div>\n<div dir=\"auto\"><\/div>\n<div dir=\"auto\">El Museo del Periodismo guarda la memoria de quienes creyeron en la ut\u00f3pica idea de Manuel Cruz de llegar a cada pueblo, estableciendo una comunicaci\u00f3n sustentada en la informaci\u00f3n, en los relatos y en los textos comprometidos de sus corresponsales. Alternando la inercia de los ignorados habitantes, dispersos en lugares tan distintos.<\/div>\n<\/div>\n<\/div>\n<\/div>\n<\/div>\n<div dir=\"auto\"><img loading=\"lazy\" decoding=\"async\" class=\"aligncenter size-full wp-image-8875\" src=\"https:\/\/revistaepocadigital.com.ar\/wp-content\/uploads\/2021\/01\/66.jpg\" alt=\"\" width=\"616\" height=\"511\" srcset=\"https:\/\/revistaepocadigital.com.ar\/wp-content\/uploads\/2021\/01\/66.jpg 616w, https:\/\/revistaepocadigital.com.ar\/wp-content\/uploads\/2021\/01\/66-300x249.jpg 300w, https:\/\/revistaepocadigital.com.ar\/wp-content\/uploads\/2021\/01\/66-506x420.jpg 506w\" sizes=\"auto, (max-width: 616px) 100vw, 616px\" \/><\/div>\n<div id=\"jsc_c_pf\" class=\"ecm0bbzt hv4rvrfc ihqw7lf3 dati1w0a\" data-ad-comet-preview=\"message\" data-ad-preview=\"message\">\n<div class=\"j83agx80 cbu4d94t ew0dbk1b irj2b8pg\">\n<div class=\"qzhwtbm6 knvmm38d\">\n<div class=\"kvgmc6g5 cxmmr5t8 oygrvhab hcukyx3x c1et5uql ii04i59q\">\n<div dir=\"auto\">A\u00fan los sue\u00f1os necesitan &#8220;part\u00edcipes&#8221;, y all\u00ed estuvieron Mart\u00edn Coronado, \u00c1ngel Carranza y Pedro Quiroga, quienes hicieron posible la llegada de la m\u00e1quina impresora y de los elementos indispensables para el taller.<\/div>\n<div dir=\"auto\"><\/div>\n<div dir=\"auto\">Naci\u00f3 la &#8220;Imprenta de la Plaza de la Concordia&#8221;, a un mes de la llegada de la &#8220;Marinoni&#8221;. Comenzaba as\u00ed la impresi\u00f3n de un sue\u00f1o, el &#8220;Monitor de la Campa\u00f1a&#8221;.<\/div>\n<div dir=\"auto\"><\/div>\n<div dir=\"auto\">Su influencia en la educaci\u00f3n fue decisiva. La creaci\u00f3n de escuelas rurales; de su permanente recomendaci\u00f3n nacieron las bibliotecas populares, alentadas por Sarmiento. Espacios de opini\u00f3n reflejando la vida Institucional y Social de cada lugar, y el aviso del peque\u00f1o oferente posibilitando un esperanzado contacto comercial.<\/div>\n<div dir=\"auto\">Hoy, esta casa, sostiene una pretensi\u00f3n, la de perpetuar la memoria de este hecho, impensado para aquel tiempo y lugar.<\/div>\n<div dir=\"auto\"><\/div>\n<div dir=\"auto\">Fuente Cultura Exaltaci\u00f3n<\/div>\n<\/div>\n<\/div>\n<\/div>\n<\/div>\n<\/div>\n<p>&nbsp;<\/p>\n<div id=\"jsc_c_pg\" class=\"l9j0dhe7\">\n<div class=\"l9j0dhe7\">\n<div><\/div>\n<\/div>\n<\/div>\n","protected":false},"excerpt":{"rendered":"<p>UN SITIO CON SIGNIFICADO, QUE VALE LA PENA CONOCER.<\/p>\n","protected":false},"author":4,"featured_media":8873,"comment_status":"open","ping_status":"open","sticky":false,"template":"","format":"standard","meta":{"footnotes":"","jetpack_publicize_message":"","jetpack_publicize_feature_enabled":true,"jetpack_social_post_already_shared":false,"jetpack_social_options":{"image_generator_settings":{"template":"highway","default_image_id":0,"font":"","enabled":false},"version":2}},"categories":[11],"tags":[37,1195],"class_list":["post-8871","post","type-post","status-publish","format-standard","has-post-thumbnail","hentry","category-entidades","tag-destacada","tag-museo-periodismo"],"jetpack_publicize_connections":[],"jetpack_featured_media_url":"https:\/\/revistaepocadigital.com.ar\/wp-content\/uploads\/2021\/01\/143052876_4184566831572232_3238102363919105539_o.jpg","jetpack_likes_enabled":true,"_links":{"self":[{"href":"https:\/\/revistaepocadigital.com.ar\/index.php?rest_route=\/wp\/v2\/posts\/8871","targetHints":{"allow":["GET"]}}],"collection":[{"href":"https:\/\/revistaepocadigital.com.ar\/index.php?rest_route=\/wp\/v2\/posts"}],"about":[{"href":"https:\/\/revistaepocadigital.com.ar\/index.php?rest_route=\/wp\/v2\/types\/post"}],"author":[{"embeddable":true,"href":"https:\/\/revistaepocadigital.com.ar\/index.php?rest_route=\/wp\/v2\/users\/4"}],"replies":[{"embeddable":true,"href":"https:\/\/revistaepocadigital.com.ar\/index.php?rest_route=%2Fwp%2Fv2%2Fcomments&post=8871"}],"version-history":[{"count":0,"href":"https:\/\/revistaepocadigital.com.ar\/index.php?rest_route=\/wp\/v2\/posts\/8871\/revisions"}],"wp:featuredmedia":[{"embeddable":true,"href":"https:\/\/revistaepocadigital.com.ar\/index.php?rest_route=\/wp\/v2\/media\/8873"}],"wp:attachment":[{"href":"https:\/\/revistaepocadigital.com.ar\/index.php?rest_route=%2Fwp%2Fv2%2Fmedia&parent=8871"}],"wp:term":[{"taxonomy":"category","embeddable":true,"href":"https:\/\/revistaepocadigital.com.ar\/index.php?rest_route=%2Fwp%2Fv2%2Fcategories&post=8871"},{"taxonomy":"post_tag","embeddable":true,"href":"https:\/\/revistaepocadigital.com.ar\/index.php?rest_route=%2Fwp%2Fv2%2Ftags&post=8871"}],"curies":[{"name":"wp","href":"https:\/\/api.w.org\/{rel}","templated":true}]}}