{"id":889,"date":"2018-12-16T00:12:36","date_gmt":"2018-12-16T03:12:36","guid":{"rendered":"https:\/\/revistaepocadigital.com.ar\/?p=889"},"modified":"2018-12-24T11:02:35","modified_gmt":"2018-12-24T14:02:35","slug":"estos-si-que-son-winners","status":"publish","type":"post","link":"https:\/\/revistaepocadigital.com.ar\/?p=889","title":{"rendered":"Estos s\u00ed que son winners!"},"content":{"rendered":"<p><strong>EN LA COSMOPOLITA.<\/strong><!--more--><\/p>\n<p>El <strong>Centro Cultural Municipal Cosmopolita,<\/strong> fue el escenario para la tradicional distinci\u00f3n anual a los alumnos de todos los sextos a\u00f1os de escuelas primarias y secundarias de <strong>Exaltaci\u00f3n de la Cruz.<\/strong><\/p>\n<p>El acto estuvo enmarcado en la ordenanza 85\/2011, que instituy\u00f3 el <strong>D\u00eda del Estudiante Exaltacrucense,<\/strong> y el foco estuvo puesto en el reconocimiento mediante la entrega de medallas, a alumnos de primarias y secundarias, que obtuvieran durante 2018 los mejores promedios y a la vez, el otorgamiento de la<strong> medalla de oro al alumno con mejor promedio entre los mejores.<\/strong><\/p>\n<p>Estuvieron el intendente Adri\u00e1n S\u00e1nchez, la inspectora Jefe Distrital Karina Robles e inspectoras de primaria y secundaria; tambi\u00e9n el director de cultura Alberto Balada, el presidente del Consejo Escolar Patricio Diez, el director de juventud Fredy Ortiz y la asesora en el \u00e1rea de educaci\u00f3n Cristina Ponce de Le\u00f3n.<\/p>\n<figure id=\"attachment_892\" aria-describedby=\"caption-attachment-892\" style=\"width: 960px\" class=\"wp-caption alignnone\"><img loading=\"lazy\" decoding=\"async\" class=\"size-full wp-image-892\" src=\"https:\/\/revistaepocadigital.com.ar\/wp-content\/uploads\/2018\/12\/alumno-1promedios18.jpg\" alt=\"\" width=\"960\" height=\"540\" srcset=\"https:\/\/revistaepocadigital.com.ar\/wp-content\/uploads\/2018\/12\/alumno-1promedios18.jpg 960w, https:\/\/revistaepocadigital.com.ar\/wp-content\/uploads\/2018\/12\/alumno-1promedios18-300x169.jpg 300w, https:\/\/revistaepocadigital.com.ar\/wp-content\/uploads\/2018\/12\/alumno-1promedios18-768x432.jpg 768w, https:\/\/revistaepocadigital.com.ar\/wp-content\/uploads\/2018\/12\/alumno-1promedios18-696x392.jpg 696w, https:\/\/revistaepocadigital.com.ar\/wp-content\/uploads\/2018\/12\/alumno-1promedios18-747x420.jpg 747w\" sizes=\"auto, (max-width: 960px) 100vw, 960px\" \/><figcaption id=\"caption-attachment-892\" class=\"wp-caption-text\">Alumnos premiados y autoridades.<\/figcaption><\/figure>\n<p>El evento tiene a\u00f1o a a\u00f1o el cometido de resaltar y valorizar el desempe\u00f1o de los alumnos exaltacruce\u00f1os, destac\u00e1ndose adem\u00e1s la labor llevada a cabo por las<strong> escuelas<\/strong> <strong>y colegios<\/strong>, y el rol de las <strong>familias,<\/strong> sin duda el gran puntal de los alumnos. En EPOCA, uno de los ejes sobre el que invariablemente enfatizamos y remarcamos es el de la <strong>educaci\u00f3n;<\/strong> considerando que es el <strong>basti\u00f3n<\/strong> de toda sociedad moderna en la que debe basarse cualquier pa\u00eds para su desarrollo, crecimiento y consolidaci\u00f3n. Un pueblo educado, con fundamentos y conocimientos, est\u00e1 capacitado para <strong>cambiar a\u00f1os de frustraciones y decadencia<\/strong>, adem\u00e1s de resultar un factor prepoderante en la vida diaria y en el futuro. Aspectos b\u00e1sicos y fundamentales, en los que los sucesivos gobiernos en nuestro pa\u00eds, los pol\u00edticos y los actores vinculados a la educaci\u00f3n, <strong>no terminan de afrontar en la Argentina que sigue <\/strong><strong>navegando en la median\u00eda sin vislumbrarse el futuro<\/strong> educativo para los chicos que har\u00e1n al pa\u00eds que vendr\u00e1.<\/p>\n<p>Fueron reconocidos estos alumnos:<\/p>\n<p>ESCUELA ALUMNO\/A PROMEDIO<br \/>\n1 6TO A Mayorga Martin 9,28.<br \/>\n2. 6TO B Borda Priscilla 9,16.<br \/>\n3. Woller Luc\u00edla Victoria 10.<br \/>\n4. 6TO A Lima Valle Facundo 9,71.<br \/>\n5. 6TO B Vargas Alarcon Gisella 9,85.<br \/>\n5. De Lellis, Douglas Benjamin 9,65.<br \/>\n6. Mugni Kiara Valentina 9,47.<br \/>\n7. D\u00edaz Martina Margarita 9,75.<br \/>\n8. Niz, Agustina 9.<br \/>\n9. Rojas Mayra, 9,57.<br \/>\n10. Alvarez Camila 9,1.<br \/>\n11. 6TO A Bellido Ian y Pe\u00f1a Carcano Camila 10. 6TO B\u00a0\u00a0\u00a0\u00a0 Loitti Ana Luz 9,61.<br \/>\n12. 6TO C Maturano Alvarez Ricardo 9,71.<br \/>\n13. 6TO A Megido Caceres Mateo Noel 9,62. 6TO B Escobio Julieta Paz 9,23. 6TO C Zuviela Valent\u00edn 8,94.<br \/>\n14. Gerardi Serisier Julia 9,75.<br \/>\n15. Sanz Julieta 9.<br \/>\n16. Dimotta Agustina Magali 9,55<br \/>\n19. Fretez Delfina 9,47.<br \/>\n20. Zabala Walter Sebastian 9,57.<br \/>\n21. 6TO A Martinez Abril 9,42. 6TO B Cambareri Lorenzo 10, Instituto Sagrada Familia. 6\u00ba A De Donato Francisco y Gigena, Valentina 9,7. Garc\u00eda Fava Francisco 10, Colegio Francisco I. 6\u00ba C\u00f3rdoba Mar\u00eda \u00c1ngela, Colegio del Sol. 6\u00ba Santoro Ottonello Francisca 9,71, Colegio Altos los Robles. 6\u00ba De Posfay, Santiago Tom\u00e1s 9,78.<\/p>\n<p>MEJOR PROMEDIO \u00daLTIMO A\u00d1O NIVEL SECUNDARIO 2018.<\/p>\n<p>ESCUELA Divisi\u00f3n ALUMNO\/A PROMEDIO ORIENTACI\u00d3N.<br \/>\nEES 1 6\u00b0 1\u00b0 Tirada Lauga Soledad 9,89 Econom\u00eda y Admisnistraci\u00f3n. 6\u00b0 2\u00b0 L\u00f3pez Karen 9,50 Ciencias Sociales.<br \/>\nEES 2 Hoffman Germ\u00e1n 9,30 Educaci\u00f3n F\u00edsica.<br \/>\nEES 3 6\u00b0 1\u00b0 Osuna Eleonora 9,30 Econom\u00eda y Admisnistraci\u00f3n.<br \/>\nEES 4 6\u00b0 1\u00b0 Spomer Mat\u00edas 9,69 Ciencias Sociales. 6\u00b0 3\u00b0 Agustina Gonz\u00e1lez 8,96 Ciencias Naturales.<br \/>\nEES 5 6\u00b0 1\u00b0 Luccane, M\u00eda 9,74 Arte-Teatro Anexo 1 EES 5.<br \/>\nEES 6 6\u00b0 2\u00b0 Proserpio Soto Malena 9,40 Arte Visuales.<br \/>\nEES 6 6\u00b0 1\u00b0 Galarza Cecilia 8,83 Comunicaci\u00f3n.<br \/>\nEES 7 Kronemberg Romina y Valenzuela Cristian 8,57 Comunicaci\u00f3n.<br \/>\nEEST 1 7\u00b0 1\u00ba Koelbl Chiara 8,14 Qu\u00edmica. 7\u00b0 2\u00ba Rodriguez, Carlos 8,40.<br \/>\n<strong>CEPT 32 7\u00ba Villegas Agust\u00edn 10, Electromec\u00e1nica Agraria Colegio Sagrada Familia<\/strong>. 6\u00b0 A Heber Mar\u00eda Teresa 9,84.<br \/>\nColegio J.M.Estrada. 6\u00ba Brontes Farias Adriana 9,77. 6\u00b0 A Cantezano, Juli\u00e1n 9,79 Ciencias Naturales. 6\u00b0 B Guglielmotti Badano Candela 9,36 Ciencias Sociales. 6\u00ba C\/TM Tusa, Federico 9,37 Econom\u00eda y Administraci\u00f3n.<br \/>\nColegio Alto Los Robles. 6\u00b0 C\/TT Serrano Julieta 9,14 Econom\u00eda y Adm. 6\u00ba Garc\u00eda Cilio, Giuliana 8,93 Cs. Sociales.<\/p>\n<p>&nbsp;<\/p>\n<p>Fotos: prensa municipalidad<\/p>\n","protected":false},"excerpt":{"rendered":"<p>EN LA COSMOPOLITA.<\/p>\n","protected":false},"author":3,"featured_media":891,"comment_status":"open","ping_status":"open","sticky":false,"template":"","format":"standard","meta":{"footnotes":"","jetpack_publicize_message":"","jetpack_publicize_feature_enabled":true,"jetpack_social_post_already_shared":false,"jetpack_social_options":{"image_generator_settings":{"template":"highway","default_image_id":0,"font":"","enabled":false},"version":2}},"categories":[15],"tags":[37,86,87,99],"class_list":["post-889","post","type-post","status-publish","format-standard","has-post-thumbnail","hentry","category-lo-que-tenes-que-saber","tag-destacada","tag-dia-estudiante-exaltacrucense","tag-mejore-promedios-2018","tag-recomendada"],"jetpack_publicize_connections":[],"jetpack_featured_media_url":"https:\/\/revistaepocadigital.com.ar\/wp-content\/uploads\/2018\/12\/alumno-promedios18.jpg","jetpack_likes_enabled":true,"_links":{"self":[{"href":"https:\/\/revistaepocadigital.com.ar\/index.php?rest_route=\/wp\/v2\/posts\/889","targetHints":{"allow":["GET"]}}],"collection":[{"href":"https:\/\/revistaepocadigital.com.ar\/index.php?rest_route=\/wp\/v2\/posts"}],"about":[{"href":"https:\/\/revistaepocadigital.com.ar\/index.php?rest_route=\/wp\/v2\/types\/post"}],"author":[{"embeddable":true,"href":"https:\/\/revistaepocadigital.com.ar\/index.php?rest_route=\/wp\/v2\/users\/3"}],"replies":[{"embeddable":true,"href":"https:\/\/revistaepocadigital.com.ar\/index.php?rest_route=%2Fwp%2Fv2%2Fcomments&post=889"}],"version-history":[{"count":0,"href":"https:\/\/revistaepocadigital.com.ar\/index.php?rest_route=\/wp\/v2\/posts\/889\/revisions"}],"wp:featuredmedia":[{"embeddable":true,"href":"https:\/\/revistaepocadigital.com.ar\/index.php?rest_route=\/wp\/v2\/media\/891"}],"wp:attachment":[{"href":"https:\/\/revistaepocadigital.com.ar\/index.php?rest_route=%2Fwp%2Fv2%2Fmedia&parent=889"}],"wp:term":[{"taxonomy":"category","embeddable":true,"href":"https:\/\/revistaepocadigital.com.ar\/index.php?rest_route=%2Fwp%2Fv2%2Fcategories&post=889"},{"taxonomy":"post_tag","embeddable":true,"href":"https:\/\/revistaepocadigital.com.ar\/index.php?rest_route=%2Fwp%2Fv2%2Ftags&post=889"}],"curies":[{"name":"wp","href":"https:\/\/api.w.org\/{rel}","templated":true}]}}