{"id":894,"date":"2018-12-18T08:35:43","date_gmt":"2018-12-18T11:35:43","guid":{"rendered":"https:\/\/revistaepocadigital.com.ar\/?p=894"},"modified":"2018-12-18T08:35:43","modified_gmt":"2018-12-18T11:35:43","slug":"graciela-gallo-se-anota-quiere-ser-intendenta","status":"publish","type":"post","link":"https:\/\/revistaepocadigital.com.ar\/?p=894","title":{"rendered":"GRACIELA GALLO SE ANOTA, QUIERE SER INTENDENTA"},"content":{"rendered":"<p><strong>A POCOS DIAS DE FINALIZAR EL A\u00d1O&#8230;<\/strong><!--more-->\u00a0y comenzar el crucial 2019 en el que los argentinos elegiremos presidente, gobernador e intendente, EPOCA te adelanta que para el cargo de intendente municipal, por <strong>primera vez<\/strong> una mujer estar\u00eda por anunciar su postulaci\u00f3n.<\/p>\n<p>Se trata de<strong> Graciela Gallo<\/strong>, concejal por el <strong>Frente Renovador<\/strong> y arribada a la pol\u00edtica hace pocos a\u00f1os como una de las figuras nuevas que se sumaron al arco pol\u00edtico de <strong>Exaltaci\u00f3n de la Cruz.<\/strong> Cuando EPOCA consult\u00f3 a <strong>Graciela Gallo<\/strong> sobre los rumores que vinieron se\u00f1alando que se postular\u00eda como candidata a intendente, la concejal prefiri\u00f3 la cautela al responder y atin\u00f3 s\u00f3lo a decir que &#8220;<strong><em>eso dicen por ah\u00ed&#8230;, hay propuestas&#8230;&#8221;.<\/em><\/strong><\/p>\n<figure id=\"attachment_896\" aria-describedby=\"caption-attachment-896\" style=\"width: 696px\" class=\"wp-caption alignnone\"><img loading=\"lazy\" decoding=\"async\" class=\"size-large wp-image-896\" src=\"https:\/\/revistaepocadigital.com.ar\/wp-content\/uploads\/2018\/12\/gallo-modena-1024x768.jpg\" alt=\"\" width=\"696\" height=\"522\" srcset=\"https:\/\/revistaepocadigital.com.ar\/wp-content\/uploads\/2018\/12\/gallo-modena-1024x768.jpg 1024w, https:\/\/revistaepocadigital.com.ar\/wp-content\/uploads\/2018\/12\/gallo-modena-300x225.jpg 300w, https:\/\/revistaepocadigital.com.ar\/wp-content\/uploads\/2018\/12\/gallo-modena-768x576.jpg 768w, https:\/\/revistaepocadigital.com.ar\/wp-content\/uploads\/2018\/12\/gallo-modena-80x60.jpg 80w, https:\/\/revistaepocadigital.com.ar\/wp-content\/uploads\/2018\/12\/gallo-modena-160x120.jpg 160w, https:\/\/revistaepocadigital.com.ar\/wp-content\/uploads\/2018\/12\/gallo-modena-265x198.jpg 265w, https:\/\/revistaepocadigital.com.ar\/wp-content\/uploads\/2018\/12\/gallo-modena-696x522.jpg 696w, https:\/\/revistaepocadigital.com.ar\/wp-content\/uploads\/2018\/12\/gallo-modena-1068x801.jpg 1068w, https:\/\/revistaepocadigital.com.ar\/wp-content\/uploads\/2018\/12\/gallo-modena-560x420.jpg 560w, https:\/\/revistaepocadigital.com.ar\/wp-content\/uploads\/2018\/12\/gallo-modena-1120x840.jpg 1120w, https:\/\/revistaepocadigital.com.ar\/wp-content\/uploads\/2018\/12\/gallo-modena-1920x1440.jpg 1920w, https:\/\/revistaepocadigital.com.ar\/wp-content\/uploads\/2018\/12\/gallo-modena.jpg 2048w\" sizes=\"auto, (max-width: 696px) 100vw, 696px\" \/><figcaption id=\"caption-attachment-896\" class=\"wp-caption-text\">Graciela Gallo con Pablo Modena, tambi\u00e9n concejal.<\/figcaption><\/figure>\n<p>A la concejal del<strong> Frente Renovador (FR)<\/strong>, tambi\u00e9n EPOCA le pregunt\u00f3 acerca de los pasos pol\u00edticos que vienen llevando a cabo<strong> Horacio Erraru<\/strong>, referente del FR y postulado tambi\u00e9n como intendente, al acordar con <strong>Fabian Mussi<\/strong> al frente de uno de los sectores internos del justicialismo. Tambien con respecto a <strong>Luis Mariano Martin<\/strong>, otro de los referentes del FR en nuestro distrito, a quien se lo indica trabajando con <strong>Diego Nanni<\/strong>, secretario de gobierno de la comuna, tambi\u00e9n con vistas a las elecciones de 2019.<\/p>\n<p><strong><em>&#8220;Horacio<\/em><\/strong> (Errazu)<strong><em> me propuso desde hace m\u00e1s de nueve meses encabezar la lista de candidatos a concejales del FR, y <\/em><\/strong><strong><em>acompa\u00f1arlo de esa manera, en su candidatura a intendente para 2019. A su vez me habl\u00f3 oportunamente de su acercamiento a <\/em><\/strong><strong><em>Fab\u00edan Mussi, Freddy Alvarez, y la decisi\u00f3n de dejar fuera de este armado a Luisma, esto debido a su amistad no bi\u00e9n vista <\/em><em>con el secretario de gobierno, Diego Nanni&#8221;,<\/em><\/strong> coment\u00f3 <strong>Gallo<\/strong>. Agreg\u00f3 luego, <em><strong>&#8220;tuvimos una reuni\u00f3n con la mesa chica, los concejales y algunos referentes locales, y ese d\u00eda el Vasco Errazu dej\u00f3 en claro que el candidato era \u00e9l y no Luis Mariano<\/strong><strong> Mart\u00edn&#8221;.<\/strong><\/em><\/p>\n<p><strong><em>&#8220;En ese momento<\/em><\/strong> -manifest\u00f3- <strong><em>y viviendo la parte m\u00e1s dura de la pol\u00edtica, donde mi referente de 2015 quedaba fuera de la uni\u00f3n <\/em><\/strong><strong><em>del FR, no me sent\u00ed c\u00f3moda con lo sucedido y tampoco con las personas que se sumaban a participar al espacio y d\u00ed un paso al <\/em><\/strong><strong><em>costado. Por otro lado conozco la amistad que une a Luisma con Diego Nanni; se de los comentarios que cada vez se hacen m\u00e1s <\/em><\/strong><strong><em>fuertes e intensos en charlas personales con mi referen<\/em><em>te me comunica, todav\u00eda es muy pronto para hablar de pol\u00edtica, con <\/em><\/strong><strong><em>Diego me une una gran amistad y respeto, pero no tengo nada decidido&#8221;.<\/em><\/strong><\/p>\n<p>Resalt\u00f3 despu\u00e9s su labor como concejal, <strong><em>&#8220;con m\u00e1s de 56 proyectos presentados en su gesti\u00f3n de tres a\u00f1os, me siento m\u00e1s que <\/em><\/strong><strong><em>fel\u00edz porque en el momento de elegir qui\u00e9n me iba a acompa\u00f1ar no me equivoqu\u00e9, y eso me llena de orgullo. Seguir\u00e9 trabajando <\/em><\/strong><strong><em>hasta fines de 2019, representado al Frente Renovador&#8221;.<\/em><\/strong><\/p>\n","protected":false},"excerpt":{"rendered":"<p>A POCOS DIAS DE FINALIZAR EL A\u00d1O&#8230;<\/p>\n","protected":false},"author":3,"featured_media":895,"comment_status":"open","ping_status":"open","sticky":false,"template":"","format":"standard","meta":{"footnotes":"","jetpack_publicize_message":"","jetpack_publicize_feature_enabled":true,"jetpack_social_post_already_shared":false,"jetpack_social_options":{"image_generator_settings":{"template":"highway","default_image_id":0,"font":"","enabled":false},"version":2}},"categories":[17],"tags":[37,88,89],"class_list":["post-894","post","type-post","status-publish","format-standard","has-post-thumbnail","hentry","category-politica","tag-destacada","tag-frente-renovador","tag-graciela-gallo"],"jetpack_publicize_connections":[],"jetpack_featured_media_url":"https:\/\/revistaepocadigital.com.ar\/wp-content\/uploads\/2018\/12\/gallo-g.jpg","jetpack_likes_enabled":true,"_links":{"self":[{"href":"https:\/\/revistaepocadigital.com.ar\/index.php?rest_route=\/wp\/v2\/posts\/894","targetHints":{"allow":["GET"]}}],"collection":[{"href":"https:\/\/revistaepocadigital.com.ar\/index.php?rest_route=\/wp\/v2\/posts"}],"about":[{"href":"https:\/\/revistaepocadigital.com.ar\/index.php?rest_route=\/wp\/v2\/types\/post"}],"author":[{"embeddable":true,"href":"https:\/\/revistaepocadigital.com.ar\/index.php?rest_route=\/wp\/v2\/users\/3"}],"replies":[{"embeddable":true,"href":"https:\/\/revistaepocadigital.com.ar\/index.php?rest_route=%2Fwp%2Fv2%2Fcomments&post=894"}],"version-history":[{"count":0,"href":"https:\/\/revistaepocadigital.com.ar\/index.php?rest_route=\/wp\/v2\/posts\/894\/revisions"}],"wp:featuredmedia":[{"embeddable":true,"href":"https:\/\/revistaepocadigital.com.ar\/index.php?rest_route=\/wp\/v2\/media\/895"}],"wp:attachment":[{"href":"https:\/\/revistaepocadigital.com.ar\/index.php?rest_route=%2Fwp%2Fv2%2Fmedia&parent=894"}],"wp:term":[{"taxonomy":"category","embeddable":true,"href":"https:\/\/revistaepocadigital.com.ar\/index.php?rest_route=%2Fwp%2Fv2%2Fcategories&post=894"},{"taxonomy":"post_tag","embeddable":true,"href":"https:\/\/revistaepocadigital.com.ar\/index.php?rest_route=%2Fwp%2Fv2%2Ftags&post=894"}],"curies":[{"name":"wp","href":"https:\/\/api.w.org\/{rel}","templated":true}]}}