{"id":9018,"date":"2021-02-08T23:38:00","date_gmt":"2021-02-09T02:38:00","guid":{"rendered":"https:\/\/revistaepocadigital.com.ar\/?p=9018"},"modified":"2021-02-08T23:38:00","modified_gmt":"2021-02-09T02:38:00","slug":"naranjas-por-el-suelo-los-cosecheros-no-quieren-trabajar-para-no-perder-sus-planes-sociales","status":"publish","type":"post","link":"https:\/\/revistaepocadigital.com.ar\/?p=9018","title":{"rendered":"Naranjas por el suelo, los cosecheros no quieren trabajar para no perder sus planes sociales"},"content":{"rendered":"<p><strong>PASA EN MISIONES.<\/strong><!--more--><\/p>\n<p>Durante mucho tiempo se insisti\u00f3 en la necesidad de reconvertir las peque\u00f1as explotaciones de tabaco hacia otras opciones, en especial los c\u00edtricos. Algunos productores siguieron ese consejo pero su situaci\u00f3n no mejor\u00f3 demasiado, no solo por una macroeconom\u00eda que les juega en contra, sino tambi\u00e9n porque se trata de un mercado con muchas variables dif\u00edciles de proyectar. Ahora se sum\u00f3 otro condimento: la escasez de mano de obra.<\/p>\n<p><img loading=\"lazy\" decoding=\"async\" class=\"size-medium wp-image-58240 alignleft\" src=\"https:\/\/bichosdecampo.com\/wp-content\/uploads\/2021\/02\/WhatsApp-Image-2021-02-06-at-10.52.38-225x300.jpeg\" sizes=\"auto, (max-width: 225px) 100vw, 225px\" srcset=\"https:\/\/bichosdecampo.com\/wp-content\/uploads\/2021\/02\/WhatsApp-Image-2021-02-06-at-10.52.38-225x300.jpeg 225w, https:\/\/bichosdecampo.com\/wp-content\/uploads\/2021\/02\/WhatsApp-Image-2021-02-06-at-10.52.38-768x1024.jpeg 768w, https:\/\/bichosdecampo.com\/wp-content\/uploads\/2021\/02\/WhatsApp-Image-2021-02-06-at-10.52.38-750x1000.jpeg 750w, https:\/\/bichosdecampo.com\/wp-content\/uploads\/2021\/02\/WhatsApp-Image-2021-02-06-at-10.52.38.jpeg 864w\" alt=\"\" width=\"225\" height=\"300\" data-attachment-id=\"58240\" data-permalink=\"https:\/\/bichosdecampo.com\/naranjas-por-el-suelo-en-misiones-porque-los-cosecheros-no-quieren-trabajar-para-no-perder-sus-planes-sociales\/whatsapp-image-2021-02-06-at-10-52-38\/\" data-orig-file=\"https:\/\/bichosdecampo.com\/wp-content\/uploads\/2021\/02\/WhatsApp-Image-2021-02-06-at-10.52.38.jpeg\" data-orig-size=\"864,1152\" data-comments-opened=\"1\" data-image-meta=\"{&quot;aperture&quot;:&quot;0&quot;,&quot;credit&quot;:&quot;&quot;,&quot;camera&quot;:&quot;&quot;,&quot;caption&quot;:&quot;&quot;,&quot;created_timestamp&quot;:&quot;0&quot;,&quot;copyright&quot;:&quot;&quot;,&quot;focal_length&quot;:&quot;0&quot;,&quot;iso&quot;:&quot;0&quot;,&quot;shutter_speed&quot;:&quot;0&quot;,&quot;title&quot;:&quot;&quot;,&quot;orientation&quot;:&quot;0&quot;}\" data-image-title=\"WhatsApp Image 2021-02-06 at 10.52.38\" data-image-description=\"\" data-medium-file=\"https:\/\/bichosdecampo.com\/wp-content\/uploads\/2021\/02\/WhatsApp-Image-2021-02-06-at-10.52.38-225x300.jpeg\" data-large-file=\"https:\/\/bichosdecampo.com\/wp-content\/uploads\/2021\/02\/WhatsApp-Image-2021-02-06-at-10.52.38-768x1024.jpeg\" data-pin-no-hover=\"true\" \/><\/p>\n<p>Ricardo Ranger es citricultor en la localidad misionera de El Dorado. En di\u00e1logo con\u00a0Bichos de Campo\u00a0cont\u00f3 que desde hace a\u00f1os la cuesti\u00f3n econ\u00f3mica est\u00e1 dif\u00edcil: \u201cEn 2019 perdimos tres millones de kilos de limones que quedaron en el suelo\u201d porque el precio no daba ni para pagar al personal, record\u00f3.<\/p>\n<p>Hay dos temas que preocupan y mucho a Ranger: la inseguridad y la falta de personal para la cosecha, ya que, por temor a la p\u00e9rdida de los planes sociales, los trabajadores no quieren ser registrados. En esa situaci\u00f3n, explic\u00f3, tiene mucho que ver la pol\u00edtica y su poco inter\u00e9s por resolver los problemas del sector productivo, que es el gran generador de trabajo genuino.<\/p>\n<p>Escuch\u00e1 la entrevista a Ricardo Ranger:<\/p>\n<p><iframe loading=\"lazy\" src=\"https:\/\/ar.radiocut.fm\/audiocut\/embed\/mini\/ricardo-ranger-en-bichos-campo-06-02-2021\/\" width=\"100%\" height=\"65px\" frameborder=\"no\" scrolling=\"no\" data-mce-fragment=\"1\"><\/iframe><\/p>\n<p>Por la falta de personal para la cosecha de naranjas, que todav\u00eda se est\u00e1 desarrollando, Ranger cree que \u201ceste a\u00f1o se perder\u00edan 500.000 kilos\u201d, que no se terminar\u00edan recolectando en esa regi\u00f3n.<\/p>\n<p>\u201cEs el problema m\u00e1s grave, porque la gente no quiere asegurarse. Cuando una persona viene y le quer\u00e9s dar trabajo, le ped\u00eds el documento para darle de alta en Afip, ah\u00ed se pega media vuelta y se va; la gente no quiere perder los planes, no quiere ficharse\u201d, explic\u00f3 el citricultor.<\/p>\n<p>Ranger dijo que debido a ese choque de intereses entre los planes sociales y el trabajo formalizado no se encuentra personal o bien se termina aceptando trabajo en \u201cnegro\u201d no registrado. El empresario dijo que el responsable de eso es \u201cel Estado que te dice paga impuestos, ten\u00e9 a la gente en blanco, tecnificate y, por el otro lado, te pone la mano de obra en contra; es algo il\u00f3gico\u201d.<\/p>\n<p>Ranger espera respuestas de las autoridades pol\u00edticas al respecto. A su juicio, se podr\u00eda resolver con un simple acto administrativo del gobierno, por el cual por el cual el personal necesario para las cosechas se pueda blanquear sin por eso pierda el subsidio estatal.<\/p>\n<p>Coment\u00f3 que habl\u00f3 con Luis Basterra al respecto y que el ministro de Agricultura se mostr\u00f3 interesando y preocupado en el tema. Pero, mientras tanto, las naranjas van cayendo al suelo en las chacras de los productores que no aceptan contratar personal en \u201cnegro\u201d.<\/p>\n<p>La\u00a0<a href=\"http:\/\/trabajoagrarioweb.trabajo.gob.ar\/include\/showfile.asp?ArchivoId=3153\">resoluci\u00f3n 64\/2020<\/a>\u00a0de la Comisi\u00f3n Nacional de Trabajo Agrario (CNTA) establece para el presente mes de febrero un jornal m\u00ednimo diario de 1273 pesos para peones que se desempe\u00f1en en fincas citr\u00edcolas de la provincia de Misiones.<\/p>\n<p>Con respecto a la cuesti\u00f3n de la inseguridad rural, el productor se\u00f1al\u00f3: \u201cEn Misiones nos roban grandes cantidades de naranjas todos los d\u00edas pese a las denuncias. El problema es que no hay control. Cuando ves que se roba es porque no se controla. El Estado tiene la suficiente estructura para decir \u2018robo cero\u2019 si quisiera, pero cuando no se quiere, no se puede\u201d.<\/p>\n<p>Esas situaciones de inseguridad son moneda corriente en la provincia y tambi\u00e9n la falta de respuestas por parte del gobierno y la Justicia provincial. Por eso los productores organizaron una protesta tras la cual vino la promesa oficial de mayores controles policiales y de una mejor organizaci\u00f3n judicial para darle curso a las denuncias. Pero Ranger se mostr\u00f3 poco optimista respecto de esos anuncios: \u201cPromesas siempre hay, ahora, que se cumplan\u2026\u201d.<\/p>\n<p><iframe loading=\"lazy\" class=\"wp-embedded-content\" title=\"\u201cEl gobernador de Misiones recibi\u00f3 a productores autoconvocados por el incremento del delito rural: Aseguran que saben qui\u00e9nes son los cuatreros pero nadie investiga\u201d \u2014 Bichos de Campo\" src=\"https:\/\/bichosdecampo.com\/el-gobernador-de-misiones-recibio-a-productores-autoconvocados-por-el-incremento-del-delito-rural-aseguran-que-saben-quienes-son-los-cuatreros-pero-nadie-investiga\/embed\/#?secret=X8V8Oj3my5\" width=\"500\" height=\"639\" frameborder=\"0\" marginwidth=\"0\" marginheight=\"0\" scrolling=\"no\" sandbox=\"allow-scripts\" data-secret=\"X8V8Oj3my5\" data-mce-fragment=\"1\"><\/iframe><\/p>\n<p>&nbsp;<\/p>\n<p>Nota publicada en Vichosdecampo.com<\/p>\n","protected":false},"excerpt":{"rendered":"<p>PASA EN MISIONES.<\/p>\n","protected":false},"author":4,"featured_media":9019,"comment_status":"open","ping_status":"open","sticky":false,"template":"","format":"standard","meta":{"footnotes":"","jetpack_publicize_message":"","jetpack_publicize_feature_enabled":true,"jetpack_social_post_already_shared":false,"jetpack_social_options":{"image_generator_settings":{"template":"highway","default_image_id":0,"font":"","enabled":false},"version":2}},"categories":[17],"tags":[1210,1211],"class_list":["post-9018","post","type-post","status-publish","format-standard","has-post-thumbnail","hentry","category-politica","tag-planes-sociales","tag-productores"],"jetpack_publicize_connections":[],"jetpack_featured_media_url":"https:\/\/revistaepocadigital.com.ar\/wp-content\/uploads\/2021\/02\/naranjas-en-el-suelo-750x375-1.jpeg","jetpack_likes_enabled":true,"_links":{"self":[{"href":"https:\/\/revistaepocadigital.com.ar\/index.php?rest_route=\/wp\/v2\/posts\/9018","targetHints":{"allow":["GET"]}}],"collection":[{"href":"https:\/\/revistaepocadigital.com.ar\/index.php?rest_route=\/wp\/v2\/posts"}],"about":[{"href":"https:\/\/revistaepocadigital.com.ar\/index.php?rest_route=\/wp\/v2\/types\/post"}],"author":[{"embeddable":true,"href":"https:\/\/revistaepocadigital.com.ar\/index.php?rest_route=\/wp\/v2\/users\/4"}],"replies":[{"embeddable":true,"href":"https:\/\/revistaepocadigital.com.ar\/index.php?rest_route=%2Fwp%2Fv2%2Fcomments&post=9018"}],"version-history":[{"count":0,"href":"https:\/\/revistaepocadigital.com.ar\/index.php?rest_route=\/wp\/v2\/posts\/9018\/revisions"}],"wp:featuredmedia":[{"embeddable":true,"href":"https:\/\/revistaepocadigital.com.ar\/index.php?rest_route=\/wp\/v2\/media\/9019"}],"wp:attachment":[{"href":"https:\/\/revistaepocadigital.com.ar\/index.php?rest_route=%2Fwp%2Fv2%2Fmedia&parent=9018"}],"wp:term":[{"taxonomy":"category","embeddable":true,"href":"https:\/\/revistaepocadigital.com.ar\/index.php?rest_route=%2Fwp%2Fv2%2Fcategories&post=9018"},{"taxonomy":"post_tag","embeddable":true,"href":"https:\/\/revistaepocadigital.com.ar\/index.php?rest_route=%2Fwp%2Fv2%2Ftags&post=9018"}],"curies":[{"name":"wp","href":"https:\/\/api.w.org\/{rel}","templated":true}]}}