{"id":9031,"date":"2021-02-10T15:43:55","date_gmt":"2021-02-10T18:43:55","guid":{"rendered":"https:\/\/revistaepocadigital.com.ar\/?p=9031"},"modified":"2021-02-10T17:19:35","modified_gmt":"2021-02-10T20:19:35","slug":"la-muerte-del-dr-monzon-un-duro-golpe-al-corazon","status":"publish","type":"post","link":"https:\/\/revistaepocadigital.com.ar\/?p=9031","title":{"rendered":"La muerte del Dr. Monz\u00f3n, un duro golpe al coraz\u00f3n"},"content":{"rendered":"<div class=\"o9v6fnle cxmmr5t8 oygrvhab hcukyx3x c1et5uql ii04i59q\">\n<div dir=\"auto\"><strong>LAS INNUMERABLES MUESTRAS DE DOLOR, HAN REFLEJADO EL SENTIR QUE GENER\u00d3<\/strong>.<\/div>\n<\/div>\n<p><!--more--><\/p>\n<div dir=\"auto\"><\/div>\n<div dir=\"auto\"><strong>Alejandro Monz\u00f3n<\/strong> supo conseguir, merced a su bonhomia y capacidad profesional entre valores humanos que lo distinguieron, en un hombre, en un vecino de gran val\u00eda. A temprana edad, 55 a\u00f1os, este hombre afincado en Los Cardales junto a su familia desde hace mucho tiempo, ha fallecido. Una descompensaci\u00f3n de la que no pudo recuperarse, se llev\u00f3 su vida para abarcar con angustia y pesar a vecinos de Exaltaci\u00f3n.<\/div>\n<div dir=\"auto\"><\/div>\n<div dir=\"auto\">Esos sentimientos volcados ante su muerte, se convirtieron en el mejor ejemplo de lo que fue su paso terrenal. Otro\u00a0 muy duro golpe que debe padecer nuestra comunidad, tan puesta a prueba por la pandemia.<\/div>\n<div dir=\"auto\"><\/div>\n<div dir=\"auto\">En EPOCA consideramos que una forma de homenajear al Dr. Monz\u00f3n, era reflejar algunos testimonios de vecinos, patentizando lo que signific\u00f3 para todos.<\/div>\n<div dir=\"auto\"><\/div>\n<div dir=\"auto\">Ra\u00fal Silva, periodista, y la ex concejal Graciela Venturino, ambos vecinos de Los Cardales donde viv\u00eda y desarrollaba su labor m\u00e9dica Monz\u00f3n, escribieron en la red social Facebook, donde a su vez muchos tambi\u00e9n manifestaron el dolor por su partida.<\/div>\n<div dir=\"auto\"><\/div>\n<div dir=\"auto\">FALLECE UN HOMBRE INTEGRO, Y UN PROFESIONAL<\/div>\n<div dir=\"auto\">DE EXCELENCIA. EL DR. ALEJANDRO MONZ\u00d3N<\/div>\n<blockquote>\n<div dir=\"auto\" style=\"text-align: left;\"><\/div>\n<div dir=\"auto\" style=\"padding-left: 40px; text-align: left;\"><em>&#8220;Es mi deseo dedicar en este espacio algunas palabras nacidas de un gran dolor en lo personal, tambi\u00e9n de toda la comunidad de la salud, y de todos los ciudadanos de este, nuestro pueblo, que han conocido a un profesional de excelencia, como ha sido el Dr. Alejandro Monz\u00f3n.<\/em><\/div>\n<div dir=\"auto\"><\/div>\n<div dir=\"auto\" style=\"padding-left: 40px; text-align: left;\"><em>En horas de la ma\u00f1ana (9\/2), dej\u00f3 de existir este enorme profesional de la salud, pero por sobre todo un ser humano noble, generoso, de una sensibilidad superlativa, con un coraz\u00f3n abierto a los padecimientos y a las necesidades de los ciudadanos de Los Cardales, el lugar en su vida y en la de su querida esposa, donde eligi\u00f3 para instalarse y quedarse con nosotros para brindarnos esa calidad humana que siempre lo distingui\u00f3, luego de recalar desde otras tierras en la b\u00fasqueda de nuevos horizontes. Ese gran coraz\u00f3n que decidi\u00f3 un d\u00eda dejar de latir, para llevar su nombre y su presencia a la inmortalidad de su recuerdo.<\/em><\/div>\n<div dir=\"auto\"><\/div>\n<div dir=\"auto\" style=\"padding-left: 40px; text-align: left;\"><em>El Dr. Alejandro Monz\u00f3n, ser\u00e1 recordado por siempre, porque seres como \u00e9l, trascienden a trav\u00e9s de los tiempos, y porque en alg\u00fan momento de nuestra vida, \u00e9l ha estado acompa\u00f1\u00e1ndonos con su enorme conocimiento profesional, para calmar y curar nuestras dolencias.<\/em><\/div>\n<div dir=\"auto\"><\/div>\n<div dir=\"auto\" style=\"text-align: left;\"><em>\u00a0 \u00a0 \u00a0 Me atrever\u00eda a afirmar que nuestro pueblo no ser\u00e1 el mismo despu\u00e9s de su partida, su figura afable, confiable y gentil, nos llevaba a cambiar nuestra preocupaci\u00f3n hasta el\u00a0 mismo momento de la consulta, y se extend\u00eda a lo largo del tiempo, donde la recuperaci\u00f3n y la cura definitiva ya era para nosotros una certeza indiscutible, est\u00e1bamos en las manos de un profesional de excelencia.<\/em><\/div>\n<div dir=\"auto\"><\/div>\n<div dir=\"auto\" style=\"text-align: left;\"><em>Gracias Alejandro por haber elegido acompa\u00f1ar nuestras vidas, y cuidar de ellas, Gracias por brindarnos tu conocimiento, tu sabidur\u00eda, y tu larga experiencia, Gracias por habernos permitido conocer a un hombre de una integridad moral, \u00e9tica y profesional de tu nivel. Gracias y hasta siempre !!!&#8221;.<\/em><\/div>\n<\/blockquote>\n<div dir=\"auto\" style=\"text-align: center;\">&#8230;&#8230;.<\/div>\n<div dir=\"auto\">\n<blockquote>\n<figure id=\"attachment_9042\" aria-describedby=\"caption-attachment-9042\" style=\"width: 236px\" class=\"wp-caption alignleft\"><img loading=\"lazy\" decoding=\"async\" class=\"size-full wp-image-9042\" src=\"https:\/\/revistaepocadigital.com.ar\/wp-content\/uploads\/2021\/02\/descarga.jpg\" alt=\"\" width=\"236\" height=\"213\" \/><figcaption id=\"caption-attachment-9042\" class=\"wp-caption-text\">El Dr. Monz\u00f3n junto a compa\u00f1eros de trabajo.<\/figcaption><\/figure><\/blockquote>\n<p><em>&#8220;Y yo me ir\u00e9. Y se quedar\u00e1n los p\u00e1jaros cantando&#8230;<em>Todas las tardes, el cielo ser\u00e1 azul y pl\u00e1cido. <em>Y tocar\u00e1n como esta tarde est\u00e1n tocando las campanas del campanario,<br \/>\n<em>y en el rinc\u00f3n aquel de mi huerto florido y encalado, <\/em><em>mi esp\u00edritu errar\u00e1 nost\u00e1lgico\u2026<\/em><\/em><\/em><\/em><\/p>\n<div class=\"\">\n<div class=\"f10w8fjw\" dir=\"auto\">\n<p><em>As\u00ed ser\u00e1, querido\u00a0<\/em><em>Alejandro Monz\u00f3n,<\/em><em> ma\u00f1ana volver\u00e1 a salir el sol, y cada uno volveremos de a poco a nuestra rutina, pero siempre que un dolor nos aqueje te recordaremos con extra\u00f1a emoci\u00f3n. Porque con tu ciencia curabas el cuerpo, y con tus palabras sanabas el alma.<\/em><\/p>\n<div dir=\"auto\"><em>Fuiste mucho m\u00e1s que un m\u00e9dico, fuiste maestro, amigo, ejemplo de trabajo y compromiso con tu comunidad.\u00a0<\/em><em>Sembraste bondad y respeto a manos llenas y hoy, hora de la cosecha, el pueblo todo te despide con el mismo amor que vos nos diste.<\/em><\/div>\n<div dir=\"auto\"><em>Quedar\u00e1s en la memoria de todos por tu enorme esp\u00edritu de servicio, y tu eterna sonrisa.<\/em><\/div>\n<div dir=\"auto\"><em>Para Lili y tus hijos, un sentido abrazo. Qu\u00e9 descanses en paz&#8221;.<\/em><\/div>\n<\/div>\n<div>\n<div class=\"stjgntxs ni8dbmo4 l82x9zwi uo3d90p7 h905i5nu monazrh9\" data-visualcompletion=\"ignore-dynamic\">\n<div class=\"bp9cbjyn j83agx80 buofh1pr ni8dbmo4 stjgntxs\"><\/div>\n<\/div>\n<\/div>\n<div class=\"qzhwtbm6 knvmm38d\">\n<p>Graciela Venturino.<\/p>\n<div class=\"\"><\/div>\n<div class=\"bp9cbjyn j83agx80 pfnyh3mw p1ueia1e\">TRES D\u00cdAS DE DUELO EN EL DISTRITO.<\/div>\n<\/div>\n<\/div>\n<\/div>\n<div class=\"o9v6fnle cxmmr5t8 oygrvhab hcukyx3x c1et5uql ii04i59q\">\n<div dir=\"auto\"><\/div>\n<div dir=\"auto\">El intendente interino Gustavo Candia y la secretaria de coordinaci\u00f3n general, Mar\u00eda Luz Bozzani, firmaron un decreto que impuso tres d\u00edas de duelo, por la muerte del doctor Alejandro Monz\u00f3n (9\/1).<\/div>\n<\/div>\n<div dir=\"auto\"><\/div>\n<div dir=\"auto\"><img loading=\"lazy\" decoding=\"async\" class=\"aligncenter size-full wp-image-9049\" src=\"https:\/\/revistaepocadigital.com.ar\/wp-content\/uploads\/2021\/02\/146177852_4077973912255537_6807978856017203946_n.jpg\" alt=\"\" width=\"800\" height=\"800\" srcset=\"https:\/\/revistaepocadigital.com.ar\/wp-content\/uploads\/2021\/02\/146177852_4077973912255537_6807978856017203946_n.jpg 800w, https:\/\/revistaepocadigital.com.ar\/wp-content\/uploads\/2021\/02\/146177852_4077973912255537_6807978856017203946_n-300x300.jpg 300w, https:\/\/revistaepocadigital.com.ar\/wp-content\/uploads\/2021\/02\/146177852_4077973912255537_6807978856017203946_n-150x150.jpg 150w, https:\/\/revistaepocadigital.com.ar\/wp-content\/uploads\/2021\/02\/146177852_4077973912255537_6807978856017203946_n-768x768.jpg 768w, https:\/\/revistaepocadigital.com.ar\/wp-content\/uploads\/2021\/02\/146177852_4077973912255537_6807978856017203946_n-696x696.jpg 696w, https:\/\/revistaepocadigital.com.ar\/wp-content\/uploads\/2021\/02\/146177852_4077973912255537_6807978856017203946_n-420x420.jpg 420w\" sizes=\"auto, (max-width: 800px) 100vw, 800px\" \/><\/div>\n<div dir=\"auto\"><\/div>\n<div dir=\"auto\"><img loading=\"lazy\" decoding=\"async\" class=\"aligncenter size-full wp-image-9041\" src=\"https:\/\/revistaepocadigital.com.ar\/wp-content\/uploads\/2021\/02\/148163759_4217005831661665_8966957227504188126_n.jpg\" alt=\"\" width=\"720\" height=\"900\" srcset=\"https:\/\/revistaepocadigital.com.ar\/wp-content\/uploads\/2021\/02\/148163759_4217005831661665_8966957227504188126_n.jpg 720w, https:\/\/revistaepocadigital.com.ar\/wp-content\/uploads\/2021\/02\/148163759_4217005831661665_8966957227504188126_n-240x300.jpg 240w, https:\/\/revistaepocadigital.com.ar\/wp-content\/uploads\/2021\/02\/148163759_4217005831661665_8966957227504188126_n-696x870.jpg 696w, https:\/\/revistaepocadigital.com.ar\/wp-content\/uploads\/2021\/02\/148163759_4217005831661665_8966957227504188126_n-336x420.jpg 336w, https:\/\/revistaepocadigital.com.ar\/wp-content\/uploads\/2021\/02\/148163759_4217005831661665_8966957227504188126_n-672x840.jpg 672w\" sizes=\"auto, (max-width: 720px) 100vw, 720px\" \/><\/div>\n<div dir=\"auto\"><\/div>\n<div class=\"o9v6fnle cxmmr5t8 oygrvhab hcukyx3x c1et5uql ii04i59q\">\n<div dir=\"auto\">Monz\u00f3n se desempe\u00f1aba como director del CAP de Los Cardales; era un reconocido profesional de la salud, quien brind\u00f3 servicios al sistema p\u00fablico durante m\u00e1s de 20 a\u00f1os.<\/div>\n<\/div>\n<div class=\"o9v6fnle cxmmr5t8 oygrvhab hcukyx3x c1et5uql ii04i59q\">\n<div dir=\"auto\">As\u00ed, las autoridades municipales decidieron establecer que las banderas de todos los edificios p\u00fablicos permanecieran a media asta, durante tres d\u00edas, como homenaje a este reconocido profesional.<\/div>\n<\/div>\n","protected":false},"excerpt":{"rendered":"<p>LAS INNUMERABLES MUESTRAS DE DOLOR, HAN REFLEJADO EL SENTIR QUE GENER\u00d3.<\/p>\n","protected":false},"author":4,"featured_media":9040,"comment_status":"open","ping_status":"open","sticky":false,"template":"","format":"standard","meta":{"footnotes":"","jetpack_publicize_message":"","jetpack_publicize_feature_enabled":true,"jetpack_social_post_already_shared":false,"jetpack_social_options":{"image_generator_settings":{"template":"highway","default_image_id":0,"font":"","enabled":false},"version":2}},"categories":[13],"tags":[1213,405],"class_list":["post-9031","post","type-post","status-publish","format-standard","has-post-thumbnail","hentry","category-interes-general","tag-doctor-monzon","tag-fallecimiento"],"jetpack_publicize_connections":[],"jetpack_featured_media_url":"https:\/\/revistaepocadigital.com.ar\/wp-content\/uploads\/2021\/02\/monzon-dr.jpg","jetpack_likes_enabled":true,"_links":{"self":[{"href":"https:\/\/revistaepocadigital.com.ar\/index.php?rest_route=\/wp\/v2\/posts\/9031","targetHints":{"allow":["GET"]}}],"collection":[{"href":"https:\/\/revistaepocadigital.com.ar\/index.php?rest_route=\/wp\/v2\/posts"}],"about":[{"href":"https:\/\/revistaepocadigital.com.ar\/index.php?rest_route=\/wp\/v2\/types\/post"}],"author":[{"embeddable":true,"href":"https:\/\/revistaepocadigital.com.ar\/index.php?rest_route=\/wp\/v2\/users\/4"}],"replies":[{"embeddable":true,"href":"https:\/\/revistaepocadigital.com.ar\/index.php?rest_route=%2Fwp%2Fv2%2Fcomments&post=9031"}],"version-history":[{"count":0,"href":"https:\/\/revistaepocadigital.com.ar\/index.php?rest_route=\/wp\/v2\/posts\/9031\/revisions"}],"wp:featuredmedia":[{"embeddable":true,"href":"https:\/\/revistaepocadigital.com.ar\/index.php?rest_route=\/wp\/v2\/media\/9040"}],"wp:attachment":[{"href":"https:\/\/revistaepocadigital.com.ar\/index.php?rest_route=%2Fwp%2Fv2%2Fmedia&parent=9031"}],"wp:term":[{"taxonomy":"category","embeddable":true,"href":"https:\/\/revistaepocadigital.com.ar\/index.php?rest_route=%2Fwp%2Fv2%2Fcategories&post=9031"},{"taxonomy":"post_tag","embeddable":true,"href":"https:\/\/revistaepocadigital.com.ar\/index.php?rest_route=%2Fwp%2Fv2%2Ftags&post=9031"}],"curies":[{"name":"wp","href":"https:\/\/api.w.org\/{rel}","templated":true}]}}