{"id":9033,"date":"2021-02-09T00:07:08","date_gmt":"2021-02-09T03:07:08","guid":{"rendered":"https:\/\/revistaepocadigital.com.ar\/?p=9033"},"modified":"2021-02-10T20:52:50","modified_gmt":"2021-02-10T23:52:50","slug":"la-omic-recorre-el-distrito","status":"publish","type":"post","link":"https:\/\/revistaepocadigital.com.ar\/?p=9033","title":{"rendered":"LA OMIC RECORRE EL DISTRITO"},"content":{"rendered":"<div class=\"kvgmc6g5 cxmmr5t8 oygrvhab hcukyx3x c1et5uql ii04i59q\">\n<div dir=\"auto\"><strong>\u00a0LA OFICINA MUNICIPAL DE INFORMACI\u00d3N AL CONSUMIDOR (OMIC).<\/strong><\/div>\n<\/div>\n<p><!--more--><\/p>\n<div class=\"o9v6fnle cxmmr5t8 oygrvhab hcukyx3x c1et5uql ii04i59q\">\n<div dir=\"auto\">Comenz\u00f3 a atender (9\/1) en forma itinerante, de tal forma se recorre las localidades del partido con un cronograma pre-establecido, y se acerca ese servicio a la comunidad.<\/div>\n<div dir=\"auto\"><\/div>\n<div dir=\"auto\">As\u00ed, el primer martes de cada mes la OMIC, a cargo del abogado C\u00e9sar Franzantti, estar\u00e1 en Parada Robes, en la oficina de Desarrollo Social, ubicada frente a la delegaci\u00f3n. En tanto el segundo martes de cada mes ser\u00e1 el turno de Los Cardales, en las oficinas de Gobierno, en San Mart\u00edn al 70.<\/div>\n<div dir=\"auto\"><\/div>\n<\/div>\n<div class=\"o9v6fnle cxmmr5t8 oygrvhab hcukyx3x c1et5uql ii04i59q\">\n<div dir=\"auto\">Cabe recordar que a trav\u00e9s de la p\u00e1gina de Gobierno Digital Abierto, se puede descargar el formulario de inicio de tr\u00e1mite en dicha oficina. Tambi\u00e9n en GDA es posible gestionar turnos, aunque s\u00f3lo para la atenci\u00f3n en Capilla del Se\u00f1or.<\/div>\n<div dir=\"auto\"><\/div>\n<\/div>\n","protected":false},"excerpt":{"rendered":"<p>\u00a0LA OFICINA MUNICIPAL DE INFORMACI\u00d3N AL CONSUMIDOR (OMIC).<\/p>\n","protected":false},"author":4,"featured_media":9035,"comment_status":"open","ping_status":"open","sticky":false,"template":"","format":"standard","meta":{"footnotes":"","jetpack_publicize_message":"","jetpack_publicize_feature_enabled":true,"jetpack_social_post_already_shared":false,"jetpack_social_options":{"image_generator_settings":{"template":"highway","default_image_id":0,"font":"","enabled":false},"version":2}},"categories":[13],"tags":[1215,589],"class_list":["post-9033","post","type-post","status-publish","format-standard","has-post-thumbnail","hentry","category-interes-general","tag-omic","tag-vecinos"],"jetpack_publicize_connections":[],"jetpack_featured_media_url":"https:\/\/revistaepocadigital.com.ar\/wp-content\/uploads\/2021\/02\/omic.jpg","jetpack_likes_enabled":true,"_links":{"self":[{"href":"https:\/\/revistaepocadigital.com.ar\/index.php?rest_route=\/wp\/v2\/posts\/9033","targetHints":{"allow":["GET"]}}],"collection":[{"href":"https:\/\/revistaepocadigital.com.ar\/index.php?rest_route=\/wp\/v2\/posts"}],"about":[{"href":"https:\/\/revistaepocadigital.com.ar\/index.php?rest_route=\/wp\/v2\/types\/post"}],"author":[{"embeddable":true,"href":"https:\/\/revistaepocadigital.com.ar\/index.php?rest_route=\/wp\/v2\/users\/4"}],"replies":[{"embeddable":true,"href":"https:\/\/revistaepocadigital.com.ar\/index.php?rest_route=%2Fwp%2Fv2%2Fcomments&post=9033"}],"version-history":[{"count":0,"href":"https:\/\/revistaepocadigital.com.ar\/index.php?rest_route=\/wp\/v2\/posts\/9033\/revisions"}],"wp:featuredmedia":[{"embeddable":true,"href":"https:\/\/revistaepocadigital.com.ar\/index.php?rest_route=\/wp\/v2\/media\/9035"}],"wp:attachment":[{"href":"https:\/\/revistaepocadigital.com.ar\/index.php?rest_route=%2Fwp%2Fv2%2Fmedia&parent=9033"}],"wp:term":[{"taxonomy":"category","embeddable":true,"href":"https:\/\/revistaepocadigital.com.ar\/index.php?rest_route=%2Fwp%2Fv2%2Fcategories&post=9033"},{"taxonomy":"post_tag","embeddable":true,"href":"https:\/\/revistaepocadigital.com.ar\/index.php?rest_route=%2Fwp%2Fv2%2Ftags&post=9033"}],"curies":[{"name":"wp","href":"https:\/\/api.w.org\/{rel}","templated":true}]}}