{"id":9051,"date":"2021-02-10T18:57:09","date_gmt":"2021-02-10T21:57:09","guid":{"rendered":"https:\/\/revistaepocadigital.com.ar\/?p=9051"},"modified":"2021-02-10T18:58:02","modified_gmt":"2021-02-10T21:58:02","slug":"no-habra-aumentos-en-las-retenciones-dijo-el-presidente","status":"publish","type":"post","link":"https:\/\/revistaepocadigital.com.ar\/?p=9051","title":{"rendered":"No habr\u00e1 aumentos en las retenciones dijo el presidente&#8230;"},"content":{"rendered":"<p>&nbsp;<\/p>\n<div class=\"section\">\n<div id=\"nota_details\" class=\"container \">\n<div class=\"notas_row\">\n<div class=\"row\">\n<div class=\"col-xs-12 col-sm-9 col-md-6 col-lg-8\">\n<div class=\"row\">\n<div class=\"col-12 col-sm-9\">\n<div class=\"nota_content mt-30\">\n<p><strong>LA REUNI\u00d3N DEL PRESIDENTE CON LA MESA DE ENLACE CON LA &#8220;AMENAZA&#8221; DE LA SUBA.<!--more--><\/strong><\/p>\n<p class=\"title\">El titular de Confederaciones Rurales Argentinas,\u00a0<strong>Jorge Chemes<\/strong>, asegur\u00f3 (10\/2) que<strong>\u00a0\u201cno va a haber incremento de retenciones ni intervenci\u00f3n en los mercados\u201d<\/strong> de exportaci\u00f3n de productos agropecuarios\u201d. Lo hizo a la salida del encuentro de la Mesa de Enlace con el presidente Alberto Fern\u00e1ndez en la Casa Rosada.<\/p>\n<p>\u201cVa a haber una continuidad y acercamiento para analizar c\u00f3mo est\u00e1n funcionando las cadenas de valor, porque nuestra participaci\u00f3n en el precio final es baja\u201d, dijo Chemes al apuntar a la comercializaci\u00f3n, la distribuci\u00f3n y la carga impositiva.<\/p>\n<div class=\"content cable-content\">El presidente se reuni\u00f3 en su despacho de la Casa Rosada con representantes de la Mesa de Enlace de Entidades Agropecuarias.\u00a0El mandatario estuvo acompa\u00f1ado por el ministro de Agricultura, Ganader\u00eda y Pesca, Luis Basterra; el canciller Felipe Sol\u00e1; el secretario de Asuntos Estrat\u00e9gicos, Gustavo B\u00e9liz, y la vicejefa de Gabinete, Cecilia Todesca.<\/div>\n<div class=\"content cable-content\">\n<p>&nbsp;<\/p>\n<p>Por parte de la Mesa de Enlace, participaron los presidentes de la Sociedad Rural Argentina, Daniel Pelegrina; de Confederaciones Rurales Argentinas, Jorge Chemes; de Coninagro, Carlos Iannizzotto, y de la Federaci\u00f3n Agraria Argentina, Carlos Achetoni.<\/p>\n<\/div>\n<\/div>\n<\/div>\n<\/div>\n<\/div>\n<div class=\"col-xs-12 col-sm-6 col-md-4 col-lg-4\">\n<div class=\"float-right text-center\">\n<div id=\"nota_mas_vistas\"><\/div>\n<\/div>\n<\/div>\n<\/div>\n<div id=\"home_clone\">\n<div id=\"relacionadas_row\" class=\"row aat\">\n<div class=\"col-12 col-sm-6 col-lg-4 mt-lg-0\">\n<article class=\"nota nota--col has_image has_bajada\">\n<div class=\"nota__imagen\"><\/div>\n<\/article>\n<\/div>\n<\/div>\n<\/div>\n<\/div>\n<\/div>\n<\/div>\n<p>&nbsp;<\/p>\n<footer>\n<div class=\"container-fluid\">\n<div class=\"col-md-8\">Fuente: Diario La Capital (Mar del Plata)<\/div>\n<\/div>\n<\/footer>\n","protected":false},"excerpt":{"rendered":"<p>&nbsp; LA REUNI\u00d3N DEL PRESIDENTE CON LA MESA DE ENLACE CON LA &#8220;AMENAZA&#8221; DE LA SUBA.<\/p>\n","protected":false},"author":3,"featured_media":9054,"comment_status":"open","ping_status":"open","sticky":false,"template":"","format":"standard","meta":{"footnotes":"","jetpack_publicize_message":"","jetpack_publicize_feature_enabled":true,"jetpack_social_post_already_shared":false,"jetpack_social_options":{"image_generator_settings":{"template":"highway","default_image_id":0,"font":"","enabled":false},"version":2}},"categories":[17],"tags":[765,1214,609],"class_list":["post-9051","post","type-post","status-publish","format-standard","has-post-thumbnail","hentry","category-politica","tag-gobierno","tag-mesa-enlace","tag-retenciones"],"jetpack_publicize_connections":[],"jetpack_featured_media_url":"https:\/\/revistaepocadigital.com.ar\/wp-content\/uploads\/2021\/02\/b5P-SHve-1.jpg","jetpack_likes_enabled":true,"_links":{"self":[{"href":"https:\/\/revistaepocadigital.com.ar\/index.php?rest_route=\/wp\/v2\/posts\/9051","targetHints":{"allow":["GET"]}}],"collection":[{"href":"https:\/\/revistaepocadigital.com.ar\/index.php?rest_route=\/wp\/v2\/posts"}],"about":[{"href":"https:\/\/revistaepocadigital.com.ar\/index.php?rest_route=\/wp\/v2\/types\/post"}],"author":[{"embeddable":true,"href":"https:\/\/revistaepocadigital.com.ar\/index.php?rest_route=\/wp\/v2\/users\/3"}],"replies":[{"embeddable":true,"href":"https:\/\/revistaepocadigital.com.ar\/index.php?rest_route=%2Fwp%2Fv2%2Fcomments&post=9051"}],"version-history":[{"count":0,"href":"https:\/\/revistaepocadigital.com.ar\/index.php?rest_route=\/wp\/v2\/posts\/9051\/revisions"}],"wp:featuredmedia":[{"embeddable":true,"href":"https:\/\/revistaepocadigital.com.ar\/index.php?rest_route=\/wp\/v2\/media\/9054"}],"wp:attachment":[{"href":"https:\/\/revistaepocadigital.com.ar\/index.php?rest_route=%2Fwp%2Fv2%2Fmedia&parent=9051"}],"wp:term":[{"taxonomy":"category","embeddable":true,"href":"https:\/\/revistaepocadigital.com.ar\/index.php?rest_route=%2Fwp%2Fv2%2Fcategories&post=9051"},{"taxonomy":"post_tag","embeddable":true,"href":"https:\/\/revistaepocadigital.com.ar\/index.php?rest_route=%2Fwp%2Fv2%2Ftags&post=9051"}],"curies":[{"name":"wp","href":"https:\/\/api.w.org\/{rel}","templated":true}]}}