{"id":9105,"date":"2021-02-16T22:39:23","date_gmt":"2021-02-17T01:39:23","guid":{"rendered":"https:\/\/revistaepocadigital.com.ar\/?p=9105"},"modified":"2021-02-21T23:47:50","modified_gmt":"2021-02-22T02:47:50","slug":"campana-de-preinscripcion-para-vacunarse-los-de-70-anos-anotados-reciben-turnos","status":"publish","type":"post","link":"https:\/\/revistaepocadigital.com.ar\/?p=9105","title":{"rendered":"Sputnik V, campa\u00f1a de preinscripci\u00f3n. Los de 70 a\u00f1os anotados reciben turnos para vacunarse"},"content":{"rendered":"<div class=\"o9v6fnle cxmmr5t8 oygrvhab hcukyx3x c1et5uql ii04i59q\">\n<div dir=\"auto\"><strong>EN MARCHA LA CAMPA\u00d1A EN EL DISTRITO Y COMIENZA LA VACUNACI\u00d3N A LOS ANOTADOS DE 70 O M\u00c1S A\u00d1OS DE EDAD.<\/strong><\/div>\n<\/div>\n<p><!--more--><\/p>\n<div class=\"o9v6fnle cxmmr5t8 oygrvhab hcukyx3x c1et5uql ii04i59q\">\n<div dir=\"auto\">\n<div class=\"o9v6fnle cxmmr5t8 oygrvhab hcukyx3x c1et5uql ii04i59q\">\n<div dir=\"auto\">Es para recibir la Sputnik V contra el Covid-19, a modo de prevenir la enfermedad. Recorre puerta por puerta de vecinos, el personal que inscribe en planillas a aquellas personas que est\u00e9n dispuestas a recibir la vacuna, aun cuando no pertenezcan a los grupos de riesgo que ya fueron convocados.<\/div>\n<div dir=\"auto\"><\/div>\n<\/div>\n<\/div>\n<\/div>\n<div class=\"o9v6fnle cxmmr5t8 oygrvhab hcukyx3x c1et5uql ii04i59q\">\n<div dir=\"auto\">Encabezado por la secretaria de coordinaci\u00f3n general, Mar\u00eda Luz Bozzani, en Capilla del Se\u00f1or se visitaron los Barrios Mar\u00edn, El Bajo y Alto Norte, entre otros sectores. En Los Cardales, se recorrieron los Barrios Solidaridad, Cinco Esquinas y el centro de la localidad.<\/div>\n<\/div>\n<div class=\"o9v6fnle cxmmr5t8 oygrvhab hcukyx3x c1et5uql ii04i59q\">\n<div dir=\"auto\"><\/div>\n<div dir=\"auto\">&#8220;Es importante anotarse, a\u00faun cuando no seas grupo de riesgo. De esa manera ya est\u00e1s en la lista, para que te convoquen ni bien sea tu turno. Record\u00e1 que la pandemia no termin\u00f3, y nos seguimos cuidando entre todos&#8221;, difundieron desde el municipio.<\/div>\n<\/div>\n","protected":false},"excerpt":{"rendered":"<p>EN MARCHA LA CAMPA\u00d1A EN EL DISTRITO Y COMIENZA LA VACUNACI\u00d3N A LOS ANOTADOS DE 70 O M\u00c1S A\u00d1OS DE EDAD.<\/p>\n","protected":false},"author":4,"featured_media":9106,"comment_status":"open","ping_status":"open","sticky":false,"template":"","format":"standard","meta":{"footnotes":"","jetpack_publicize_message":"","jetpack_publicize_feature_enabled":true,"jetpack_social_post_already_shared":false,"jetpack_social_options":{"image_generator_settings":{"template":"highway","default_image_id":0,"font":"","enabled":false},"version":2}},"categories":[81,6,14],"tags":[112,894],"class_list":["post-9105","post","type-post","status-publish","format-standard","has-post-thumbnail","hentry","category-anses","category-barrios","category-la-gente","tag-campana","tag-vacunacion"],"jetpack_publicize_connections":[],"jetpack_featured_media_url":"https:\/\/revistaepocadigital.com.ar\/wp-content\/uploads\/2021\/02\/149571236_4092803027439292_7533208193457117846_o.jpg","jetpack_likes_enabled":true,"_links":{"self":[{"href":"https:\/\/revistaepocadigital.com.ar\/index.php?rest_route=\/wp\/v2\/posts\/9105","targetHints":{"allow":["GET"]}}],"collection":[{"href":"https:\/\/revistaepocadigital.com.ar\/index.php?rest_route=\/wp\/v2\/posts"}],"about":[{"href":"https:\/\/revistaepocadigital.com.ar\/index.php?rest_route=\/wp\/v2\/types\/post"}],"author":[{"embeddable":true,"href":"https:\/\/revistaepocadigital.com.ar\/index.php?rest_route=\/wp\/v2\/users\/4"}],"replies":[{"embeddable":true,"href":"https:\/\/revistaepocadigital.com.ar\/index.php?rest_route=%2Fwp%2Fv2%2Fcomments&post=9105"}],"version-history":[{"count":0,"href":"https:\/\/revistaepocadigital.com.ar\/index.php?rest_route=\/wp\/v2\/posts\/9105\/revisions"}],"wp:featuredmedia":[{"embeddable":true,"href":"https:\/\/revistaepocadigital.com.ar\/index.php?rest_route=\/wp\/v2\/media\/9106"}],"wp:attachment":[{"href":"https:\/\/revistaepocadigital.com.ar\/index.php?rest_route=%2Fwp%2Fv2%2Fmedia&parent=9105"}],"wp:term":[{"taxonomy":"category","embeddable":true,"href":"https:\/\/revistaepocadigital.com.ar\/index.php?rest_route=%2Fwp%2Fv2%2Fcategories&post=9105"},{"taxonomy":"post_tag","embeddable":true,"href":"https:\/\/revistaepocadigital.com.ar\/index.php?rest_route=%2Fwp%2Fv2%2Ftags&post=9105"}],"curies":[{"name":"wp","href":"https:\/\/api.w.org\/{rel}","templated":true}]}}