{"id":911,"date":"2018-12-19T13:34:31","date_gmt":"2018-12-19T16:34:31","guid":{"rendered":"https:\/\/revistaepocadigital.com.ar\/?p=911"},"modified":"2018-12-19T13:34:31","modified_gmt":"2018-12-19T16:34:31","slug":"el-dia","status":"publish","type":"post","link":"https:\/\/revistaepocadigital.com.ar\/?p=911","title":{"rendered":"EL D\u00cdA"},"content":{"rendered":"<p><strong>COMO TODOS LOS A\u00d1OS.<\/strong><!--more--><\/p>\n<p><strong>Los Cardales<\/strong> festej\u00f3 esta vez el 116\u00ba aniversario. Se desarroll\u00f3 el acto oficial encabezado por el intendente <strong>Adri\u00e1n S\u00e1nchez<\/strong> junto a funcionarios, concejales y representantes de entidades.<\/p>\n<figure id=\"attachment_914\" aria-describedby=\"caption-attachment-914\" style=\"width: 960px\" class=\"wp-caption alignnone\"><img loading=\"lazy\" decoding=\"async\" class=\"size-full wp-image-914\" src=\"https:\/\/revistaepocadigital.com.ar\/wp-content\/uploads\/2018\/12\/carda.12-18.jpg\" alt=\"\" width=\"960\" height=\"640\" srcset=\"https:\/\/revistaepocadigital.com.ar\/wp-content\/uploads\/2018\/12\/carda.12-18.jpg 960w, https:\/\/revistaepocadigital.com.ar\/wp-content\/uploads\/2018\/12\/carda.12-18-300x200.jpg 300w, https:\/\/revistaepocadigital.com.ar\/wp-content\/uploads\/2018\/12\/carda.12-18-768x512.jpg 768w, https:\/\/revistaepocadigital.com.ar\/wp-content\/uploads\/2018\/12\/carda.12-18-696x464.jpg 696w, https:\/\/revistaepocadigital.com.ar\/wp-content\/uploads\/2018\/12\/carda.12-18-630x420.jpg 630w\" sizes=\"auto, (max-width: 960px) 100vw, 960px\" \/><figcaption id=\"caption-attachment-914\" class=\"wp-caption-text\">El comienzo del acto oficial con el izamiento de la bandera.<\/figcaption><\/figure>\n<p>Los Cardales es el <strong>reflejo<\/strong> del sostenido crecimiento, m\u00e1s all\u00e1 de los avatares del pa\u00eds que datan de muchos a\u00f1os atr\u00e1s. Su comunidad, para resaltar, se encuentra muy mancomunada y cada vecino, desde el lugar que ocupe, a diario hacen crecer a Cardales.<\/p>\n<figure id=\"attachment_917\" aria-describedby=\"caption-attachment-917\" style=\"width: 696px\" class=\"wp-caption alignnone\"><img loading=\"lazy\" decoding=\"async\" class=\"size-large wp-image-917\" src=\"https:\/\/revistaepocadigital.com.ar\/wp-content\/uploads\/2018\/12\/cardale-fiesta-18-1024x683.jpg\" alt=\"\" width=\"696\" height=\"464\" srcset=\"https:\/\/revistaepocadigital.com.ar\/wp-content\/uploads\/2018\/12\/cardale-fiesta-18-1024x683.jpg 1024w, https:\/\/revistaepocadigital.com.ar\/wp-content\/uploads\/2018\/12\/cardale-fiesta-18-300x200.jpg 300w, https:\/\/revistaepocadigital.com.ar\/wp-content\/uploads\/2018\/12\/cardale-fiesta-18-768x512.jpg 768w, https:\/\/revistaepocadigital.com.ar\/wp-content\/uploads\/2018\/12\/cardale-fiesta-18-696x464.jpg 696w, https:\/\/revistaepocadigital.com.ar\/wp-content\/uploads\/2018\/12\/cardale-fiesta-18-1068x712.jpg 1068w, https:\/\/revistaepocadigital.com.ar\/wp-content\/uploads\/2018\/12\/cardale-fiesta-18-630x420.jpg 630w, https:\/\/revistaepocadigital.com.ar\/wp-content\/uploads\/2018\/12\/cardale-fiesta-18-1260x840.jpg 1260w, https:\/\/revistaepocadigital.com.ar\/wp-content\/uploads\/2018\/12\/cardale-fiesta-18-1920x1280.jpg 1920w\" sizes=\"auto, (max-width: 696px) 100vw, 696px\" \/><figcaption id=\"caption-attachment-917\" class=\"wp-caption-text\">Un reflejo de las acciones comunitarias, profesionales del CAPS y miembros de la cooperadora.<\/figcaption><\/figure>\n<p>Hubo diversas actividades durante el d\u00eda de festejos (16 de diciembre), y como ocurriera el <strong>14 de Setiembre en Capilla del Se\u00f1or,<\/strong> artistas locales en una iniciativa para que se reitere, protagonizaron los espect\u00e1culos para la gente y visitantes.<\/p>\n<p>&nbsp;<\/p>\n<p>Fotos: prensa municipalidad<\/p>\n","protected":false},"excerpt":{"rendered":"<p>COMO TODOS LOS A\u00d1OS.<\/p>\n","protected":false},"author":3,"featured_media":915,"comment_status":"open","ping_status":"open","sticky":false,"template":"","format":"standard","meta":{"footnotes":"","jetpack_publicize_message":"","jetpack_publicize_feature_enabled":true,"jetpack_social_post_already_shared":false,"jetpack_social_options":{"image_generator_settings":{"template":"highway","default_image_id":0,"font":"","enabled":false},"version":2}},"categories":[4],"tags":[37,91],"class_list":["post-911","post","type-post","status-publish","format-standard","has-post-thumbnail","hentry","category-aqui-los-cardales","tag-destacada","tag-festejos-116-aniversario-2018"],"jetpack_publicize_connections":[],"jetpack_featured_media_url":"https:\/\/revistaepocadigital.com.ar\/wp-content\/uploads\/2018\/12\/cardale-12-18.jpg","jetpack_likes_enabled":true,"_links":{"self":[{"href":"https:\/\/revistaepocadigital.com.ar\/index.php?rest_route=\/wp\/v2\/posts\/911","targetHints":{"allow":["GET"]}}],"collection":[{"href":"https:\/\/revistaepocadigital.com.ar\/index.php?rest_route=\/wp\/v2\/posts"}],"about":[{"href":"https:\/\/revistaepocadigital.com.ar\/index.php?rest_route=\/wp\/v2\/types\/post"}],"author":[{"embeddable":true,"href":"https:\/\/revistaepocadigital.com.ar\/index.php?rest_route=\/wp\/v2\/users\/3"}],"replies":[{"embeddable":true,"href":"https:\/\/revistaepocadigital.com.ar\/index.php?rest_route=%2Fwp%2Fv2%2Fcomments&post=911"}],"version-history":[{"count":0,"href":"https:\/\/revistaepocadigital.com.ar\/index.php?rest_route=\/wp\/v2\/posts\/911\/revisions"}],"wp:featuredmedia":[{"embeddable":true,"href":"https:\/\/revistaepocadigital.com.ar\/index.php?rest_route=\/wp\/v2\/media\/915"}],"wp:attachment":[{"href":"https:\/\/revistaepocadigital.com.ar\/index.php?rest_route=%2Fwp%2Fv2%2Fmedia&parent=911"}],"wp:term":[{"taxonomy":"category","embeddable":true,"href":"https:\/\/revistaepocadigital.com.ar\/index.php?rest_route=%2Fwp%2Fv2%2Fcategories&post=911"},{"taxonomy":"post_tag","embeddable":true,"href":"https:\/\/revistaepocadigital.com.ar\/index.php?rest_route=%2Fwp%2Fv2%2Ftags&post=911"}],"curies":[{"name":"wp","href":"https:\/\/api.w.org\/{rel}","templated":true}]}}