{"id":9110,"date":"2021-02-18T16:29:01","date_gmt":"2021-02-18T19:29:01","guid":{"rendered":"https:\/\/revistaepocadigital.com.ar\/?p=9110"},"modified":"2021-02-20T00:35:52","modified_gmt":"2021-02-20T03:35:52","slug":"nanni","status":"publish","type":"post","link":"https:\/\/revistaepocadigital.com.ar\/?p=9110","title":{"rendered":"El intendente molesto por mensajes en redes sociales"},"content":{"rendered":"<div>\n<div class=\"\" dir=\"auto\">\n<div id=\"jsc_c_3vl\" class=\"ecm0bbzt hv4rvrfc e5nlhep0 dati1w0a\" data-ad-comet-preview=\"message\" data-ad-preview=\"message\">\n<div class=\"j83agx80 cbu4d94t ew0dbk1b irj2b8pg\">\n<div class=\"qzhwtbm6 knvmm38d\">\n<div class=\"kvgmc6g5 cxmmr5t8 oygrvhab hcukyx3x c1et5uql ii04i59q\">\n<div dir=\"auto\"><strong>NANNI VOLVI\u00d3 A USAR LA RED SOCIAL FACEBOOK PARA REPLICAR.<!--more--><\/strong><\/div>\n<div dir=\"auto\"><\/div>\n<div dir=\"auto\">A nuestra comunidad:<\/div>\n<\/div>\n<div class=\"o9v6fnle cxmmr5t8 oygrvhab hcukyx3x c1et5uql ii04i59q\">\n<div dir=\"auto\">Antes que Intendente, soy vecino, conocido y amigo de mucha gente de m\u00ed querido Cardales, donde me cri\u00e9 y crec\u00ed.<\/div>\n<\/div>\n<div class=\"o9v6fnle cxmmr5t8 oygrvhab hcukyx3x c1et5uql ii04i59q\">\n<div dir=\"auto\">Amo a Exaltaci\u00f3n de la Cruz, donde desarrollo m\u00ed vida y decid\u00ed formar una familia, y hago m\u00ed aporte a la comunidad, sabiendo que en ese camino puedo tener alguna diferencia con algunos vecinos, pero siempre en un marco de respeto.<\/div>\n<\/div>\n<div class=\"o9v6fnle cxmmr5t8 oygrvhab hcukyx3x c1et5uql ii04i59q\">\n<div dir=\"auto\">Quienes decidieron que yo ocupe este cargo, con la responsabilidad y el compromiso que me genera, fue la propia comunidad, y es una tarea en la que me siento muy acompa\u00f1ado, sobre todo en este momento hist\u00f3rico tan complejo.<\/div>\n<\/div>\n<div class=\"o9v6fnle cxmmr5t8 oygrvhab hcukyx3x c1et5uql ii04i59q\">\n<div dir=\"auto\">Hoy, vecinos que conozco y otros que se esconden bajo perfiles inventados, se aprovechan del dif\u00edcil momento que nos toca pasar como familia, para instalar una imagen que poco cuida la esencia de nuestro hermoso Pueblo y el sentido solidario que tiene su gente, conspirando contra el respeto y la armon\u00eda en las relaciones personales, atacando lo que nos diferencia como exaltacrucenses.<\/div>\n<\/div>\n<div class=\"o9v6fnle cxmmr5t8 oygrvhab hcukyx3x c1et5uql ii04i59q\">\n<div dir=\"auto\">En ning\u00fan caso la pol\u00edtica puede socavar nuestras ra\u00edces, y lejos de m\u00ed caso personal, NO dejemos que el ODIO que a veces se expresa en las redes le ganen a la esperanza, a la lucha por objetivos en com\u00fan y al amor, a\u00fan cualquier diferencia.<\/div>\n<\/div>\n<div dir=\"auto\"><\/div>\n<\/div>\n<div dir=\"auto\">\n<figure id=\"attachment_9140\" aria-describedby=\"caption-attachment-9140\" style=\"width: 675px\" class=\"wp-caption aligncenter\"><img loading=\"lazy\" decoding=\"async\" class=\"size-large wp-image-9140\" src=\"https:\/\/revistaepocadigital.com.ar\/wp-content\/uploads\/2021\/02\/151297418_425255941890264_6871269659986315125_n-675x1200.jpg\" alt=\"\" width=\"675\" height=\"1200\" srcset=\"https:\/\/revistaepocadigital.com.ar\/wp-content\/uploads\/2021\/02\/151297418_425255941890264_6871269659986315125_n-675x1200.jpg 675w, https:\/\/revistaepocadigital.com.ar\/wp-content\/uploads\/2021\/02\/151297418_425255941890264_6871269659986315125_n-169x300.jpg 169w, https:\/\/revistaepocadigital.com.ar\/wp-content\/uploads\/2021\/02\/151297418_425255941890264_6871269659986315125_n-696x1238.jpg 696w, https:\/\/revistaepocadigital.com.ar\/wp-content\/uploads\/2021\/02\/151297418_425255941890264_6871269659986315125_n-236x420.jpg 236w, https:\/\/revistaepocadigital.com.ar\/wp-content\/uploads\/2021\/02\/151297418_425255941890264_6871269659986315125_n-472x840.jpg 472w, https:\/\/revistaepocadigital.com.ar\/wp-content\/uploads\/2021\/02\/151297418_425255941890264_6871269659986315125_n.jpg 750w\" sizes=\"auto, (max-width: 675px) 100vw, 675px\" \/><figcaption id=\"caption-attachment-9140\" class=\"wp-caption-text\">En redes sociales, el intendente recibi\u00f3 cr\u00edticas que consider\u00f3 fuera de lugar y replic\u00f3 en su cuenta en Facebook.<\/figcaption><\/figure>\n<\/div>\n<\/div>\n<\/div>\n<\/div>\n<\/div>\n<p>&nbsp;<\/p>\n","protected":false},"excerpt":{"rendered":"<p>NANNI VOLVI\u00d3 A USAR LA RED SOCIAL FACEBOOK PARA REPLICAR.<\/p>\n","protected":false},"author":3,"featured_media":9152,"comment_status":"open","ping_status":"open","sticky":false,"template":"","format":"standard","meta":{"footnotes":"","jetpack_publicize_message":"","jetpack_publicize_feature_enabled":true,"jetpack_social_post_already_shared":false,"jetpack_social_options":{"image_generator_settings":{"template":"highway","default_image_id":0,"font":"","enabled":false},"version":2}},"categories":[17],"tags":[1219,66],"class_list":["post-9110","post","type-post","status-publish","format-standard","has-post-thumbnail","hentry","category-politica","tag-criticas","tag-nanni"],"jetpack_publicize_connections":[],"jetpack_featured_media_url":"https:\/\/revistaepocadigital.com.ar\/wp-content\/uploads\/2021\/02\/151283004_1126979977722071_8891058328110885875_n.jpg","jetpack_likes_enabled":true,"_links":{"self":[{"href":"https:\/\/revistaepocadigital.com.ar\/index.php?rest_route=\/wp\/v2\/posts\/9110","targetHints":{"allow":["GET"]}}],"collection":[{"href":"https:\/\/revistaepocadigital.com.ar\/index.php?rest_route=\/wp\/v2\/posts"}],"about":[{"href":"https:\/\/revistaepocadigital.com.ar\/index.php?rest_route=\/wp\/v2\/types\/post"}],"author":[{"embeddable":true,"href":"https:\/\/revistaepocadigital.com.ar\/index.php?rest_route=\/wp\/v2\/users\/3"}],"replies":[{"embeddable":true,"href":"https:\/\/revistaepocadigital.com.ar\/index.php?rest_route=%2Fwp%2Fv2%2Fcomments&post=9110"}],"version-history":[{"count":0,"href":"https:\/\/revistaepocadigital.com.ar\/index.php?rest_route=\/wp\/v2\/posts\/9110\/revisions"}],"wp:featuredmedia":[{"embeddable":true,"href":"https:\/\/revistaepocadigital.com.ar\/index.php?rest_route=\/wp\/v2\/media\/9152"}],"wp:attachment":[{"href":"https:\/\/revistaepocadigital.com.ar\/index.php?rest_route=%2Fwp%2Fv2%2Fmedia&parent=9110"}],"wp:term":[{"taxonomy":"category","embeddable":true,"href":"https:\/\/revistaepocadigital.com.ar\/index.php?rest_route=%2Fwp%2Fv2%2Fcategories&post=9110"},{"taxonomy":"post_tag","embeddable":true,"href":"https:\/\/revistaepocadigital.com.ar\/index.php?rest_route=%2Fwp%2Fv2%2Ftags&post=9110"}],"curies":[{"name":"wp","href":"https:\/\/api.w.org\/{rel}","templated":true}]}}