{"id":9128,"date":"2021-02-18T17:21:35","date_gmt":"2021-02-18T20:21:35","guid":{"rendered":"https:\/\/revistaepocadigital.com.ar\/?p=9128"},"modified":"2021-02-18T17:27:21","modified_gmt":"2021-02-18T20:27:21","slug":"tema-candente-esta-todo-lista-para-el-inicio-de-las-clases-habla-patricio-diez-presidente-del-consejo-escolar","status":"publish","type":"post","link":"https:\/\/revistaepocadigital.com.ar\/?p=9128","title":{"rendered":"Tema candente, \u00bfest\u00e1 todo listo para el inicio de las clases?, habla Patricio Diez, presidente del Consejo Escolar"},"content":{"rendered":"<div class=\"jb_0 X_6MGW N_6Fd5\">\n<div id=\"yiv8161949558\">\n<div dir=\"ltr\">\n<p><strong>COMO EST\u00c1N LAS COSAS.<!--more--><img decoding=\"async\" src=\"data:image\/gif;base64,R0lGODlhAQABAIAAAAAAAP\/\/\/yH5BAEAAAAALAAAAAABAAEAAAIBRAA7\" \/><\/strong><\/p>\n<p>La vuelta de los chicos a clases luego de un a\u00f1o de par\u00e9ntesis por la pandemia, que llev\u00f3 al dictado en forma virtual, ha origindo una gran controversia y sigue perdurando a pocos d\u00edas del comienzo, sumado a otras problem\u00e1ticas. Asuntos en los que tiene injerencia y los afronta el Consejo Escolar de Exaltaci\u00f3n de la Cruz. Ante el tema candente, EPOCA entrevist\u00f3 al abogado <strong>Patricio Diez,<\/strong> presidente del Consejo.<\/p>\n<p><em>\u201cDesde el Consejo Escolar aguardamos expectantes el inicio del ciclo lectivo, y en lo que al Consejo se refiere, trabajando siempre con el objetivo puesto en los establecimientos educativos de Exaltaci\u00f3n de la Cruz, en lo que hace a cuestiones edilicias, mantenimientos, obras, alimentos, elementos de limpieza\u201d,<\/em> comenz\u00f3 diciendo.<\/p>\n<p>-\u00bfC\u00f3mo observa el comienzo de las clases, que clima nota en los docentes?, especulaciones a nivel nacional y provincial, indican que ciertos sectores m\u00e1s duros, no estar\u00edan muy de acuerdo con el inicio de las clases presenciales.<\/p>\n<p><em>-Obviamente en Exaltaci\u00f3n de la Cruz, el comienzo de las clases no depende del Consejo Escolar, son decisiones provinciales, nacionales. Ahora, sobre la actitud de los maestros frente a la puesta en marcha del ciclo lectivo 2021, existe un gran desconcierto por el tema de los inicios de clases, ya que hay una demora en la entrega de los productos de limpieza y desinfecci\u00f3n, debido a que las compras ahora la hace directamente el ministerio, y la entrega y distribuci\u00f3n no depende m\u00e1s de Consejo.<\/em><\/p>\n<\/div>\n<figure id=\"attachment_9133\" aria-describedby=\"caption-attachment-9133\" style=\"width: 225px\" class=\"wp-caption aligncenter\"><img loading=\"lazy\" decoding=\"async\" class=\"size-full wp-image-9133\" src=\"https:\/\/revistaepocadigital.com.ar\/wp-content\/uploads\/2021\/02\/images.jpg\" alt=\"\" width=\"225\" height=\"224\" srcset=\"https:\/\/revistaepocadigital.com.ar\/wp-content\/uploads\/2021\/02\/images.jpg 225w, https:\/\/revistaepocadigital.com.ar\/wp-content\/uploads\/2021\/02\/images-150x150.jpg 150w\" sizes=\"auto, (max-width: 225px) 100vw, 225px\" \/><figcaption id=\"caption-attachment-9133\" class=\"wp-caption-text\">El Consejo Escolar<\/figcaption><\/figure>\n<div dir=\"ltr\">\n<p>Para la reapertura de las clases presenciales, deben cumplirse en todo el pa\u00eds, una serie de requisitos establecidos por protocolos sanitarios. \u201c<em>En lo hace al Consejo Escolar, proveeremos a escuela de agua potable, estamos haciendo arreglos en las escuela con el bajo presupuesto que maneja consejo escolar, veremos si la plata a recibir, ser\u00e1 suficiente\u201d,<\/em> especific\u00f3<strong> Diez<\/strong>. &#8220;En cuanto a elementos para desinfectar y <em>para prevenci\u00f3n, barbijos, alcohol en gel, etc,<\/em> -ampli\u00f3 el titular del Consejo- <em>cada direcci\u00f3n de las escuelas va a recibir el monto de 15 mil pesos, y el resto como digo depende directamente del Ministerio\u201d<\/em><\/p>\n<p><em>\u201cEn lo que hace a los elementos de limpieza<\/em> \u2013pomenoriz\u00f3 Diez-, n<em>os comunicaron desde la Direcci\u00f3n General de Cultura y Educaci\u00f3n de la provincia, as\u00ed como a todos los consejos escolares, que la provisi\u00f3n de los mismos se hace con un nuevo sistema que hace que sean adjudicados por la Direcci\u00f3n de Cultura provincial y, por otro lado, se dispensa a los auxiliares de las escuelas por tener patologias de riesgo<\/em> <em>y m\u00e1s edad<\/em> (que superen los 60 a\u00f1os)<em> en el marco de las medidas adoptadas debido a la pandemia que tan ocupados y preocupados nos tiene a todos en nuestro pa\u00eds en especial\u201d.<\/em><\/p>\n<p>Sobre las tareas como limpiezas de tanques de agua, se est\u00e1 haciendo cargo el Consejo Escolar, utiliz\u00e1ndose una partida de dinero especial; <em>\u201cde la misma manera trabajamos junto al municipio para efectuar fumigaciones y an\u00e1lisis de agua, y en lo que hace a cortes de pasto lo hacemos con partidas propias y con ayuda del Municipio&#8221;,<\/em> detall\u00f3 Diez.<\/p>\n<p>Despu\u00e9s habl\u00f3 de un aspecto relevante y que se encuentra en la atenci\u00f3n permanente,el estado de las edificiones de las escuelas,<em> \u201cel relevamiento de edificios, se encuentra a cargo de la Direcci\u00f3n Provincial de Insfraestructura Escolar a traves de su Arquitecto distrital \u00a0con injerencia en nuestro partido\u201d.<\/em> Y acot\u00f3, <em>&#8220;por otro lado, hicimos un relevamiento de conexiones de gas, y el informe lo enviamos a la provincia y en donde las tareas de refacci\u00f3n las lleva adelante el municipio\u201d<\/em><\/p>\n<p>\u00bfY los alimentos que se distribuyen en escuelas?, esquema que se ha venido manteniendo desde la interrupci\u00f3n de las clases en marzo del a\u00f1o pasado a consecuencia del coronavirus, el Consejo se encarga de gestionarlos, recibirlos y entregarlos a las escuelas. Ahora bien, los montos en dinero para comprarlos no han sido aumentados. En marzo pr\u00f3ximo, se va a\u00a0 efectuar una nueva licitaci\u00f3n. Lo que se prioriza es la log\u00edstica y la calidad de los alimentos.<\/p>\n<p>En materia pol\u00edtica, habida cuenta que transitamos un a\u00f1o electoral, EPOCA tambi\u00e9n convers\u00f3 con Diez. En el Consejo Escolar se produjo la renuncia del consejero Esturo (Juntos por el Cambio), residente en el Barrio Sakura, de 81 a\u00f1os, quien fue elegido en las elecciones de 2017. <em>\u201c\u00bfCu\u00e1l fue el motivo de su alejamiento?, present\u00f3 la renuncia por cuestiones personales. As\u00ed entonces, Bel\u00e9n Irigoyen pas\u00f3 a ocupar el cargo de tesorera e ingres\u00f3 Vanesa Sicardi en representaci\u00f3n de Juntos por el Cambio, vecina que vive en Los Cardales\u201d.<\/em><\/p>\n<p>En las elecciones pr\u00f3ximas a Diez, Irigoyen y Sicardi, se les vence el mandato, por lo que para continuar deber\u00edan volver a integrar las listas y participar. Cuando EPOCA consult\u00f3 a Diez, acerca de si se presentar\u00eda nuevamente como candidato a consejero dijo <em>\u201ca\u00fan es prematuro hablar de candidaturas, estamos abocados a nuestra labor en el\u00a0 Consejo, veremos m\u00e1s adelante\u201d<\/em><\/p>\n<p><strong>LOS PROVEEDORES LOCALES<\/strong><\/p>\n<p>Patricio Diez hizo hincapi\u00e9 en un tema que resulta importante. El Consejo Escolar ahora no puede tener como proveedores a comercios locales como siempre ha ocurrido; se da porque los comercios deben estar inscriptos como proveedores de la provincia de Buenos Aires. <em>\u201cSiempre se ha tratado de hacer compras en el distrito \u2013mencion\u00f3-, como por ejemplo en elementos y materiales que hacen a conexiones el\u00e9ctricas, de gas y mantenimiento general en las escuelas; como digo, ahora desde la provincia se exigen que los proveedores se encuentren inscriptos ante la gobernaci\u00f3n\u201d.<\/em><\/p>\n<p>\u201c<em>Por otro lado, hay montos m\u00e1ximos para compras, unas podr\u00e1n hacerse en forma directa y otras por licitaci\u00f3n. Justamente desde el Consejo estamos abocados a la compra de la pintura para las instalaciones de la Escuela secundaria n\u00ba1 de Cardales y la Escuela n\u00ba4 de Parada Robles. El monto a comprar es de 650 mil pesos, y cuando supera los 400 mil pesos hay que hacer una licitaci\u00f3n o cotejo de precios y debido a lo que coment\u00e9 antes, sobre la inscripci\u00f3n de proveedores, en el listado que nos enviaron desde la gobernaci\u00f3n, no figura ning\u00fan proveedor de Exaltaci\u00f3n de la Cruz. Es decir que adem\u00e1s de\u00a0 encontrarse inscriptos ante el Consejo Escolar, tambi\u00e9n deben estarlo ante la gobernaci\u00f3n<\/em>\u201d.<\/p>\n<p>Entonces si se hace necesario llamar a licitaci\u00f3n explic\u00f3 que, <em>\u201cla provincia publica los pliegos y los requisitos para los pliegos y una vez que se define los t\u00e9rminos de la contrataci\u00f3n, se publica en el bolet\u00edn oficial y se invita a los proveedores a participar. Y una vez seleccionada la mejor oferta se efect\u00faa la adjudicaci\u00f3n en unos 8 d\u00edas en adelante y a continuaci\u00f3n es entregado los materiales y comienzan los trabajos. Estamos sugiriendo desde el Consejo a que proveedores locales, se inscriban en la provincia\u201d<\/em>.<\/p>\n<\/div>\n<\/div>\n<\/div>\n<p>Fotos: archivo 2\/20<\/p>\n","protected":false},"excerpt":{"rendered":"<p>COMO EST\u00c1N LAS COSAS.<\/p>\n","protected":false},"author":4,"featured_media":9132,"comment_status":"open","ping_status":"open","sticky":false,"template":"","format":"standard","meta":{"footnotes":"","jetpack_publicize_message":"","jetpack_publicize_feature_enabled":true,"jetpack_social_post_already_shared":false,"jetpack_social_options":{"image_generator_settings":{"template":"highway","default_image_id":0,"font":"","enabled":false},"version":2}},"categories":[17],"tags":[575,573,1221,1111],"class_list":["post-9128","post","type-post","status-publish","format-standard","has-post-thumbnail","hentry","category-politica","tag-alimentos","tag-consejo-escolar","tag-inicio-clases","tag-patricio-diez"],"jetpack_publicize_connections":[],"jetpack_featured_media_url":"https:\/\/revistaepocadigital.com.ar\/wp-content\/uploads\/2021\/02\/dieee.jpg","jetpack_likes_enabled":true,"_links":{"self":[{"href":"https:\/\/revistaepocadigital.com.ar\/index.php?rest_route=\/wp\/v2\/posts\/9128","targetHints":{"allow":["GET"]}}],"collection":[{"href":"https:\/\/revistaepocadigital.com.ar\/index.php?rest_route=\/wp\/v2\/posts"}],"about":[{"href":"https:\/\/revistaepocadigital.com.ar\/index.php?rest_route=\/wp\/v2\/types\/post"}],"author":[{"embeddable":true,"href":"https:\/\/revistaepocadigital.com.ar\/index.php?rest_route=\/wp\/v2\/users\/4"}],"replies":[{"embeddable":true,"href":"https:\/\/revistaepocadigital.com.ar\/index.php?rest_route=%2Fwp%2Fv2%2Fcomments&post=9128"}],"version-history":[{"count":0,"href":"https:\/\/revistaepocadigital.com.ar\/index.php?rest_route=\/wp\/v2\/posts\/9128\/revisions"}],"wp:featuredmedia":[{"embeddable":true,"href":"https:\/\/revistaepocadigital.com.ar\/index.php?rest_route=\/wp\/v2\/media\/9132"}],"wp:attachment":[{"href":"https:\/\/revistaepocadigital.com.ar\/index.php?rest_route=%2Fwp%2Fv2%2Fmedia&parent=9128"}],"wp:term":[{"taxonomy":"category","embeddable":true,"href":"https:\/\/revistaepocadigital.com.ar\/index.php?rest_route=%2Fwp%2Fv2%2Fcategories&post=9128"},{"taxonomy":"post_tag","embeddable":true,"href":"https:\/\/revistaepocadigital.com.ar\/index.php?rest_route=%2Fwp%2Fv2%2Ftags&post=9128"}],"curies":[{"name":"wp","href":"https:\/\/api.w.org\/{rel}","templated":true}]}}