{"id":9146,"date":"2021-02-20T00:11:59","date_gmt":"2021-02-20T03:11:59","guid":{"rendered":"https:\/\/revistaepocadigital.com.ar\/?p=9146"},"modified":"2021-02-20T00:11:59","modified_gmt":"2021-02-20T03:11:59","slug":"vacunatorio-vip-el-presidente-fernandez-le-pidio-la-renuncia-a-gines-gonzalez-garcia","status":"publish","type":"post","link":"https:\/\/revistaepocadigital.com.ar\/?p=9146","title":{"rendered":"Vacunatorio VIP. El presidente Fern\u00e1ndez le pidi\u00f3 la renuncia a Gin\u00e9s Gonz\u00e1lez Garc\u00eda"},"content":{"rendered":"<h5 class=\"description separatorlines\"><strong>UN ESC\u00c1NDALO Y UNA BURLA A LA GENTE.<\/strong><\/h5>\n<p><!--more--><\/p>\n<h5 class=\"description separatorlines\">Por orden del presidente, el jefe de Gabinete, Santiago Cafiero, le pidi\u00f3 al ministro de Salud su renuncia. Lo hizo horas despu\u00e9s (19\/2) de que se desatara la pol\u00e9mica por la vacunaci\u00f3n por fuera del sistema, se\u00f1alada por el periodista Horacio Verbitsky.<\/h5>\n<div class=\"block-content\">\n<div class=\"zleft\">\n<div class=\"media\">\n<div class=\"image\">\n<div id=\"vplfgp_galleryembed_592568\" class=\"gallery\">\n<div class=\"image\"><\/div>\n<\/div>\n<\/div>\n<\/div>\n<div class=\"article-toolbar visible\">\n<section class=\"share \">De acuerdo a lo publicado por el diario El Cronista, &#8220;el primer mandatario<b><span class=\"highlight\"> le pidi\u00f3 la renuncia a Gin\u00e9s Gonz\u00e1lez Garc\u00eda en medio del esc\u00e1ndalo del vacunatorio VIP. <\/span><\/b>Su lugar lo ocupar\u00e1 quien era la Secretaria de Acceso a la Salud, <b><span class=\"highlight\">Carla Vizzotti.\u00a0<\/span><\/b><\/section>\n<\/div>\n<div id=\"vsmcontent\" class=\"content vsmcontent\">\n<p>Todo comenz\u00f3\u00a0 por la ma\u00f1ana del 19 de febrero cuando el periodista <b><u>Horacio Verbitsky cont\u00f3 en\u00a0<i>El Destape Radio<\/i>\u00a0que<span style=\"color: #000000;\"><a style=\"color: #000000;\" href=\"https:\/\/www.cronista.com\/economia-politica\/horacio-verbitsky-conto-que-llamo-a-gines-gonzalez-garcia-y-fue-vacunado-en-el-ministerio-de-salud\/\" target=\"_blank\" rel=\"noopener\">se hab\u00eda aplicado la primera dosis de la vacuna contra el coronavirus luego de llamar a su &#8220;amigo&#8221; Gonz\u00e1lez Garc\u00eda<\/a><\/span><\/u><\/b><span style=\"color: #000000;\">.<\/span> Ni siquiera tuvo que ir al Hospital Posadas: el secretario del funcionario lo cit\u00f3 en el ministerio para la aplicaci\u00f3n.<\/p>\n<figure class=\"vsmimage\" contenteditable=\"false\"><img loading=\"lazy\" decoding=\"async\" id=\"imgv89270v20\" src=\"https:\/\/www.cronista.com\/files\/image\/321\/321651\/60301399ab832_700_402!.jpg?s=d00f1cfc145fee74219301061fc118e0&amp;d=1613774248\" width=\"700\" height=\"402\" data-vsmid=\"321651\" data-owidth=\"1500\" data-oheight=\"870\" \/><\/figure>\n<p>En ese momento, public\u00f3 tambi\u00e9n El Cronista,<span style=\"color: #000000;\"><a style=\"color: #000000;\" href=\"https:\/\/www.cronista.com\/economia-politica\/alberto-lanza-el-consejo-economico-y-social-desde-el-cck\/\" target=\"_blank\" rel=\"noopener\">Fern\u00e1ndez estaba presentando el demorado Consejo Econ\u00f3mico y Social en el Centro Cultural Kirchner<\/a>,<\/span> en lo que el gobierno imaginaba como una jornada con una \u00f3ptica positiva, para cerrar la convocatoria al Pacto Social. La infidencia de Verbitsky nubl\u00f3 esos planes. <b>En paralelo, la web porte\u00f1a para inscribirse para recibir la vacuna se cay\u00f3, lo que sum\u00f3 m\u00e1s indignaci\u00f3n en las redes sociales a la pol\u00e9mica.<\/b><\/p>\n<p>No s\u00f3lo por el caso del periodista. A partir de esa entrevista, surgieron versiones de\u00a0<b><span class=\"highlight\">otros funcionarios que tambi\u00e9n habr\u00edan sido inoculados\u00a0<\/span><\/b>por personal del Posadas, saltando el sistema oficial de inscripci\u00f3n. El diario\u00a0<i>Clar\u00edn<\/i>\u00a0enumer\u00f3 a\u00a0<b><span class=\"highlight\">Eduardo Vald\u00e9s, Jorge Taiana y el canciller Felipe Sol\u00e1<\/span><\/b>, quienes, bajo la excusa del viaje presidencial a M\u00e9xico de la semana que viene, tambi\u00e9n fueron inoculados.<\/p>\n<\/div>\n<\/div>\n<\/div>\n<div id=\"vsmcontent\" class=\"content vsmcontent\">\n<p>&#8220;<b>A Felipe lo vacunaron en el Posadas porque el equipo m\u00e9dico de Canciller\u00eda se lo recomend\u00f3<\/b>\u00a0porque recibe permanentemente gente de afuera y porque tiene que viajar&#8221;, explicaron a este medio cerca del ministro de Relaciones Internacionales. Vald\u00e9s y Taiana ya habr\u00edan sido bajados de la comitiva que viajar\u00e1 a ver a Andr\u00e9s L\u00f3pez Obrador.<\/p>\n<p>Hab\u00eda versiones de <b>otros nombres<\/b>.\u00a0<b>El diario La Naci\u00f3n sum\u00f3 a Hugo Moyano, su esposa y su hijo menor, de 20 a\u00f1os<\/b>. Desde Camioneros confirmaron el dato a\u00a0<i>El Cronista<\/i>.<\/p>\n<p class=\"ptitle\">NO SER\u00cdAN LOS \u00daNICOS<\/p>\n<p>La pol\u00e9mica por las vacunaciones VIP no es nueva: la actriz Moria Cas\u00e1n revel\u00f3 que iba a ser parte de una campa\u00f1a bonaerense, que pensaba invocar a otros famosos para concientizar a la poblaci\u00f3n de los beneficios de la Sputnik V. Sus repercusiones obligaron a Axel Kicillof a dar marcha atr\u00e1s.<\/p>\n<p>Por esos d\u00edas tambi\u00e9n la intelectual Beatriz Sarlo revel\u00f3 que le hab\u00edan ofrecido vacunarse &#8220;por abajo de la mesa&#8221;. Pero no coment\u00f3 nada m\u00e1s. Desde entonces han sido noticia distintos casos de pol\u00edticos que fueron inoculados, sin ser personal esencial ni estar en grupos de riesgo por su edad.<\/p>\n<p><b><u>Tampoco es nueva la pol\u00e9mica alrededor de Gonz\u00e1lez Garc\u00eda.<\/u><\/b>\u00a0Hist\u00f3rico peronista, el funcionario coordin\u00f3 los equipos de trabajo del PJ en la campa\u00f1a todista y, a pesar de que no quer\u00eda, acept\u00f3 la invitaci\u00f3n de Alberto para volver al ministerio que hab\u00eda comandado ya durante la presidencia de N\u00e9stor Kirchner.<\/p>\n<figure class=\"vsmimage\" contenteditable=\"false\"><img loading=\"lazy\" decoding=\"async\" id=\"imgv89270v22\" src=\"https:\/\/www.cronista.com\/files\/image\/315\/315704\/5ffe49469df02_700_387!.jpg?s=5b37702ca81776867d765f7b11c143a7&amp;d=1613774288\" width=\"700\" height=\"387\" data-vsmid=\"315704\" data-owidth=\"1122\" data-oheight=\"631\" \/><\/figure>\n<p>Con la aparici\u00f3n del\u00a0<span style=\"color: #000000;\"><a style=\"color: #000000;\" href=\"https:\/\/www.cronista.com\/tema\/coronavirus\/\" target=\"_blank\" rel=\"noopener\">coronavirus<\/a>,<\/span> el ministro protagoniz\u00f3 varios pifies. Primero por minimizar cu\u00e1ndo se producir\u00eda en el pa\u00eds el primer caso d<span style=\"color: #000000;\">e<a style=\"color: #000000;\" href=\"https:\/\/www.cronista.com\/tema\/coronavirus\/\" target=\"_blank\" rel=\"noopener\">\u00a0Covid-19<\/a>.<\/span> Queda en el imaginario su frase: &#8220;Pens\u00e9 que iba a llegar m\u00e1s tarde&#8221;.<\/p>\n<p>No fue la \u00fanica desafortunada declaraci\u00f3n del ahora ex ministro durante la pandemia. Basta sumar las estimaciones sobre la vacuna. La \u00faltima que dej\u00f3: esta semana puso en duda la realizaci\u00f3n de las PASO en agosto.<\/p>\n<p>Herido, pol\u00edticamente hablando, tom\u00f3 vuelo propio a instancias de la Quinta de Olivos su segunda,\u00a0<b><span class=\"highlight\">Carla Vizotti<\/span><\/b>, que desde entonces sonaba como su reemplazante natural. La interna en el propio ministerio, se hizo insostenible en los \u00faltimos tiempos por los celos de Gonz\u00e1lez Garc\u00eda ante las apariciones de la subsecretaria.<\/p>\n<\/div>\n<div class=\"clear\">LA RENUNCIA DE GIN\u00c9S, QUE DICE<\/div>\n<div><\/div>\n<div>Gonz\u00e1lez Garc\u00eda subi\u00f3 a sus redes la renuncia y encabez\u00f3 el mensaje diciendo: &#8220;Expreso mi gratitud a la inmensa mayor\u00eda del Pueblo argentino por su compromiso y apoyo a las pol\u00edticas que implementamos para reconstruir un sistema de salud federal, con m\u00e1s equidad, acceso y calidad&#8221;.<\/div>\n<div>\n<p>Pero en el interior de la misiva, el ex funcionario justific\u00f3 las <span style=\"color: #000000;\"><a style=\"color: #000000;\" href=\"https:\/\/www.diariouno.com.ar\/politica\/escandalo-los-vacunados-vippiden-explicaciones-gines-garcia-gonzalez-n812143\" target=\"_self\" rel=\"follow noopener\">vacunaciones VIP\u00a0<\/a><\/span>indicando que las personas que fueron inmunizadas pertenecen a &#8220;los grupos incluidos dentro de la poblaci\u00f3n objetivo de la campa\u00f1a vigente&#8221;, haciendo referencia a las edades de quienes, hasta el momento, han sido confirmados como vacunados.<\/p>\n<p>Luego Gonz\u00e1lez Garc\u00eda opt\u00f3 por desligarse de culpas al expresar: &#8220;La confusi\u00f3n involuntaria de mi secretar\u00eda privada en la citaci\u00f3n a las personas vacunadas a este ministerio, ocurri\u00f3 estando yo en la provincia de Entre R\u00edos&#8221;. Este p\u00e1rrafo, sin embargo, cerr\u00f3 asumiendo la responsabilidad.<br \/>\nEl ahora ex funcionario tambi\u00e9n calific\u00f3 el hecho como un &#8220;malentendido&#8221; y lament\u00f3 que &#8220;desluciera&#8221; su gesti\u00f3n.\u00a0Tras se\u00f1alar una extensa lista de pol\u00edticas que se llevaron adelante mientras \u00e9l estuvo al frente del ministerio, Gonz\u00e1lez Garc\u00eda asegur\u00f3 que seguir\u00e1 &#8220;en el mismo camino, mirando hacia el futuro y procurando la unidad de todos los argentinos y argentinas&#8221;, public\u00f3 el Diario Uno.<\/p>\n<h2>Vacunaci\u00f3n VIP<\/h2>\n<p>Luego de mostrarse temeroso durante largos meses sobre los efectos secundarios que podr\u00eda producir la vacuna contra el coronavirus,\u00a0el periodista Horacio Verbitsky, af\u00edn al oficialismo, hizo p\u00fablico (19\/2) que, tras una llamado al ministro, fue citado al edificio ubicado en la calle 9 de Julio para ser inmunizado.<\/p>\n<p>El periodista y titular del CELS incluso detall\u00f3 que el segundo al mando del Grupo Clar\u00edn Jos\u00e9 Antonio Aranda tambi\u00e9n hab\u00eda sido invitado a vacunarse, pero el empresario hab\u00eda optado por la vacuna procedente del Reino Unido por lo que asistir\u00eda el lunes (22\/2).<\/p><\/div>\n<div><\/div>\n<div><\/div>\n<div><\/div>\n<div><\/div>\n<div><\/div>\n<section id=\"tags-content-592568\" class=\"tag-section\">\n<header class=\"tag-section-header\">Fuente y fotos: Diario El Cronista y Diario Uno<\/header>\n<header>Foto portada: gentileza Diario Uno<\/header>\n<\/section>\n","protected":false},"excerpt":{"rendered":"<p>UN ESC\u00c1NDALO Y UNA BURLA A LA GENTE.<\/p>\n","protected":false},"author":4,"featured_media":9149,"comment_status":"open","ping_status":"open","sticky":false,"template":"","format":"standard","meta":{"footnotes":"","jetpack_publicize_message":"","jetpack_publicize_feature_enabled":true,"jetpack_social_post_already_shared":false,"jetpack_social_options":{"image_generator_settings":{"template":"highway","default_image_id":0,"font":"","enabled":false},"version":2}},"categories":[17],"tags":[1222,1223,894],"class_list":["post-9146","post","type-post","status-publish","format-standard","has-post-thumbnail","hentry","category-politica","tag-gines","tag-renuncia","tag-vacunacion"],"jetpack_publicize_connections":[],"jetpack_featured_media_url":"https:\/\/revistaepocadigital.com.ar\/wp-content\/uploads\/2021\/02\/gines-gonzalez-garcia-hizo-publica-la-carta-renuncia-que-le-presento-al-presidente-fernandez-la-misma-califica-malentendido-las-vacunaciones-vip.jpg","jetpack_likes_enabled":true,"_links":{"self":[{"href":"https:\/\/revistaepocadigital.com.ar\/index.php?rest_route=\/wp\/v2\/posts\/9146","targetHints":{"allow":["GET"]}}],"collection":[{"href":"https:\/\/revistaepocadigital.com.ar\/index.php?rest_route=\/wp\/v2\/posts"}],"about":[{"href":"https:\/\/revistaepocadigital.com.ar\/index.php?rest_route=\/wp\/v2\/types\/post"}],"author":[{"embeddable":true,"href":"https:\/\/revistaepocadigital.com.ar\/index.php?rest_route=\/wp\/v2\/users\/4"}],"replies":[{"embeddable":true,"href":"https:\/\/revistaepocadigital.com.ar\/index.php?rest_route=%2Fwp%2Fv2%2Fcomments&post=9146"}],"version-history":[{"count":0,"href":"https:\/\/revistaepocadigital.com.ar\/index.php?rest_route=\/wp\/v2\/posts\/9146\/revisions"}],"wp:featuredmedia":[{"embeddable":true,"href":"https:\/\/revistaepocadigital.com.ar\/index.php?rest_route=\/wp\/v2\/media\/9149"}],"wp:attachment":[{"href":"https:\/\/revistaepocadigital.com.ar\/index.php?rest_route=%2Fwp%2Fv2%2Fmedia&parent=9146"}],"wp:term":[{"taxonomy":"category","embeddable":true,"href":"https:\/\/revistaepocadigital.com.ar\/index.php?rest_route=%2Fwp%2Fv2%2Fcategories&post=9146"},{"taxonomy":"post_tag","embeddable":true,"href":"https:\/\/revistaepocadigital.com.ar\/index.php?rest_route=%2Fwp%2Fv2%2Ftags&post=9146"}],"curies":[{"name":"wp","href":"https:\/\/api.w.org\/{rel}","templated":true}]}}