{"id":9167,"date":"2021-02-22T00:17:53","date_gmt":"2021-02-22T03:17:53","guid":{"rendered":"https:\/\/revistaepocadigital.com.ar\/?p=9167"},"modified":"2021-02-22T00:17:53","modified_gmt":"2021-02-22T03:17:53","slug":"organizaciones-sociales-en-el-operativo-vacunate-en-el-distrito","status":"publish","type":"post","link":"https:\/\/revistaepocadigital.com.ar\/?p=9167","title":{"rendered":"Organizaciones sociales en el operativo Vacunate en el distrito"},"content":{"rendered":"<p><strong>PARTICIPAN.<!--more--><\/strong><br \/>\nDe a poco y con el apoyo de diversos sectores del distrito, se va desandando el camino que dar\u00e1 por terminada la pandemia en la Argentina, la labor territorial, el acercamiento al vecino, sigue siendo la forma m\u00e1s simple de obtener resultados positivos.<\/p>\n<p>Desde que se conoci\u00f3 que las vacunas eran una realidad en el mundo, los anti-cuarentena y los anti-vacuna salieron de forma cuestionable en todos los medios masivos, tratando de dar por tierra con la campa\u00f1a. Tan negativo fue el descr\u00e9dito, que en gran n\u00famero de gente decidi\u00f3 desconfiar, con este escenario, las organizaciones sociales debieron salir a recorrer los barrios para que los vecinos se informen y puedan anotarse en el programa de vacunaci\u00f3n m\u00e1s grande de la historia Argentina.<\/p>\n<p>Suena inveros\u00edmil que dentro de este contexto pand\u00e9mico que viene sumiendo al planeta en una verdadera crisis mundial haya operadores medi\u00e1ticos que constantemente cuestionen, a veces desde el absurdo, la vacunaci\u00f3n en el pa\u00eds.<br \/>\nCuando desde el Municipio se larg\u00f3 la campa\u00f1a para anotar a los habitantes del distrito, una sorpresa fue encontrarse con poco entusiasmo, de hecho antes que algunas de las Organizaciones Sociales aportaran su estructura, el n\u00famero dispuesto para recibir las esperadas dosis, fueron unas 1500 aproximadamente.<\/p>\n<p>Es por esto que pudieron verse en todos los barrios o sectores del distrito, alguna carpa en donde representantes de dichas organizaciones, tomaban los datos necesarios y contestaban las preguntas l\u00f3gicas del caso, es as\u00ed como lentamente y gracias al acercamiento a los hogares de los vecinos, estos promedios de inscripci\u00f3n fueron creciendo hasta llegar a rondar unas 5500 personas al momento de estas l\u00edneas.<br \/>\nLa coordinaci\u00f3n del trabajo hecho en este caso tanto por La C\u00e1mpora, como el Movimiento Evita Exaltaci\u00f3n fue dando sus frutos, en los primeros momentos fue arduo el contacto con la gente que ten\u00eda muchos reparos a recibir la vacuna, en ciertos casos las respuestas fueron negativas y rotundas, inclusive al punto de anotarse en la campa\u00f1a pero sin el compromiso de aplicarse la dosis.<br \/>\nHay que tener en cuenta que no es obligatoria la recepci\u00f3n de la vacuna, ni que tampoco haya que afiliarse a ning\u00fan partido pol\u00edtico para recibirla. La desinformaci\u00f3n ha sido unos de los principales aliados de aquellos que en este momento tan delicado, han decidido oponerse absolutamente a todo, inclusive a la salud de los argentinos.<\/p>\n<p>Fuente: Capilla Online.<\/p>\n","protected":false},"excerpt":{"rendered":"<p>PARTICIPAN.<\/p>\n","protected":false},"author":3,"featured_media":9168,"comment_status":"open","ping_status":"open","sticky":false,"template":"","format":"standard","meta":{"footnotes":"","jetpack_publicize_message":"","jetpack_publicize_feature_enabled":true,"jetpack_social_post_already_shared":false,"jetpack_social_options":{"image_generator_settings":{"template":"highway","default_image_id":0,"font":"","enabled":false},"version":2}},"categories":[17],"tags":[1228,1227],"class_list":["post-9167","post","type-post","status-publish","format-standard","has-post-thumbnail","hentry","category-politica","tag-organizaciones-sociales","tag-vacunate"],"jetpack_publicize_connections":[],"jetpack_featured_media_url":"https:\/\/revistaepocadigital.com.ar\/wp-content\/uploads\/2021\/02\/400e9e39bbe82a198f3d7fc97a1fb03a_XL.jpg","jetpack_likes_enabled":true,"_links":{"self":[{"href":"https:\/\/revistaepocadigital.com.ar\/index.php?rest_route=\/wp\/v2\/posts\/9167","targetHints":{"allow":["GET"]}}],"collection":[{"href":"https:\/\/revistaepocadigital.com.ar\/index.php?rest_route=\/wp\/v2\/posts"}],"about":[{"href":"https:\/\/revistaepocadigital.com.ar\/index.php?rest_route=\/wp\/v2\/types\/post"}],"author":[{"embeddable":true,"href":"https:\/\/revistaepocadigital.com.ar\/index.php?rest_route=\/wp\/v2\/users\/3"}],"replies":[{"embeddable":true,"href":"https:\/\/revistaepocadigital.com.ar\/index.php?rest_route=%2Fwp%2Fv2%2Fcomments&post=9167"}],"version-history":[{"count":0,"href":"https:\/\/revistaepocadigital.com.ar\/index.php?rest_route=\/wp\/v2\/posts\/9167\/revisions"}],"wp:featuredmedia":[{"embeddable":true,"href":"https:\/\/revistaepocadigital.com.ar\/index.php?rest_route=\/wp\/v2\/media\/9168"}],"wp:attachment":[{"href":"https:\/\/revistaepocadigital.com.ar\/index.php?rest_route=%2Fwp%2Fv2%2Fmedia&parent=9167"}],"wp:term":[{"taxonomy":"category","embeddable":true,"href":"https:\/\/revistaepocadigital.com.ar\/index.php?rest_route=%2Fwp%2Fv2%2Fcategories&post=9167"},{"taxonomy":"post_tag","embeddable":true,"href":"https:\/\/revistaepocadigital.com.ar\/index.php?rest_route=%2Fwp%2Fv2%2Ftags&post=9167"}],"curies":[{"name":"wp","href":"https:\/\/api.w.org\/{rel}","templated":true}]}}