{"id":9177,"date":"2021-02-26T15:50:25","date_gmt":"2021-02-26T18:50:25","guid":{"rendered":"https:\/\/revistaepocadigital.com.ar\/?p=9177"},"modified":"2021-02-27T15:10:07","modified_gmt":"2021-02-27T18:10:07","slug":"pedido-del-bloque-de-juntos-por-el-cambio-en-el-concejo-para-un-sesion-extraordinaria-sobre-la-vacunacion-en-el-distrito","status":"publish","type":"post","link":"https:\/\/revistaepocadigital.com.ar\/?p=9177","title":{"rendered":"JUNTOS POR EL CAMBIO DICE QUE EL OFICIALISMO &#8220;DURMI\u00d3&#8221; EL PEDIDO DE SESI\u00d3N EXTRAORDINARIA"},"content":{"rendered":"<div class=\"kvgmc6g5 cxmmr5t8 oygrvhab hcukyx3x c1et5uql ii04i59q\">\n<div dir=\"auto\">\n<div class=\"\" dir=\"auto\">\n<div id=\"jsc_c_h9\" class=\"ecm0bbzt hv4rvrfc ihqw7lf3 dati1w0a\" data-ad-comet-preview=\"message\" data-ad-preview=\"message\">\n<div class=\"j83agx80 cbu4d94t ew0dbk1b irj2b8pg\">\n<div class=\"qzhwtbm6 knvmm38d\">\n<div class=\"kvgmc6g5 cxmmr5t8 oygrvhab hcukyx3x c1et5uql ii04i59q\">\n<div dir=\"auto\"><strong>EL BLOQUE OPOSITOR EN EL CONCEJO DELIRANTE, QUE EL LUNES 1 DE\u00a0 MARZO INAUGURA EL PER\u00cdODO DE SESIONES ORDINARIAS.<\/strong><\/div>\n<div dir=\"auto\"><\/div>\n<div dir=\"auto\"><strong>-NOTA ACTUALIZACI\u00d3N-<br \/>\n<!--more--><\/strong><\/div>\n<\/div>\n<div dir=\"auto\"><\/div>\n<div class=\"o9v6fnle cxmmr5t8 oygrvhab hcukyx3x c1et5uql ii04i59q\">\n<div dir=\"auto\"><em>&#8220;Lejos de intentar generar transparencia y confianza en una sociedad que quiere saber a quien se vacun\u00f3 en su pueblo, en clara violaci\u00f3n al reglamento (nuevamente). el Presidente del Concejo Deliberante Martin David, con el aval del intendente, omiti\u00f3 llamar a sesi\u00f3n extraordinaria<\/em>&#8220;, manifest\u00f3 el presidente del bloque, el abogado Ra\u00fal Sancho (h) en la cuenta de Juntos por el Cambio Exaltaci\u00f3n en la red social Facebook.<\/div>\n<div dir=\"auto\"><\/div>\n<\/div>\n<div class=\"o9v6fnle cxmmr5t8 oygrvhab hcukyx3x c1et5uql ii04i59q\">\n<div dir=\"auto\">En el mismo tono cr\u00edtico, sostuvo despu\u00e9s Sancho, <em>&#8220;es una clara violaci\u00f3n al reglamento interno del HCD (otra de tantas), y una muestra clara de que har\u00e1n todo lo posible por evitar que se haga p\u00fablica la lista de vacunados&#8221;.<\/em><\/div>\n<div dir=\"auto\"><\/div>\n<\/div>\n<div class=\"o9v6fnle cxmmr5t8 oygrvhab hcukyx3x c1et5uql ii04i59q\">\n<div dir=\"auto\"><em>&#8220;Es dif\u00edcil pensar que esa es la actitud de quien no tiene nada que ocultar y por eso mismo en todo el pa\u00eds y tambi\u00e9n en Exaltaci\u00f3n, muchos ciudadanos que no queremos pol\u00edticos privilegiados, vamos a Marchar <\/em>(por la marcha prevista para el s\u00e1bado 27 de febrero). <em>Entre todos pidamos fuerte que se haga p\u00fablico el listado de vacunados. No queremos ni vacunados VIP, ni privilegios para nadie en Exaltaci\u00f3n&#8221;, <\/em>enfatiz\u00f3 Sancho con dureza.<\/div>\n<\/div>\n<\/div>\n<\/div>\n<\/div>\n<\/div>\n<div id=\"jsc_c_ha\" class=\"l9j0dhe7\">\n<div class=\"l9j0dhe7\">\n<div><\/div>\n<\/div>\n<\/div>\n<div>\n<div id=\"jsc_c_ha\" class=\"l9j0dhe7\"><\/div>\n<\/div>\n<div class=\"l9j0dhe7\">\n<div class=\"bp9cbjyn m9osqain j83agx80 jq4qci2q bkfpd7mw a3bd9o3v kvgmc6g5 wkznzc2l oygrvhab dhix69tm jktsbyx5 rz4wbd8a osnr6wyh a8nywdso s1tcr66n\">\n<div class=\"bp9cbjyn j83agx80 pfnyh3mw p1ueia1e\">\n<div class=\"gtad4xkn\"><\/div>\n<\/div>\n<\/div>\n<\/div>\n<\/div>\n<div dir=\"auto\" style=\"text-align: center;\"><\/div>\n<div dir=\"auto\" style=\"text-align: center;\"><strong>&#8212;&#8212;&#8212;&#8212;&#8212;&#8212;&#8212;&#8212;&#8212;&#8212;&#8212;&#8212;&#8212;&#8212;&#8212;-<\/strong><\/div>\n<div dir=\"auto\"><strong>EL BLOQUE OPOSITOR SOLICIT\u00d3 UNA EXTRAORDINARIA Y URGENTE, POR VACUNACI\u00d3N EN EXALTACI\u00d3N DE LA CRUZ.<\/strong><\/div>\n<\/div>\n<p><!--more--><\/p>\n<div dir=\"auto\">A nadie escapa que la revelaci\u00f3n efectuada hace d\u00edas por el periodista Horacio Verbisky, en cuanto a que hab\u00eda sido vacunado contra Covid luego de llamar al ahora ex ministro de salud, Gin\u00e9s Gonz\u00e1lez Garc\u00eda, dispar\u00f3 un esc\u00e1ndalo que se ha estado esparciendo con multiples repercusiones, la primordial la indignaci\u00f3n mayoritaria de argentinos que se sienten despojados de la posibilidad de recibir la vacuna.<\/div>\n<div dir=\"auto\"><\/div>\n<div dir=\"auto\">En nuestro distrito, el bloque de concejales de Juntos por el Cambio (JxC) liderados por el abogado Ra\u00fal Sancho (h) present\u00f3 un pedido para una sesi\u00f3n extraordinaria, al tiempo que continuaba la vacunaci\u00f3n como estuvo anunciado, en la Escuela n\u00ba 8 del Barrio San Jos\u00e9, cercano a Capilla del Se\u00f1or. Centro que cuando comiencen las clases, a modo de liberar las instalaciones para el dictado de clases, ser\u00e1 trasladado al Complejo Andr\u00e9s Salgado (pileta municipal) en la calle Sosa de Capilla del Se\u00f1or.<\/div>\n<div dir=\"auto\"><\/div>\n<div dir=\"auto\">El bloque de JxC, haci\u00e9ndose eco de lo que conocido por la opini\u00f3n p\u00fablica, present\u00f3 ante el Concejo Deliberante un pedido de sesi\u00f3n extraordinaria para tratar los siguientes dos proyectos:<\/div>\n<div dir=\"auto\"><\/div>\n<div class=\"o9v6fnle cxmmr5t8 oygrvhab hcukyx3x c1et5uql ii04i59q\">\n<div dir=\"auto\">1)-Pedido de informe completo de todos los vacunados contra COVID-19 en Exaltaci\u00f3n.<\/div>\n<\/div>\n<div class=\"o9v6fnle cxmmr5t8 oygrvhab hcukyx3x c1et5uql ii04i59q\">\n<div dir=\"auto\">2)-Creaci\u00f3n de un registro de acceso p\u00fablico, donde deben cargarse todos los beneficiarios de la vacuna contra COVID hasta la fecha, y los que se vayan vacunando.<\/div>\n<\/div>\n<div class=\"o9v6fnle cxmmr5t8 oygrvhab hcukyx3x c1et5uql ii04i59q\">\n<div dir=\"auto\"><\/div>\n<div dir=\"auto\">Ha sostenido Sancho que <em>&#8220;seg\u00fan la provincia<\/em> (Buenos Aires), <em>Exaltaci\u00f3n ha recibido ya 1641 dosis de vacunas, entendemos que es esencial que la sociedad sepa con claridad qu\u00e9 destino han tenido, quienes han sido los beneficiarios y el motivo por el cual han tenido prioridad&#8221;.<\/em> Luego asegur\u00f3 &#8220;<em>el \u00e9xito del plan de vacunaci\u00f3n es fundamental para recuperar la normalidad perdida y salvar vidas, y para que eso pase es imprescindible generar confianza en la sociedad. Esa misma confianza que los hechos recientes<\/em> <em>(que terminaron con la renuncia del Ministro de Salud de la Naci\u00f3n) han puesto severamente en duda&#8221;.<\/em><\/div>\n<div dir=\"auto\"><\/div>\n<\/div>\n<div class=\"o9v6fnle cxmmr5t8 oygrvhab hcukyx3x c1et5uql ii04i59q\">\n<div dir=\"auto\"><em>&#8220;Confiamos<\/em> -expres\u00f3 el jefe del bloque de Juntos por el Cambio-, <em>en que desde el concejo podremos obtener esa informaci\u00f3n, con la colaboraci\u00f3n del municipio.<\/em><\/div>\n<\/div>\n<div class=\"o9v6fnle cxmmr5t8 oygrvhab hcukyx3x c1et5uql ii04i59q\">\n<div dir=\"auto\"><em>De negarse la informaci\u00f3n solicitada, darse de manera incompleta o detectar alguna irregularidad, nos presentaremos la Justicia. La transparencia debe ser total, y la informaci\u00f3n debe ser p\u00fablica y para el acceso de todos, no queremos vacunados VIP en Exaltaci\u00f3n&#8221;.<\/em><\/div>\n<div dir=\"auto\" style=\"text-align: center;\">&#8212;&#8212;&#8212;<\/div>\n<\/div>\n<div dir=\"auto\"><\/div>\n<div dir=\"auto\">La transparencia -sostenemos siempre desde EPOCA-\u00a0 en el ejercicio de la funci\u00f3n p\u00fablica, es una de las piedras fundamentales de cualquier gobierno, y ante tama\u00f1o episodio la justicia argentina enfrenta uno de sus compromisos m\u00e1s importantes, investigar, echar luz y a aquellos responsables, que les caiga el peso de la ley. El gobierno debe colaborar con la justicia, y la oposici\u00f3n promover el esclarecimiento sin oportunismos pol\u00edticos.<\/div>\n<div dir=\"auto\"><\/div>\n<div dir=\"auto\"><\/div>\n<div dir=\"auto\">Foto portada: gentileza agencia Telam<\/div>\n","protected":false},"excerpt":{"rendered":"<p>EL BLOQUE OPOSITOR EN EL CONCEJO DELIRANTE, QUE EL LUNES 1 DE\u00a0 MARZO INAUGURA EL PER\u00cdODO DE SESIONES ORDINARIAS. -NOTA ACTUALIZACI\u00d3N-<\/p>\n","protected":false},"author":3,"featured_media":9180,"comment_status":"open","ping_status":"open","sticky":false,"template":"","format":"standard","meta":{"footnotes":"","jetpack_publicize_message":"","jetpack_publicize_feature_enabled":true,"jetpack_social_post_already_shared":false,"jetpack_social_options":{"image_generator_settings":{"template":"highway","default_image_id":0,"font":"","enabled":false},"version":2}},"categories":[17],"tags":[379,1231,894],"class_list":["post-9177","post","type-post","status-publish","format-standard","has-post-thumbnail","hentry","category-politica","tag-hcd","tag-sesion-extraordinaria","tag-vacunacion"],"jetpack_publicize_connections":[],"jetpack_featured_media_url":"https:\/\/revistaepocadigital.com.ar\/wp-content\/uploads\/2021\/02\/VACUNACION-TEL-21.jpg","jetpack_likes_enabled":true,"_links":{"self":[{"href":"https:\/\/revistaepocadigital.com.ar\/index.php?rest_route=\/wp\/v2\/posts\/9177","targetHints":{"allow":["GET"]}}],"collection":[{"href":"https:\/\/revistaepocadigital.com.ar\/index.php?rest_route=\/wp\/v2\/posts"}],"about":[{"href":"https:\/\/revistaepocadigital.com.ar\/index.php?rest_route=\/wp\/v2\/types\/post"}],"author":[{"embeddable":true,"href":"https:\/\/revistaepocadigital.com.ar\/index.php?rest_route=\/wp\/v2\/users\/3"}],"replies":[{"embeddable":true,"href":"https:\/\/revistaepocadigital.com.ar\/index.php?rest_route=%2Fwp%2Fv2%2Fcomments&post=9177"}],"version-history":[{"count":0,"href":"https:\/\/revistaepocadigital.com.ar\/index.php?rest_route=\/wp\/v2\/posts\/9177\/revisions"}],"wp:featuredmedia":[{"embeddable":true,"href":"https:\/\/revistaepocadigital.com.ar\/index.php?rest_route=\/wp\/v2\/media\/9180"}],"wp:attachment":[{"href":"https:\/\/revistaepocadigital.com.ar\/index.php?rest_route=%2Fwp%2Fv2%2Fmedia&parent=9177"}],"wp:term":[{"taxonomy":"category","embeddable":true,"href":"https:\/\/revistaepocadigital.com.ar\/index.php?rest_route=%2Fwp%2Fv2%2Fcategories&post=9177"},{"taxonomy":"post_tag","embeddable":true,"href":"https:\/\/revistaepocadigital.com.ar\/index.php?rest_route=%2Fwp%2Fv2%2Ftags&post=9177"}],"curies":[{"name":"wp","href":"https:\/\/api.w.org\/{rel}","templated":true}]}}