{"id":9187,"date":"2021-02-23T12:33:28","date_gmt":"2021-02-23T15:33:28","guid":{"rendered":"https:\/\/revistaepocadigital.com.ar\/?p=9187"},"modified":"2021-02-23T19:35:47","modified_gmt":"2021-02-23T22:35:47","slug":"kicillof-replico-en-la-provincia-de-buenos-aires-no-hay-ni-vacunatorios-ocultos-ni-privatizados","status":"publish","type":"post","link":"https:\/\/revistaepocadigital.com.ar\/?p=9187","title":{"rendered":"Kicillof, &#8220;en la provincia de Buenos Aires no hay ni vacunatorios ocultos ni privatizados&#8221;"},"content":{"rendered":"<h5><b><span style=\"font-size: large;\">HABL\u00d3 EN SU VISITA A NECOCHEA.<\/span><\/b><!--more--><\/h5>\n<div>El gobernador Axel Kicillof visit\u00f3 (23\/2)el municipio de Necochea, donde se reuni\u00f3 con intendentes para analizar la temporada extendida, y actualizar la situaci\u00f3n epidemiol\u00f3gica\u00a0 en la provincia de Buenos Aires.\u00a0 Tambi\u00e9n ofreci\u00f3 una conferencia de prensa junto al jefe de Gabinete, Carlos Bianco; los ministros, de Salud, Daniel Gollan; de Producci\u00f3n, Ciencia e Innovaci\u00f3n Tecnol\u00f3gica, Augusto Costa; de Seguridad, Sergio Berni; y el intendente local, Arturo Rojas.<\/div>\n<div><\/div>\n<div>\u201cEn la provincia de Buenos Aires hemos aplicado 360 mil vacunas en tiempo r\u00e9cord y estamos muy cerca de inmunizar a todos y todas las trabajadoras del sistema de salud\u201d, explic\u00f3 Kicillof y agreg\u00f3: \u201cNuestro objetivo principal es vacunar lo m\u00e1s r\u00e1pido posible a quienes integran los grupos de riesgo. Si en este proceso alguien miente con el objetivo de aplicarse la vacuna sin estar dentro de las prioridades, ser\u00e1 investigado y sancionado y vamos a ser inflexibles\u201d, enfatiz\u00f3.<\/div>\n<div><\/div>\n<div>En ese marco, el gobernador valor\u00f3 la \u201cr\u00e1pida y firme decisi\u00f3n del presidente Alberto Fern\u00e1ndez, para restaurar la confianza en el proceso de vacunaci\u00f3n\u201d. \u201cEn la provincia de Buenos Aires no hay ni vacunatorios ocultos ni privatizados: las dosis son aplicadas por vacunadores capacitados por el Ministerio de Salud y los turnos se gestionan a trav\u00e9s de una p\u00e1gina web y una aplicaci\u00f3n para el celular\u201d, detall\u00f3.<\/div>\n<div><\/div>\n<div>\u201cHemos enfrentado una campa\u00f1a sistem\u00e1tica y progresiva que busc\u00f3 sembrar dudas sobre la vacuna para que fracasara el plan de vacunaci\u00f3n\u201d, enfatiz\u00f3 el Gobernador, al tiempo que \u201cen ese contexto, adoptamos muchas pol\u00edticas para concientizar y generar confianza\u201d. \u201cLas medidas tuvieron un efecto positivo y nos permitieron ganarle a la campa\u00f1a antivacunas, haciendo que hoy mucha gente se quiera inmunizar\u201d, afirm\u00f3.<\/div>\n<div><\/div>\n<div>Por otra parte, Kicillof destac\u00f3 que \u201cluego del pico de 4.500 casos diarios de los primeros d\u00edas de enero, hoy llevamos seis semanas consecutivas de ca\u00edda de los contagios\u201d, y a\u00f1adi\u00f3: \u201cEsta situaci\u00f3n nos permite desarticular las restricciones horarias que se hab\u00edan establecido para las actividades nocturnas, exceptuando aquellas que decidan continuar los propios municipios\u201d.<\/div>\n<div><\/div>\n<div>Respecto a la temporada tur\u00edstica, indic\u00f3 que \u201cse han superado todas las expectativas y alcanzamos a 5 millones de hombres y mujeres que visitaron los destinos tur\u00edsticos de la Provincia\u201d.<\/div>\n<div><\/div>\n<div><strong>EL CICLO LECTIVO.<\/strong> El gobernador se\u00f1al\u00f3 que \u201cllevamos una semana con 1.100.000 alumnos y alumnas que est\u00e1n recuperando saberes con implementaci\u00f3n de modalidad presencial y hemos observado que se respetan los protocolos de cuidado\u201d. \u201cEstamos trabajando junto a la comunidad educativa para ajustar lo que sea necesario de cara a los primeros d\u00edas de marzo, cuando 4.150.000 estudiantes de los niveles inicial, primario y secundario volver\u00e1n a las clases con la mayor presencialidad posible\u201d, subray\u00f3.<\/div>\n<div><\/div>\n<div>Por su parte, el ministro Gollan detall\u00f3 el estado de la situaci\u00f3n sanitaria que muestra un descenso del promedio semanal de casos diarios, con 2.325 positivos frente a los 2.731 de la semana anterior.<\/div>\n<div><\/div>\n<div>Asimismo, explic\u00f3 que continuaron disminuyendo los llamados al n\u00famero 148 y la ocupaci\u00f3n de camas de terapia intensiva, que alcanza un 57,64% en la zona metropolitana y un 37,34% en el interior de la Provincia.\u00a0Tambi\u00e9n, inform\u00f3 que \u201cen los 135 municipios bonaerenses ya hemos aplicado 252.215 dosis del primer componente de la vacuna y 105.271 del segundo\u201d.<\/div>\n<div><\/div>\n<div>El Ministro ponder\u00f3 que \u201ccerca del 85% del personal se salud se ha inscripto y estamos cerca de completar su inmunizaci\u00f3n. Desde entonces, vemos que pr\u00e1cticamente no hay internaciones de trabajadores y trabajadoras sanitarias como consecuencia del Covid-19\u201d, a\u00f1adi\u00f3.<\/div>\n<div><\/div>\n<div>Por su parte, Bianco actualiz\u00f3 el sistema de fases, que tiene a 120 municipios en fase 4 y a 15 en fase 5. Los movimientos de\u00a0 la (22\/2) semana dieron cuenta de que General Paz descendi\u00f3 de fase 5 a 4 en base a un criterio objetivo de nuevos casos, en tanto que Adolfo Alsina, General Alvear, General Lavalle, Pellegrini y Tordillo subieron a fase 5.<\/div>\n<div><\/div>\n<div>\u201cA partir del an\u00e1lisis epidemiol\u00f3gico y el di\u00e1logo permanente con los 135 intendentes e intendentas, se habilitar\u00e1n las bibliotecas y los mercados y ferias de artesan\u00edas con protocolos estrictos\u201d, anunci\u00f3 Bianco.<\/div>\n<div><\/div>\n<div>El intendente Rojas remarc\u00f3 que \u201cel a\u00f1o pasado nuestro sistema sanitario no estaba preparado para poder hacer frente a una pandemia, pero pudimos fortalecerlo gracias al trabajo conjunto con la Naci\u00f3n y la Provincia\u201d. \u201cHoy tenemos hechos concretos y contamos con el apoyo de una Provincia que decidi\u00f3 terminar muchas obras que hab\u00edan quedado inconclusas\u201d, sostuvo.<\/div>\n<div><\/div>\n<div>\u201cCada vacunado es una familia y un hogar que recibe un poco de alivio, en el que se recuperan costumbres que se hab\u00edan perdido y se valora todo el esfuerzo realizado durante la pandemia. Nadie tiene derecho a boicotear esta campa\u00f1a de vacunaci\u00f3n.\u201d, concluy\u00f3 Kicillof.<\/div>\n<div><\/div>\n<div>La reuni\u00f3n de actualizaci\u00f3n epidemiol\u00f3gica cont\u00f3 con la participaci\u00f3n del viceministro de Salud, Nicol\u00e1s Kreplak, de la intendenta interina de General Alvarado, Sabina Vujovich, de los jefes comunales de Necochea, Arturo Rojas, de General Pueyrredon, Guillermo Montenegro; de Mar Chiquita, Jorge Paredi; de Tres Arroyos, Carlos S\u00e1nchez; de Monte Hermoso, Alejandro Dichiara; de La Costa, Cristian Cardozo; de Villa Gesell, Gustavo Barrera; de General Madariaga, Carlos Santoro; de San Cayetano, Miguel Gargaglione; de General Paz, Juan Manuel \u00c1lvarez; y de Lober\u00eda, Juan Jos\u00e9 Fioramonti. Asimismo, por videoconferencia se sumaron intendentes para representar a los 135 municipios bonaerenses, entre los que estuvo Diego Nanni de Exaltaci\u00f3n de la Cruz.<\/div>\n<div><\/div>\n<div>Foto: prensa y comunicai\u00f3n gobernaci\u00f3n.<\/div>\n","protected":false},"excerpt":{"rendered":"<p>HABL\u00d3 EN SU VISITA A NECOCHEA.<\/p>\n","protected":false},"author":3,"featured_media":9190,"comment_status":"open","ping_status":"open","sticky":false,"template":"","format":"standard","meta":{"footnotes":"","jetpack_publicize_message":"","jetpack_publicize_feature_enabled":true,"jetpack_social_post_already_shared":false,"jetpack_social_options":{"image_generator_settings":{"template":"highway","default_image_id":0,"font":"","enabled":false},"version":2}},"categories":[17],"tags":[1206,478,894],"class_list":["post-9187","post","type-post","status-publish","format-standard","has-post-thumbnail","hentry","category-politica","tag-clases","tag-kicillof","tag-vacunacion"],"jetpack_publicize_connections":[],"jetpack_featured_media_url":"https:\/\/revistaepocadigital.com.ar\/wp-content\/uploads\/2021\/02\/kici-neochea-21.jpg","jetpack_likes_enabled":true,"_links":{"self":[{"href":"https:\/\/revistaepocadigital.com.ar\/index.php?rest_route=\/wp\/v2\/posts\/9187","targetHints":{"allow":["GET"]}}],"collection":[{"href":"https:\/\/revistaepocadigital.com.ar\/index.php?rest_route=\/wp\/v2\/posts"}],"about":[{"href":"https:\/\/revistaepocadigital.com.ar\/index.php?rest_route=\/wp\/v2\/types\/post"}],"author":[{"embeddable":true,"href":"https:\/\/revistaepocadigital.com.ar\/index.php?rest_route=\/wp\/v2\/users\/3"}],"replies":[{"embeddable":true,"href":"https:\/\/revistaepocadigital.com.ar\/index.php?rest_route=%2Fwp%2Fv2%2Fcomments&post=9187"}],"version-history":[{"count":0,"href":"https:\/\/revistaepocadigital.com.ar\/index.php?rest_route=\/wp\/v2\/posts\/9187\/revisions"}],"wp:featuredmedia":[{"embeddable":true,"href":"https:\/\/revistaepocadigital.com.ar\/index.php?rest_route=\/wp\/v2\/media\/9190"}],"wp:attachment":[{"href":"https:\/\/revistaepocadigital.com.ar\/index.php?rest_route=%2Fwp%2Fv2%2Fmedia&parent=9187"}],"wp:term":[{"taxonomy":"category","embeddable":true,"href":"https:\/\/revistaepocadigital.com.ar\/index.php?rest_route=%2Fwp%2Fv2%2Fcategories&post=9187"},{"taxonomy":"post_tag","embeddable":true,"href":"https:\/\/revistaepocadigital.com.ar\/index.php?rest_route=%2Fwp%2Fv2%2Ftags&post=9187"}],"curies":[{"name":"wp","href":"https:\/\/api.w.org\/{rel}","templated":true}]}}