{"id":9195,"date":"2021-02-24T15:25:29","date_gmt":"2021-02-24T18:25:29","guid":{"rendered":"https:\/\/revistaepocadigital.com.ar\/?p=9195"},"modified":"2021-02-24T15:25:29","modified_gmt":"2021-02-24T18:25:29","slug":"jorge-agnese-se-fue-un-hombre-con-convicciones","status":"publish","type":"post","link":"https:\/\/revistaepocadigital.com.ar\/?p=9195","title":{"rendered":"Jorge Agnese, se fue un hombre con convicciones"},"content":{"rendered":"<div class=\"\" dir=\"auto\">\n<div id=\"jsc_c_f\" class=\"ecm0bbzt hv4rvrfc ihqw7lf3 dati1w0a\" data-ad-comet-preview=\"message\" data-ad-preview=\"message\">\n<div class=\"j83agx80 cbu4d94t ew0dbk1b irj2b8pg\">\n<div class=\"qzhwtbm6 knvmm38d\">\n<div class=\"kvgmc6g5 cxmmr5t8 oygrvhab hcukyx3x c1et5uql ii04i59q\">\n<div dir=\"auto\"><strong>HA FALLECIDO.<!--more--><\/strong><\/div>\n<div dir=\"auto\"><\/div>\n<div dir=\"auto\">Jorge Ra\u00fal Agnese se hab\u00eda afincado junto a su familia en Exaltaci\u00f3n de la Cruz, en el Barrio Parque Sakura, hace muchos a\u00f1os. Hombre de los medios, comprometido con el pa\u00eds, volc\u00f3 su impronta period\u00edstica en la Revista El Vigia de Exaltaci\u00f3n, publicaci\u00f3n que cre\u00f3 e impulso.<\/div>\n<div dir=\"auto\"><\/div>\n<div dir=\"auto\">Muy abocado al quehacer exaltacruce\u00f1o, Agnese, volc\u00f3 en las p\u00e1ginas de El Vigia informaciones y notas de opini\u00f3n con la colaboraci\u00f3n de su incondicional esposa Susana Borel, su esposa. Arraigado a Exaltaci\u00f3n, Jorge Agnese deja su valioso aporte a la comunidad. QEPD.<\/div>\n<\/div>\n<\/div>\n<\/div>\n<\/div>\n<\/div>\n<p>&nbsp;<\/p>\n","protected":false},"excerpt":{"rendered":"<p>HA FALLECIDO.<\/p>\n","protected":false},"author":4,"featured_media":9200,"comment_status":"open","ping_status":"open","sticky":false,"template":"","format":"standard","meta":{"footnotes":"","jetpack_publicize_message":"","jetpack_publicize_feature_enabled":true,"jetpack_social_post_already_shared":false,"jetpack_social_options":{"image_generator_settings":{"template":"highway","default_image_id":0,"font":"","enabled":false},"version":2}},"categories":[6],"tags":[1232,405],"class_list":["post-9195","post","type-post","status-publish","format-standard","has-post-thumbnail","hentry","category-barrios","tag-agnese","tag-fallecimiento"],"jetpack_publicize_connections":[],"jetpack_featured_media_url":"https:\/\/revistaepocadigital.com.ar\/wp-content\/uploads\/2021\/02\/agnese.jpg","jetpack_likes_enabled":true,"_links":{"self":[{"href":"https:\/\/revistaepocadigital.com.ar\/index.php?rest_route=\/wp\/v2\/posts\/9195","targetHints":{"allow":["GET"]}}],"collection":[{"href":"https:\/\/revistaepocadigital.com.ar\/index.php?rest_route=\/wp\/v2\/posts"}],"about":[{"href":"https:\/\/revistaepocadigital.com.ar\/index.php?rest_route=\/wp\/v2\/types\/post"}],"author":[{"embeddable":true,"href":"https:\/\/revistaepocadigital.com.ar\/index.php?rest_route=\/wp\/v2\/users\/4"}],"replies":[{"embeddable":true,"href":"https:\/\/revistaepocadigital.com.ar\/index.php?rest_route=%2Fwp%2Fv2%2Fcomments&post=9195"}],"version-history":[{"count":0,"href":"https:\/\/revistaepocadigital.com.ar\/index.php?rest_route=\/wp\/v2\/posts\/9195\/revisions"}],"wp:featuredmedia":[{"embeddable":true,"href":"https:\/\/revistaepocadigital.com.ar\/index.php?rest_route=\/wp\/v2\/media\/9200"}],"wp:attachment":[{"href":"https:\/\/revistaepocadigital.com.ar\/index.php?rest_route=%2Fwp%2Fv2%2Fmedia&parent=9195"}],"wp:term":[{"taxonomy":"category","embeddable":true,"href":"https:\/\/revistaepocadigital.com.ar\/index.php?rest_route=%2Fwp%2Fv2%2Fcategories&post=9195"},{"taxonomy":"post_tag","embeddable":true,"href":"https:\/\/revistaepocadigital.com.ar\/index.php?rest_route=%2Fwp%2Fv2%2Ftags&post=9195"}],"curies":[{"name":"wp","href":"https:\/\/api.w.org\/{rel}","templated":true}]}}