{"id":9214,"date":"2021-03-27T16:49:04","date_gmt":"2021-03-27T19:49:04","guid":{"rendered":"https:\/\/revistaepocadigital.com.ar\/?p=9214"},"modified":"2021-04-01T00:10:17","modified_gmt":"2021-04-01T03:10:17","slug":"asociacion-cooperadora-instituto-jose-manuel-estrada-asamblea-general-ordinaria","status":"publish","type":"post","link":"https:\/\/revistaepocadigital.com.ar\/?p=9214","title":{"rendered":"ASOCIACION COOPERADORA INSTITUTO JOS\u00c9 MANUEL ESTRADA. ASAMBLEA GENERAL ORDINARIA"},"content":{"rendered":"<h5 style=\"text-align: center;\">ASOCIACI\u00d3N COOPERADORA DEL INSTITUTO JOSE MANUEL ESTRADA<\/h5>\n<h5 style=\"text-align: center;\">DE CAPILLA DEL SE\u00d1OR.<\/h5>\n<p style=\"text-align: center;\">-Mateo\u00a0 S. Casco 637, Capilla del Se\u00f1or-<\/p>\n<p><!--more--><\/p>\n<p style=\"text-align: center;\"><span style=\"text-align: center; font-weight: 700 !important;\">Asamblea General Ordinaria<\/span><\/p>\n<p>&nbsp;<\/p>\n<p>Ll\u00e1mese a Asamblea General Ordinaria para el 31 de Marzo de 2021, a las 20,30 horas, en primera convocatoria y 21 horas en segunda convocatoria, a realizarse en nuestra sede social de Mateo S. Casco 637 de Capilla del Se\u00f1or, a efectos de tratar el siguiente:<\/p>\n<h3 style=\"text-align: center;\">Orden del D\u00eda<\/h3>\n<ul>\n<li>Elecci\u00f3n de dos (2) Asamble\u00edstas para la firma del Acta.<\/li>\n<\/ul>\n<p>&nbsp;<\/p>\n<ul>\n<li>Lectura y Consideraci\u00f3n de la Memoria y Balance General, Cuadro de Perdidas y Ganancias e Informe de Comisi\u00f3n Revisora de Cuentas por los Ejercicios finalizados el 31\/12\/2019 y el 31\/12\/2020<\/li>\n<\/ul>\n<p>&nbsp;<\/p>\n<ul>\n<li>Designaci\u00f3n de Junta Escrutadora, compuesta por tres (3) miembros.<\/li>\n<\/ul>\n<p>&nbsp;<\/p>\n<ul>\n<li>Elecci\u00f3n de los siguientes cargos de la Comisi\u00f3n Directiva por dos (2) a\u00f1os<\/li>\n<\/ul>\n<p>&#8211; Presidente<\/p>\n<p>&#8211; Vicepresidente<\/p>\n<p>&#8211; Secretario<\/p>\n<p>&#8211; Pro-secretario<\/p>\n<p>-Tesorero<\/p>\n<p>-Pro-tesorero<\/p>\n<p>&nbsp;<\/p>\n<p>5-\u00a0\u00a0 Elecci\u00f3n de la Comisi\u00f3n Revisora de Cuentas: 3 Revisores de Cuentas Titulares por un (1) a\u00f1o.<\/p>\n<p>Un Revisor de Cuentas Suplente por un (1) a\u00f1o.<\/p>\n<p>&nbsp;<\/p>\n<p>Para participar de la Asamblea los socios deber\u00e1n encontrarse dentro de las condiciones que marca el art. 35\u00ba de nuestro Estatuto.<\/p>\n<p>&nbsp;<\/p>\n<p>Griselda Malvicino\u00a0\u00a0\u00a0\u00a0\u00a0\u00a0\u00a0\u00a0\u00a0\u00a0\u00a0\u00a0\u00a0\u00a0\u00a0\u00a0\u00a0\u00a0\u00a0\u00a0\u00a0\u00a0 \u00a0\u00a0\u00a0\u00a0\u00a0\u00a0\u00a0\u00a0\u00a0\u00a0\u00a0\u00a0\u00a0\u00a0\u00a0\u00a0\u00a0\u00a0\u00a0\u00a0\u00a0\u00a0\u00a0\u00a0\u00a0\u00a0\u00a0\u00a0\u00a0\u00a0\u00a0\u00a0Mar\u00eda del Carmen Jatar<\/p>\n<p>Secretaria\u00a0\u00a0\u00a0\u00a0\u00a0\u00a0\u00a0\u00a0\u00a0\u00a0\u00a0\u00a0\u00a0\u00a0\u00a0\u00a0\u00a0\u00a0\u00a0\u00a0\u00a0\u00a0\u00a0\u00a0\u00a0\u00a0\u00a0\u00a0\u00a0\u00a0\u00a0\u00a0\u00a0\u00a0\u00a0\u00a0\u00a0\u00a0\u00a0\u00a0\u00a0\u00a0\u00a0\u00a0\u00a0\u00a0\u00a0\u00a0\u00a0\u00a0\u00a0\u00a0\u00a0\u00a0\u00a0\u00a0\u00a0\u00a0\u00a0\u00a0\u00a0\u00a0\u00a0\u00a0\u00a0\u00a0\u00a0 Presidente<\/p>\n","protected":false},"excerpt":{"rendered":"<p>ASOCIACI\u00d3N COOPERADORA DEL INSTITUTO JOSE MANUEL ESTRADA DE CAPILLA DEL SE\u00d1OR. -Mateo\u00a0 S. Casco 637, Capilla del Se\u00f1or-<\/p>\n","protected":false},"author":3,"featured_media":9217,"comment_status":"open","ping_status":"open","sticky":false,"template":"","format":"standard","meta":{"footnotes":"","jetpack_publicize_message":"","jetpack_publicize_feature_enabled":true,"jetpack_social_post_already_shared":false,"jetpack_social_options":{"image_generator_settings":{"template":"highway","default_image_id":0,"font":"","enabled":false},"version":2}},"categories":[11],"tags":[237,436,1234],"class_list":["post-9214","post","type-post","status-publish","format-standard","has-post-thumbnail","hentry","category-entidades","tag-asamblea","tag-cooperadora","tag-jose-manuel-estrada"],"jetpack_publicize_connections":[],"jetpack_featured_media_url":"https:\/\/revistaepocadigital.com.ar\/wp-content\/uploads\/2021\/02\/1071437-instituto-jose-manuel-estrada-sala-de-espera.jpg","jetpack_likes_enabled":true,"_links":{"self":[{"href":"https:\/\/revistaepocadigital.com.ar\/index.php?rest_route=\/wp\/v2\/posts\/9214","targetHints":{"allow":["GET"]}}],"collection":[{"href":"https:\/\/revistaepocadigital.com.ar\/index.php?rest_route=\/wp\/v2\/posts"}],"about":[{"href":"https:\/\/revistaepocadigital.com.ar\/index.php?rest_route=\/wp\/v2\/types\/post"}],"author":[{"embeddable":true,"href":"https:\/\/revistaepocadigital.com.ar\/index.php?rest_route=\/wp\/v2\/users\/3"}],"replies":[{"embeddable":true,"href":"https:\/\/revistaepocadigital.com.ar\/index.php?rest_route=%2Fwp%2Fv2%2Fcomments&post=9214"}],"version-history":[{"count":0,"href":"https:\/\/revistaepocadigital.com.ar\/index.php?rest_route=\/wp\/v2\/posts\/9214\/revisions"}],"wp:featuredmedia":[{"embeddable":true,"href":"https:\/\/revistaepocadigital.com.ar\/index.php?rest_route=\/wp\/v2\/media\/9217"}],"wp:attachment":[{"href":"https:\/\/revistaepocadigital.com.ar\/index.php?rest_route=%2Fwp%2Fv2%2Fmedia&parent=9214"}],"wp:term":[{"taxonomy":"category","embeddable":true,"href":"https:\/\/revistaepocadigital.com.ar\/index.php?rest_route=%2Fwp%2Fv2%2Fcategories&post=9214"},{"taxonomy":"post_tag","embeddable":true,"href":"https:\/\/revistaepocadigital.com.ar\/index.php?rest_route=%2Fwp%2Fv2%2Ftags&post=9214"}],"curies":[{"name":"wp","href":"https:\/\/api.w.org\/{rel}","templated":true}]}}